{"id":7453,"date":"2026-08-26T16:20:51","date_gmt":"2026-08-26T14:20:51","guid":{"rendered":"https:\/\/prawdajestciekawa.pl\/?p=7453"},"modified":"2026-08-26T16:20:51","modified_gmt":"2026-08-26T14:20:51","slug":"prawda-jest-ciekawa-nr-93-379","status":"publish","type":"post","link":"https:\/\/prawdajestciekawa.pl\/?p=7453","title":{"rendered":"Prawda jest ciekawa nr 93 (379)"},"content":{"rendered":"<ul class=\"wp-block-latest-posts__list has-author wp-block-latest-posts is-layout-flow wp-block-latest-posts-is-layout-flow\"><li><div class=\"wp-block-latest-posts__featured-image\"><img loading=\"lazy\" decoding=\"async\" width=\"750\" height=\"501\" src=\"https:\/\/prawdajestciekawa.pl\/wp-content\/uploads\/2026\/08\/Prezydent_014_Prezydent_Karol_Nawrocki_rocznica_zaprzysiezenia_20260806_MWB19685-1024x684.jpg\" class=\"attachment-large size-large wp-post-image\" alt=\"\" style=\"width:100%;height:66.75%;max-width:1200px;\" srcset=\"https:\/\/prawdajestciekawa.pl\/wp-content\/uploads\/2026\/08\/Prezydent_014_Prezydent_Karol_Nawrocki_rocznica_zaprzysiezenia_20260806_MWB19685-1024x684.jpg 1024w, https:\/\/prawdajestciekawa.pl\/wp-content\/uploads\/2026\/08\/Prezydent_014_Prezydent_Karol_Nawrocki_rocznica_zaprzysiezenia_20260806_MWB19685-300x200.jpg 300w, https:\/\/prawdajestciekawa.pl\/wp-content\/uploads\/2026\/08\/Prezydent_014_Prezydent_Karol_Nawrocki_rocznica_zaprzysiezenia_20260806_MWB19685-768x513.jpg 768w, https:\/\/prawdajestciekawa.pl\/wp-content\/uploads\/2026\/08\/Prezydent_014_Prezydent_Karol_Nawrocki_rocznica_zaprzysiezenia_20260806_MWB19685-450x300.jpg 450w, https:\/\/prawdajestciekawa.pl\/wp-content\/uploads\/2026\/08\/Prezydent_014_Prezydent_Karol_Nawrocki_rocznica_zaprzysiezenia_20260806_MWB19685-600x401.jpg 600w, https:\/\/prawdajestciekawa.pl\/wp-content\/uploads\/2026\/08\/Prezydent_014_Prezydent_Karol_Nawrocki_rocznica_zaprzysiezenia_20260806_MWB19685.jpg 1200w\" sizes=\"auto, (max-width: 750px) 100vw, 750px\" \/><\/div><a class=\"wp-block-latest-posts__post-title\" href=\"https:\/\/prawdajestciekawa.pl\/?p=7444\">Budujmy Polsk\u0119 odpowiedzialn\u0105, siln\u0105, bezpieczn\u0105<\/a><div class=\"wp-block-latest-posts__post-author\">przez Redakcja PJC<\/div><div class=\"wp-block-latest-posts__post-excerpt\">Pa\u0142ac Prezydencki 6.08.2026 Moi Kochani, Moi Drodzy Rodacy, przede wszystkim bardzo si\u0119 ciesz\u0119, \u017ce w rok od zaprzysi\u0119\u017cenia jeste\u015bcie tutaj ze swoim Prezydentem, w naszym&hellip; <a class=\"more-link\" href=\"https:\/\/prawdajestciekawa.pl\/?p=7444\">Czytaj dalej <span class=\"screen-reader-text\">Budujmy Polsk\u0119 odpowiedzialn\u0105, siln\u0105, bezpieczn\u0105<\/span><\/a><\/div><\/li>\n<li><div class=\"wp-block-latest-posts__featured-image\"><img loading=\"lazy\" decoding=\"async\" width=\"750\" height=\"563\" src=\"https:\/\/prawdajestciekawa.pl\/wp-content\/uploads\/2026\/08\/WhatsApp-Image-2026-08-15-at-01.43-32-1024x768.jpg\" class=\"attachment-large size-large wp-post-image\" alt=\"\" style=\"width:100%;height:75%;max-width:1200px;\" srcset=\"https:\/\/prawdajestciekawa.pl\/wp-content\/uploads\/2026\/08\/WhatsApp-Image-2026-08-15-at-01.43-32-1024x768.jpg 1024w, https:\/\/prawdajestciekawa.pl\/wp-content\/uploads\/2026\/08\/WhatsApp-Image-2026-08-15-at-01.43-32-300x225.jpg 300w, https:\/\/prawdajestciekawa.pl\/wp-content\/uploads\/2026\/08\/WhatsApp-Image-2026-08-15-at-01.43-32-768x576.jpg 768w, https:\/\/prawdajestciekawa.pl\/wp-content\/uploads\/2026\/08\/WhatsApp-Image-2026-08-15-at-01.43-32-450x338.jpg 450w, https:\/\/prawdajestciekawa.pl\/wp-content\/uploads\/2026\/08\/WhatsApp-Image-2026-08-15-at-01.43-32-600x450.jpg 600w, https:\/\/prawdajestciekawa.pl\/wp-content\/uploads\/2026\/08\/WhatsApp-Image-2026-08-15-at-01.43-32.jpg 1200w\" sizes=\"auto, (max-width: 750px) 100vw, 750px\" \/><\/div><a class=\"wp-block-latest-posts__post-title\" href=\"https:\/\/prawdajestciekawa.pl\/?p=7432\">Ma\u0142a Warszawa ale Wielka Polska<\/a><div class=\"wp-block-latest-posts__post-author\">przez Redakcja PJC<\/div><div class=\"wp-block-latest-posts__post-excerpt\">Piknik Idei 31.07.2026 W \u015brodku wakacji, w upalny pi\u0105tkowy dzie\u0144 tysi\u0105ce ludzi przysz\u0142o pos\u0142ucha\u0107, podyskutowa\u0107 i pomy\u015ble\u0107 nad przysz\u0142o\u015bci\u0105 Polski i perspektywach jej rozwoju. Wydarzenie&hellip; <a class=\"more-link\" href=\"https:\/\/prawdajestciekawa.pl\/?p=7432\">Czytaj dalej <span class=\"screen-reader-text\">Ma\u0142a Warszawa ale Wielka Polska<\/span><\/a><\/div><\/li>\n<li><div class=\"wp-block-latest-posts__featured-image\"><img loading=\"lazy\" decoding=\"async\" width=\"750\" height=\"563\" src=\"https:\/\/prawdajestciekawa.pl\/wp-content\/uploads\/2026\/08\/WhatsApp-Image-2026-08-15-at-01.18-6-1024x768.jpg\" class=\"attachment-large size-large wp-post-image\" alt=\"\" style=\"width:100%;height:75%;max-width:1200px;\" srcset=\"https:\/\/prawdajestciekawa.pl\/wp-content\/uploads\/2026\/08\/WhatsApp-Image-2026-08-15-at-01.18-6-1024x768.jpg 1024w, https:\/\/prawdajestciekawa.pl\/wp-content\/uploads\/2026\/08\/WhatsApp-Image-2026-08-15-at-01.18-6-300x225.jpg 300w, https:\/\/prawdajestciekawa.pl\/wp-content\/uploads\/2026\/08\/WhatsApp-Image-2026-08-15-at-01.18-6-768x576.jpg 768w, https:\/\/prawdajestciekawa.pl\/wp-content\/uploads\/2026\/08\/WhatsApp-Image-2026-08-15-at-01.18-6-450x338.jpg 450w, https:\/\/prawdajestciekawa.pl\/wp-content\/uploads\/2026\/08\/WhatsApp-Image-2026-08-15-at-01.18-6-600x450.jpg 600w, https:\/\/prawdajestciekawa.pl\/wp-content\/uploads\/2026\/08\/WhatsApp-Image-2026-08-15-at-01.18-6.jpg 1200w\" sizes=\"auto, (max-width: 750px) 100vw, 750px\" \/><\/div><a class=\"wp-block-latest-posts__post-title\" href=\"https:\/\/prawdajestciekawa.pl\/?p=7411\">Ambicja plus to\u017csamo\u015b\u0107<\/a><div class=\"wp-block-latest-posts__post-author\">przez Mateusz Morawiecki<\/div><div class=\"wp-block-latest-posts__post-excerpt\">Jagodno we Wroc\u0142awiu 7.08.2026 Szanowni Pa\u0144stwo! W\u0142adza to jest program, to jest plan, to jest mi\u0142o\u015b\u0107 do ojczyzny i to jest ci\u0119\u017cka praca. I dlatego&hellip; <a class=\"more-link\" href=\"https:\/\/prawdajestciekawa.pl\/?p=7411\">Czytaj dalej <span class=\"screen-reader-text\">Ambicja plus to\u017csamo\u015b\u0107<\/span><\/a><\/div><\/li>\n<li><div class=\"wp-block-latest-posts__featured-image\"><img loading=\"lazy\" decoding=\"async\" width=\"750\" height=\"449\" src=\"https:\/\/prawdajestciekawa.pl\/wp-content\/uploads\/2026\/08\/Grafika_Cezary-Krysztopa_zacmienie-1024x613.jpg\" class=\"attachment-large size-large wp-post-image\" alt=\"\" style=\"width:100%;height:59.83%;max-width:1200px;\" srcset=\"https:\/\/prawdajestciekawa.pl\/wp-content\/uploads\/2026\/08\/Grafika_Cezary-Krysztopa_zacmienie-1024x613.jpg 1024w, https:\/\/prawdajestciekawa.pl\/wp-content\/uploads\/2026\/08\/Grafika_Cezary-Krysztopa_zacmienie-300x180.jpg 300w, https:\/\/prawdajestciekawa.pl\/wp-content\/uploads\/2026\/08\/Grafika_Cezary-Krysztopa_zacmienie-768x460.jpg 768w, https:\/\/prawdajestciekawa.pl\/wp-content\/uploads\/2026\/08\/Grafika_Cezary-Krysztopa_zacmienie-450x269.jpg 450w, https:\/\/prawdajestciekawa.pl\/wp-content\/uploads\/2026\/08\/Grafika_Cezary-Krysztopa_zacmienie-600x359.jpg 600w, https:\/\/prawdajestciekawa.pl\/wp-content\/uploads\/2026\/08\/Grafika_Cezary-Krysztopa_zacmienie.jpg 1200w\" sizes=\"auto, (max-width: 750px) 100vw, 750px\" \/><\/div><a class=\"wp-block-latest-posts__post-title\" href=\"https:\/\/prawdajestciekawa.pl\/?p=7408\">Mo\u017ce by\u0107 gorzej<\/a><div class=\"wp-block-latest-posts__post-author\">przez Jerzy Pawlas<\/div><div class=\"wp-block-latest-posts__post-excerpt\">Jak na razie administracja 13 grudnia jest na dobrej drodze, by zdystansowa\u0107 rz\u0105dy \u201epierwszego Tuska\u201d, wobec czego elektorat nie protestuje. Mo\u017cna by\u0142o wybra\u0107 na prezydenta&hellip; <a class=\"more-link\" href=\"https:\/\/prawdajestciekawa.pl\/?p=7408\">Czytaj dalej <span class=\"screen-reader-text\">Mo\u017ce by\u0107 gorzej<\/span><\/a><\/div><\/li>\n<li><div class=\"wp-block-latest-posts__featured-image\"><img loading=\"lazy\" decoding=\"async\" width=\"750\" height=\"382\" src=\"https:\/\/prawdajestciekawa.pl\/wp-content\/uploads\/2026\/08\/P1-1024x521.jpg\" class=\"attachment-large size-large wp-post-image\" alt=\"\" style=\"width:100%;height:50.92%;max-width:1200px;\" srcset=\"https:\/\/prawdajestciekawa.pl\/wp-content\/uploads\/2026\/08\/P1-1024x521.jpg 1024w, https:\/\/prawdajestciekawa.pl\/wp-content\/uploads\/2026\/08\/P1-300x153.jpg 300w, https:\/\/prawdajestciekawa.pl\/wp-content\/uploads\/2026\/08\/P1-768x391.jpg 768w, https:\/\/prawdajestciekawa.pl\/wp-content\/uploads\/2026\/08\/P1-450x229.jpg 450w, https:\/\/prawdajestciekawa.pl\/wp-content\/uploads\/2026\/08\/P1-600x306.jpg 600w, https:\/\/prawdajestciekawa.pl\/wp-content\/uploads\/2026\/08\/P1.jpg 1200w\" sizes=\"auto, (max-width: 750px) 100vw, 750px\" \/><\/div><a class=\"wp-block-latest-posts__post-title\" href=\"https:\/\/prawdajestciekawa.pl\/?p=7402\">Zapomniany Prezydent<\/a><div class=\"wp-block-latest-posts__post-author\">przez Piotr Gaglik<\/div><div class=\"wp-block-latest-posts__post-excerpt\">Niemal dok\u0142adnie rok przed Cudem nad Wis\u0142\u0105, 14 sierpnia 1919 roku, polskie dzieci \u2013 sporo z nich maszeruj\u0105c boso przed \u201ecudotw\u00f3rc\u0105\u201d Herbertem C. Hooverem \u2013&hellip; <a class=\"more-link\" href=\"https:\/\/prawdajestciekawa.pl\/?p=7402\">Czytaj dalej <span class=\"screen-reader-text\">Zapomniany Prezydent<\/span><\/a><\/div><\/li>\n<li><div class=\"wp-block-latest-posts__featured-image\"><img loading=\"lazy\" decoding=\"async\" width=\"750\" height=\"992\" src=\"https:\/\/prawdajestciekawa.pl\/wp-content\/uploads\/2026\/08\/S-2-774x1024.jpg\" class=\"attachment-large size-large wp-post-image\" alt=\"\" style=\"width:100%;height:132.22%;max-width:900px;\" srcset=\"https:\/\/prawdajestciekawa.pl\/wp-content\/uploads\/2026\/08\/S-2-774x1024.jpg 774w, https:\/\/prawdajestciekawa.pl\/wp-content\/uploads\/2026\/08\/S-2-227x300.jpg 227w, https:\/\/prawdajestciekawa.pl\/wp-content\/uploads\/2026\/08\/S-2-768x1015.jpg 768w, https:\/\/prawdajestciekawa.pl\/wp-content\/uploads\/2026\/08\/S-2-450x595.jpg 450w, https:\/\/prawdajestciekawa.pl\/wp-content\/uploads\/2026\/08\/S-2-600x793.jpg 600w, https:\/\/prawdajestciekawa.pl\/wp-content\/uploads\/2026\/08\/S-2.jpg 900w\" sizes=\"auto, (max-width: 750px) 100vw, 750px\" \/><\/div><a class=\"wp-block-latest-posts__post-title\" href=\"https:\/\/prawdajestciekawa.pl\/?p=7399\">Listy od Czytelnik\u00f3w<\/a><div class=\"wp-block-latest-posts__post-author\">przez Stanis\u0142aw Srokowski<\/div><div class=\"wp-block-latest-posts__post-excerpt\">Drodzy Czytelnicy! Ka\u017cdy numer PJC przynosi du\u017c\u0105 dawk\u0119 interesuj\u0105cych materia\u0142\u00f3w. To s\u0105 artyku\u0142y, felietony, szkice publicystyczne, noty dziennikarskie, wspomnienia, czasami literatura pi\u0119kna, wiersze i opowiadania.&hellip; <a class=\"more-link\" href=\"https:\/\/prawdajestciekawa.pl\/?p=7399\">Czytaj dalej <span class=\"screen-reader-text\">Listy od Czytelnik\u00f3w<\/span><\/a><\/div><\/li>\n<li><a class=\"wp-block-latest-posts__post-title\" href=\"https:\/\/prawdajestciekawa.pl\/?p=7397\">O deportacjach, czyli tylko prawda jest ciekawa<\/a><div class=\"wp-block-latest-posts__post-author\">przez Ryszard Czarnecki<\/div><div class=\"wp-block-latest-posts__post-excerpt\">Jestem d\u0142ugo w polityce i rozumiem \u2013 my\u015bl\u0119 \u2013 o co w niej chodzi. Znam te\u017c stare ameryka\u0144skie powiedzenie ze \u015bwiata polityki, i\u017c kampania wyborcza&hellip; <a class=\"more-link\" href=\"https:\/\/prawdajestciekawa.pl\/?p=7397\">Czytaj dalej <span class=\"screen-reader-text\">O deportacjach, czyli tylko prawda jest ciekawa<\/span><\/a><\/div><\/li>\n<li><div class=\"wp-block-latest-posts__featured-image\"><img loading=\"lazy\" decoding=\"async\" width=\"683\" height=\"1024\" src=\"https:\/\/prawdajestciekawa.pl\/wp-content\/uploads\/2026\/08\/S1-683x1024.jpg\" class=\"attachment-large size-large wp-post-image\" alt=\"\" style=\"width:100%;height:150%;max-width:1200px;\" srcset=\"https:\/\/prawdajestciekawa.pl\/wp-content\/uploads\/2026\/08\/S1-683x1024.jpg 683w, https:\/\/prawdajestciekawa.pl\/wp-content\/uploads\/2026\/08\/S1-200x300.jpg 200w, https:\/\/prawdajestciekawa.pl\/wp-content\/uploads\/2026\/08\/S1-768x1152.jpg 768w, https:\/\/prawdajestciekawa.pl\/wp-content\/uploads\/2026\/08\/S1-1024x1536.jpg 1024w, https:\/\/prawdajestciekawa.pl\/wp-content\/uploads\/2026\/08\/S1-450x675.jpg 450w, https:\/\/prawdajestciekawa.pl\/wp-content\/uploads\/2026\/08\/S1-600x900.jpg 600w, https:\/\/prawdajestciekawa.pl\/wp-content\/uploads\/2026\/08\/S1.jpg 1200w\" sizes=\"auto, (max-width: 683px) 100vw, 683px\" \/><\/div><a class=\"wp-block-latest-posts__post-title\" href=\"https:\/\/prawdajestciekawa.pl\/?p=7394\">JAKUB FORNAGIEL<\/a><div class=\"wp-block-latest-posts__post-author\">przez Stanis\u0142aw Srokowski<\/div><div class=\"wp-block-latest-posts__post-excerpt\">Jakub Fornagiel bra\u0142 kilkakrotnie udzia\u0142 w naszych konkursach literackich. Zdobywa\u0142 nagrody, przede wszystkim jako poeta. Przedstawiamy jego nowe wiersze, pe\u0142ne rozterek, l\u0119k\u00f3w i niepokoju. Zapewne&hellip; <a class=\"more-link\" href=\"https:\/\/prawdajestciekawa.pl\/?p=7394\">Czytaj dalej <span class=\"screen-reader-text\">JAKUB FORNAGIEL<\/span><\/a><\/div><\/li>\n<li><div class=\"wp-block-latest-posts__featured-image\"><img loading=\"lazy\" decoding=\"async\" width=\"741\" height=\"1024\" src=\"https:\/\/prawdajestciekawa.pl\/wp-content\/uploads\/2026\/08\/M4-741x1024.jpg\" class=\"attachment-large size-large wp-post-image\" alt=\"\" style=\"width:100%;height:138.25%;max-width:1200px;\" srcset=\"https:\/\/prawdajestciekawa.pl\/wp-content\/uploads\/2026\/08\/M4-741x1024.jpg 741w, https:\/\/prawdajestciekawa.pl\/wp-content\/uploads\/2026\/08\/M4-217x300.jpg 217w, https:\/\/prawdajestciekawa.pl\/wp-content\/uploads\/2026\/08\/M4-768x1062.jpg 768w, https:\/\/prawdajestciekawa.pl\/wp-content\/uploads\/2026\/08\/M4-1111x1536.jpg 1111w, https:\/\/prawdajestciekawa.pl\/wp-content\/uploads\/2026\/08\/M4-450x622.jpg 450w, https:\/\/prawdajestciekawa.pl\/wp-content\/uploads\/2026\/08\/M4-600x830.jpg 600w, https:\/\/prawdajestciekawa.pl\/wp-content\/uploads\/2026\/08\/M4.jpg 1200w\" sizes=\"auto, (max-width: 741px) 100vw, 741px\" \/><\/div><a class=\"wp-block-latest-posts__post-title\" href=\"https:\/\/prawdajestciekawa.pl\/?p=7389\">Raport realizacji CPK 7 sierpnia 2026<\/a><div class=\"wp-block-latest-posts__post-author\">przez Maciej Roman\u00f3w<\/div><div class=\"wp-block-latest-posts__post-excerpt\">L\u0105dowy lotniskowiec wschodniej flanki W systemie bezpiecze\u0144stwa redundancja jest polis\u0105 ubezpieczeniow\u0105. 24 lutego 2022 roku powinien by\u0107 dla Polski cezur\u0105 nie tylko w my\u015bleniu o&hellip; <a class=\"more-link\" href=\"https:\/\/prawdajestciekawa.pl\/?p=7389\">Czytaj dalej <span class=\"screen-reader-text\">Raport realizacji CPK 7 sierpnia 2026<\/span><\/a><\/div><\/li>\n<li><div class=\"wp-block-latest-posts__featured-image\"><img loading=\"lazy\" decoding=\"async\" width=\"750\" height=\"563\" src=\"https:\/\/prawdajestciekawa.pl\/wp-content\/uploads\/2026\/08\/PMM_z-Kaczynskim-2018-1024x768.jpg\" class=\"attachment-large size-large wp-post-image\" alt=\"\" style=\"width:100%;height:75%;max-width:1200px;\" srcset=\"https:\/\/prawdajestciekawa.pl\/wp-content\/uploads\/2026\/08\/PMM_z-Kaczynskim-2018-1024x768.jpg 1024w, https:\/\/prawdajestciekawa.pl\/wp-content\/uploads\/2026\/08\/PMM_z-Kaczynskim-2018-300x225.jpg 300w, https:\/\/prawdajestciekawa.pl\/wp-content\/uploads\/2026\/08\/PMM_z-Kaczynskim-2018-768x576.jpg 768w, https:\/\/prawdajestciekawa.pl\/wp-content\/uploads\/2026\/08\/PMM_z-Kaczynskim-2018-450x338.jpg 450w, https:\/\/prawdajestciekawa.pl\/wp-content\/uploads\/2026\/08\/PMM_z-Kaczynskim-2018-600x450.jpg 600w, https:\/\/prawdajestciekawa.pl\/wp-content\/uploads\/2026\/08\/PMM_z-Kaczynskim-2018.jpg 1200w\" sizes=\"auto, (max-width: 750px) 100vw, 750px\" \/><\/div><a class=\"wp-block-latest-posts__post-title\" href=\"https:\/\/prawdajestciekawa.pl\/?p=7386\">Polityka bez fobii<\/a><div class=\"wp-block-latest-posts__post-author\">przez Andrzej Bafalukosz<\/div><div class=\"wp-block-latest-posts__post-excerpt\">Kiedy w jednym ze swych wywiad\u00f3w Mateusz Morawiecki u\u017cy\u0142 okre\u015blenia \u201epyrrusowe zwyci\u0119stwo\u201d w odniesieniu do wybor\u00f3w z 2023 roku wygranych przez PiS (35,4%), lecz nieprzek\u0142adaj\u0105cych&hellip; <a class=\"more-link\" href=\"https:\/\/prawdajestciekawa.pl\/?p=7386\">Czytaj dalej <span class=\"screen-reader-text\">Polityka bez fobii<\/span><\/a><\/div><\/li>\n<li><div class=\"wp-block-latest-posts__featured-image\"><img loading=\"lazy\" decoding=\"async\" width=\"750\" height=\"500\" src=\"https:\/\/prawdajestciekawa.pl\/wp-content\/uploads\/2026\/08\/A3-1024x683.jpg\" class=\"attachment-large size-large wp-post-image\" alt=\"\" style=\"width:100%;height:66.67%;max-width:1200px;\" srcset=\"https:\/\/prawdajestciekawa.pl\/wp-content\/uploads\/2026\/08\/A3-1024x683.jpg 1024w, https:\/\/prawdajestciekawa.pl\/wp-content\/uploads\/2026\/08\/A3-300x200.jpg 300w, https:\/\/prawdajestciekawa.pl\/wp-content\/uploads\/2026\/08\/A3-768x512.jpg 768w, https:\/\/prawdajestciekawa.pl\/wp-content\/uploads\/2026\/08\/A3-450x300.jpg 450w, https:\/\/prawdajestciekawa.pl\/wp-content\/uploads\/2026\/08\/A3-600x400.jpg 600w, https:\/\/prawdajestciekawa.pl\/wp-content\/uploads\/2026\/08\/A3.jpg 1200w\" sizes=\"auto, (max-width: 750px) 100vw, 750px\" \/><\/div><a class=\"wp-block-latest-posts__post-title\" href=\"https:\/\/prawdajestciekawa.pl\/?p=7383\">Czy Naczelnik przesta\u0142 by\u0107 Naczelnikiem?<\/a><div class=\"wp-block-latest-posts__post-author\">przez Andrzej Manasterski<\/div><div class=\"wp-block-latest-posts__post-excerpt\">By\u0142 Naczelnikiem. Mia\u0142 ku temu wszelkie podstawy \u2013 zmys\u0142 polityczny, wytrwa\u0142o\u015b\u0107, sumienno\u015b\u0107, lata pracy nad tworzeniem swego wizerunku, ideowo\u015b\u0107. I to, co by\u0142o najwa\u017cniejsze \u2013&hellip; <a class=\"more-link\" href=\"https:\/\/prawdajestciekawa.pl\/?p=7383\">Czytaj dalej <span class=\"screen-reader-text\">Czy Naczelnik przesta\u0142 by\u0107 Naczelnikiem?<\/span><\/a><\/div><\/li>\n<li><div class=\"wp-block-latest-posts__featured-image\"><img loading=\"lazy\" decoding=\"async\" width=\"750\" height=\"500\" src=\"https:\/\/prawdajestciekawa.pl\/wp-content\/uploads\/2026\/08\/A.Knop_Sila-wiary-moc-wiedzy_Muzeum-Narodowe-w-Krakowie-fot.-A-1024x683.jpg\" class=\"attachment-large size-large wp-post-image\" alt=\"\" style=\"width:100%;height:66.67%;max-width:1200px;\" srcset=\"https:\/\/prawdajestciekawa.pl\/wp-content\/uploads\/2026\/08\/A.Knop_Sila-wiary-moc-wiedzy_Muzeum-Narodowe-w-Krakowie-fot.-A-1024x683.jpg 1024w, https:\/\/prawdajestciekawa.pl\/wp-content\/uploads\/2026\/08\/A.Knop_Sila-wiary-moc-wiedzy_Muzeum-Narodowe-w-Krakowie-fot.-A-300x200.jpg 300w, https:\/\/prawdajestciekawa.pl\/wp-content\/uploads\/2026\/08\/A.Knop_Sila-wiary-moc-wiedzy_Muzeum-Narodowe-w-Krakowie-fot.-A-768x512.jpg 768w, https:\/\/prawdajestciekawa.pl\/wp-content\/uploads\/2026\/08\/A.Knop_Sila-wiary-moc-wiedzy_Muzeum-Narodowe-w-Krakowie-fot.-A-450x300.jpg 450w, https:\/\/prawdajestciekawa.pl\/wp-content\/uploads\/2026\/08\/A.Knop_Sila-wiary-moc-wiedzy_Muzeum-Narodowe-w-Krakowie-fot.-A-600x400.jpg 600w, https:\/\/prawdajestciekawa.pl\/wp-content\/uploads\/2026\/08\/A.Knop_Sila-wiary-moc-wiedzy_Muzeum-Narodowe-w-Krakowie-fot.-A.jpg 1200w\" sizes=\"auto, (max-width: 750px) 100vw, 750px\" \/><\/div><a class=\"wp-block-latest-posts__post-title\" href=\"https:\/\/prawdajestciekawa.pl\/?p=7379\">Ochrona pacjenta czy ograniczenie wolno\u015bci wyboru?<\/a><div class=\"wp-block-latest-posts__post-author\">przez Anna Knop<\/div><div class=\"wp-block-latest-posts__post-excerpt\">Czy projekt nowelizacji okre\u015blany mianem \u201eLex Szarlatan\u201d realnie wp\u0142ynie na podniesienie poziomu bezpiecze\u0144stwa chorych? Bezpiecze\u0144stwo pacjenta jako priorytet Nadrz\u0119dna zasada, co do kt\u00f3rej panuje pe\u0142ny&hellip; <a class=\"more-link\" href=\"https:\/\/prawdajestciekawa.pl\/?p=7379\">Czytaj dalej <span class=\"screen-reader-text\">Ochrona pacjenta czy ograniczenie wolno\u015bci wyboru?<\/span><\/a><\/div><\/li>\n<li><a class=\"wp-block-latest-posts__post-title\" href=\"https:\/\/prawdajestciekawa.pl\/?p=7377\">Optymalizacja modelu opieki zdrowotnej<\/a><div class=\"wp-block-latest-posts__post-author\">przez Redakcja PJC<\/div><div class=\"wp-block-latest-posts__post-excerpt\">Integracja medycyny konwencjonalnej i funkcjonalnej w kontek\u015bcie wyzwa\u0144 strukturalnych oraz roli Rzecznika Praw Pacjenta Wsp\u00f3\u0142czesne systemy opieki zdrowotnej, oparte na paradygmacie medycyny konwencjonalnej (akademickiej), mierz\u0105&hellip; <a class=\"more-link\" href=\"https:\/\/prawdajestciekawa.pl\/?p=7377\">Czytaj dalej <span class=\"screen-reader-text\">Optymalizacja modelu opieki zdrowotnej<\/span><\/a><\/div><\/li>\n<li><div class=\"wp-block-latest-posts__featured-image\"><img loading=\"lazy\" decoding=\"async\" width=\"750\" height=\"450\" src=\"https:\/\/prawdajestciekawa.pl\/wp-content\/uploads\/2026\/08\/B1-1024x614.jpg\" class=\"attachment-large size-large wp-post-image\" alt=\"\" style=\"width:100%;height:60%;max-width:1200px;\" srcset=\"https:\/\/prawdajestciekawa.pl\/wp-content\/uploads\/2026\/08\/B1-1024x614.jpg 1024w, https:\/\/prawdajestciekawa.pl\/wp-content\/uploads\/2026\/08\/B1-300x180.jpg 300w, https:\/\/prawdajestciekawa.pl\/wp-content\/uploads\/2026\/08\/B1-768x461.jpg 768w, https:\/\/prawdajestciekawa.pl\/wp-content\/uploads\/2026\/08\/B1-450x270.jpg 450w, https:\/\/prawdajestciekawa.pl\/wp-content\/uploads\/2026\/08\/B1-600x360.jpg 600w, https:\/\/prawdajestciekawa.pl\/wp-content\/uploads\/2026\/08\/B1.jpg 1200w\" sizes=\"auto, (max-width: 750px) 100vw, 750px\" \/><\/div><a class=\"wp-block-latest-posts__post-title\" href=\"https:\/\/prawdajestciekawa.pl\/?p=7372\">My nie b\u0142agamy o wolno\u015b\u0107, my o ni\u0105 walczymy<\/a><div class=\"wp-block-latest-posts__post-author\">przez Beata Stragierowicz<\/div><div class=\"wp-block-latest-posts__post-excerpt\">Za t\u0119 wolno\u015b\u0107, kt\u00f3r\u0105 w PolsceZ \u0142askawo\u015bci Twojej mamy,Tobie, Bo\u017ce dzi\u0119kujemy,Ciebie Boga wys\u0142awiamy. W wojnie tocz\u0105cej si\u0119 w latach 1919-1920 Rzeczpospolita Polska musia\u0142a zmierzy\u0107 si\u0119&hellip; <a class=\"more-link\" href=\"https:\/\/prawdajestciekawa.pl\/?p=7372\">Czytaj dalej <span class=\"screen-reader-text\">My nie b\u0142agamy o wolno\u015b\u0107, my o ni\u0105 walczymy<\/span><\/a><\/div><\/li>\n<li><div class=\"wp-block-latest-posts__featured-image\"><img loading=\"lazy\" decoding=\"async\" width=\"750\" height=\"494\" src=\"https:\/\/prawdajestciekawa.pl\/wp-content\/uploads\/2026\/08\/K2-1024x675.jpg\" class=\"attachment-large size-large wp-post-image\" alt=\"\" style=\"width:100%;height:65.92%;max-width:1200px;\" srcset=\"https:\/\/prawdajestciekawa.pl\/wp-content\/uploads\/2026\/08\/K2-1024x675.jpg 1024w, https:\/\/prawdajestciekawa.pl\/wp-content\/uploads\/2026\/08\/K2-300x198.jpg 300w, https:\/\/prawdajestciekawa.pl\/wp-content\/uploads\/2026\/08\/K2-768x506.jpg 768w, https:\/\/prawdajestciekawa.pl\/wp-content\/uploads\/2026\/08\/K2-450x297.jpg 450w, https:\/\/prawdajestciekawa.pl\/wp-content\/uploads\/2026\/08\/K2-600x396.jpg 600w, https:\/\/prawdajestciekawa.pl\/wp-content\/uploads\/2026\/08\/K2.jpg 1200w\" sizes=\"auto, (max-width: 750px) 100vw, 750px\" \/><\/div><a class=\"wp-block-latest-posts__post-title\" href=\"https:\/\/prawdajestciekawa.pl\/?p=7368\">Zofia Kossak-Szczucka Po\u017coga \u2013 reporta\u017c z piek\u0142a<\/a><div class=\"wp-block-latest-posts__post-author\">przez Krystyna Jagoszewska<\/div><div class=\"wp-block-latest-posts__post-excerpt\">Szczeg\u00f3\u0142y historii ludob\u00f3jstwa na Wo\u0142yniu w czasie II wojny \u015bwiatowej wywo\u0142uj\u0105 b\u00f3l i przera\u017cenie. Trudno uwierzy\u0107, \u017ce w duszy cz\u0142owieka mog\u0105 si\u0119 kry\u0107 tak mroczne&hellip; <a class=\"more-link\" href=\"https:\/\/prawdajestciekawa.pl\/?p=7368\">Czytaj dalej <span class=\"screen-reader-text\">Zofia Kossak-Szczucka Po\u017coga \u2013 reporta\u017c z piek\u0142a<\/span><\/a><\/div><\/li>\n<li><div class=\"wp-block-latest-posts__featured-image\"><img loading=\"lazy\" decoding=\"async\" width=\"750\" height=\"470\" src=\"https:\/\/prawdajestciekawa.pl\/wp-content\/uploads\/2026\/08\/P4-1024x642.jpg\" class=\"attachment-large size-large wp-post-image\" alt=\"\" style=\"width:100%;height:62.67%;max-width:1200px;\" srcset=\"https:\/\/prawdajestciekawa.pl\/wp-content\/uploads\/2026\/08\/P4-1024x642.jpg 1024w, https:\/\/prawdajestciekawa.pl\/wp-content\/uploads\/2026\/08\/P4-300x188.jpg 300w, https:\/\/prawdajestciekawa.pl\/wp-content\/uploads\/2026\/08\/P4-768x481.jpg 768w, https:\/\/prawdajestciekawa.pl\/wp-content\/uploads\/2026\/08\/P4-450x282.jpg 450w, https:\/\/prawdajestciekawa.pl\/wp-content\/uploads\/2026\/08\/P4-600x376.jpg 600w, https:\/\/prawdajestciekawa.pl\/wp-content\/uploads\/2026\/08\/P4.jpg 1200w\" sizes=\"auto, (max-width: 750px) 100vw, 750px\" \/><\/div><a class=\"wp-block-latest-posts__post-title\" href=\"https:\/\/prawdajestciekawa.pl\/?p=7364\">Dwie rocznice, dwa \u015bluby, ale ojczyzna jedna<\/a><div class=\"wp-block-latest-posts__post-author\">przez Piotr Sutowicz<\/div><div class=\"wp-block-latest-posts__post-excerpt\">Rok 1647 by\u0142 to dziwny rok, w kt\u00f3rym rozmaite znaki na niebie i ziemi zwiastowa\u0142y jakowe\u015b kl\u0119ski i nadzwyczajne zdarzenia. Henryk Sienkiewicz \u201eOgniem i Mieczem\u201d&hellip; <a class=\"more-link\" href=\"https:\/\/prawdajestciekawa.pl\/?p=7364\">Czytaj dalej <span class=\"screen-reader-text\">Dwie rocznice, dwa \u015bluby, ale ojczyzna jedna<\/span><\/a><\/div><\/li>\n<li><div class=\"wp-block-latest-posts__featured-image\"><img loading=\"lazy\" decoding=\"async\" width=\"750\" height=\"494\" src=\"https:\/\/prawdajestciekawa.pl\/wp-content\/uploads\/2026\/08\/M1-1024x675.jpg\" class=\"attachment-large size-large wp-post-image\" alt=\"\" style=\"width:100%;height:65.92%;max-width:1200px;\" srcset=\"https:\/\/prawdajestciekawa.pl\/wp-content\/uploads\/2026\/08\/M1-1024x675.jpg 1024w, https:\/\/prawdajestciekawa.pl\/wp-content\/uploads\/2026\/08\/M1-300x198.jpg 300w, https:\/\/prawdajestciekawa.pl\/wp-content\/uploads\/2026\/08\/M1-768x506.jpg 768w, https:\/\/prawdajestciekawa.pl\/wp-content\/uploads\/2026\/08\/M1-450x297.jpg 450w, https:\/\/prawdajestciekawa.pl\/wp-content\/uploads\/2026\/08\/M1-600x396.jpg 600w, https:\/\/prawdajestciekawa.pl\/wp-content\/uploads\/2026\/08\/M1.jpg 1200w\" sizes=\"auto, (max-width: 750px) 100vw, 750px\" \/><\/div><a class=\"wp-block-latest-posts__post-title\" href=\"https:\/\/prawdajestciekawa.pl\/?p=7360\">Pi\u0119\u0107 zasad z \u201eMagnifica humanitas\u201d (cz. 1)<\/a><div class=\"wp-block-latest-posts__post-author\">przez Marek Oktaba<\/div><div class=\"wp-block-latest-posts__post-excerpt\">W swej encyklice \u201eMagnifica humanitas\u201d, wydanej w maju 2026, papie\u017c Leon XIV zestawia pi\u0119\u0107 g\u0142\u00f3wnych zasad katolickiej nauki spo\u0142ecznej. To s\u0105, rzecz jasna, zasady rozwijane&hellip; <a class=\"more-link\" href=\"https:\/\/prawdajestciekawa.pl\/?p=7360\">Czytaj dalej <span class=\"screen-reader-text\">Pi\u0119\u0107 zasad z \u201eMagnifica humanitas\u201d (cz. 1)<\/span><\/a><\/div><\/li>\n<li><div class=\"wp-block-latest-posts__featured-image\"><img loading=\"lazy\" decoding=\"async\" width=\"750\" height=\"536\" src=\"https:\/\/prawdajestciekawa.pl\/wp-content\/uploads\/2026\/08\/K4-1024x732.jpg\" class=\"attachment-large size-large wp-post-image\" alt=\"\" style=\"width:100%;height:71.5%;max-width:1200px;\" srcset=\"https:\/\/prawdajestciekawa.pl\/wp-content\/uploads\/2026\/08\/K4-1024x732.jpg 1024w, https:\/\/prawdajestciekawa.pl\/wp-content\/uploads\/2026\/08\/K4-300x215.jpg 300w, https:\/\/prawdajestciekawa.pl\/wp-content\/uploads\/2026\/08\/K4-768x549.jpg 768w, https:\/\/prawdajestciekawa.pl\/wp-content\/uploads\/2026\/08\/K4-450x322.jpg 450w, https:\/\/prawdajestciekawa.pl\/wp-content\/uploads\/2026\/08\/K4-600x429.jpg 600w, https:\/\/prawdajestciekawa.pl\/wp-content\/uploads\/2026\/08\/K4.jpg 1200w\" sizes=\"auto, (max-width: 750px) 100vw, 750px\" \/><\/div><a class=\"wp-block-latest-posts__post-title\" href=\"https:\/\/prawdajestciekawa.pl\/?p=7357\">Dzieci Warszawy<\/a><div class=\"wp-block-latest-posts__post-author\">przez Redakcja PJC<\/div><div class=\"wp-block-latest-posts__post-excerpt\">Lat mieli dwadzie\u015bcia, osiemna\u015bcie, dziesi\u0119\u0107\u017bycie jak p\u0105k r\u00f3\u017cy rozkwita\u0142o powoliDziewczyny pi\u0119kne, \u015bmig\u0142e niczym sosnyCh\u0142opcy pi\u0119kni, dumni, silni jak ze stali&#8230; R\u00f3wie\u015bnicy Ojczyzny, co wsta\u0142a z&hellip; <a class=\"more-link\" href=\"https:\/\/prawdajestciekawa.pl\/?p=7357\">Czytaj dalej <span class=\"screen-reader-text\">Dzieci Warszawy<\/span><\/a><\/div><\/li>\n<\/ul>","protected":false},"excerpt":{"rendered":"","protected":false},"author":1,"featured_media":7454,"comment_status":"open","ping_status":"open","sticky":false,"template":"","format":"standard","meta":{"footnotes":""},"categories":[370],"tags":[],"class_list":["post-7453","post","type-post","status-publish","format-standard","has-post-thumbnail","hentry","category-aktualnosci","entry"],"_links":{"self":[{"href":"https:\/\/prawdajestciekawa.pl\/index.php?rest_route=\/wp\/v2\/posts\/7453","targetHints":{"allow":["GET"]}}],"collection":[{"href":"https:\/\/prawdajestciekawa.pl\/index.php?rest_route=\/wp\/v2\/posts"}],"about":[{"href":"https:\/\/prawdajestciekawa.pl\/index.php?rest_route=\/wp\/v2\/types\/post"}],"author":[{"embeddable":true,"href":"https:\/\/prawdajestciekawa.pl\/index.php?rest_route=\/wp\/v2\/users\/1"}],"replies":[{"embeddable":true,"href":"https:\/\/prawdajestciekawa.pl\/index.php?rest_route=%2Fwp%2Fv2%2Fcomments&post=7453"}],"version-history":[{"count":1,"href":"https:\/\/prawdajestciekawa.pl\/index.php?rest_route=\/wp\/v2\/posts\/7453\/revisions"}],"predecessor-version":[{"id":7455,"href":"https:\/\/prawdajestciekawa.pl\/index.php?rest_route=\/wp\/v2\/posts\/7453\/revisions\/7455"}],"wp:featuredmedia":[{"embeddable":true,"href":"https:\/\/prawdajestciekawa.pl\/index.php?rest_route=\/wp\/v2\/media\/7454"}],"wp:attachment":[{"href":"https:\/\/prawdajestciekawa.pl\/index.php?rest_route=%2Fwp%2Fv2%2Fmedia&parent=7453"}],"wp:term":[{"taxonomy":"category","embeddable":true,"href":"https:\/\/prawdajestciekawa.pl\/index.php?rest_route=%2Fwp%2Fv2%2Fcategories&post=7453"},{"taxonomy":"post_tag","embeddable":true,"href":"https:\/\/prawdajestciekawa.pl\/index.php?rest_route=%2Fwp%2Fv2%2Ftags&post=7453"}],"curies":[{"name":"wp","href":"https:\/\/api.w.org\/{rel}","templated":true}]}}