{"id":7444,"date":"2026-08-26T16:16:43","date_gmt":"2026-08-26T14:16:43","guid":{"rendered":"https:\/\/prawdajestciekawa.pl\/?p=7444"},"modified":"2026-08-26T16:16:43","modified_gmt":"2026-08-26T14:16:43","slug":"budujmy-polske-odpowiedzialna-silna-bezpieczna","status":"publish","type":"post","link":"https:\/\/prawdajestciekawa.pl\/?p=7444","title":{"rendered":"Budujmy Polsk\u0119 odpowiedzialn\u0105, siln\u0105, bezpieczn\u0105"},"content":{"rendered":"\n<p class=\"wp-block-paragraph\"><strong><em>Pa\u0142ac Prezydencki 6.08.2026<\/em><\/strong><\/p>\n\n\n\n<p class=\"wp-block-paragraph\"><em>Moi Kochani, Moi Drodzy Rodacy,<\/em><\/p>\n\n\n\n<p class=\"wp-block-paragraph\">przede wszystkim bardzo si\u0119 ciesz\u0119, \u017ce w rok od zaprzysi\u0119\u017cenia jeste\u015bcie tutaj ze swoim Prezydentem, w naszym wsp\u00f3lnym domu \u2013 bo Pa\u0142ac Prezydenta jest naszym wsp\u00f3lnym domem. Wy po prostu 1 czerwca zdecydowali\u015bcie o tym, \u017ce mam by\u0107 Waszym g\u0142osem w tym Pa\u0142acu Prezydenckim, i przez ca\u0142y rok nie robi\u0119 niczego innego.<\/p>\n\n\n\n<p class=\"wp-block-paragraph\">(\u2026)<\/p>\n\n\n\n<p class=\"wp-block-paragraph\">Jeste\u015bcie si\u0142\u0105 i nadziej\u0105 Prezydenta Rzeczypospolitej Polskiej: Wy \u2013 nar\u00f3d. Jeste\u015bcie ze mn\u0105, a ja jestem i zawsze b\u0119d\u0119 z Wami. W tym kontek\u015bcie nic si\u0119 nie zmieni\u0142o od tego roku. Chc\u0119 by\u0107 g\u0142osem Polek i Polak\u00f3w. Chc\u0119 by\u0107 g\u0142osem polskiego narodu.<\/p>\n\n\n\n<p class=\"wp-block-paragraph\">B\u0119d\u0119, jestem nim przy podpisywaniu ka\u017cdej ustawy i przy ka\u017cdej inicjatywie ustawodawczej. Dlatego wybrzmia\u0142a te\u017c przed momentem ta pi\u0119kna, m\u0142oda, pot\u0119\u017cna Zag\u00f3rza\u0144ska Si\u0142a, kt\u00f3ra pokazuje polsk\u0105 tradycj\u0119; i wiele polskich tradycji dzi\u015b przywo\u0142ujemy w r\u00f3\u017cnych regionach Polski, kt\u00f3re \u0142\u0105cz\u0105 si\u0119 pod bia\u0142o\u2013czerwon\u0105 flag\u0105 i pod pi\u0119knym polskim hymnem narodowym.<\/p>\n\n\n\n<p class=\"wp-block-paragraph\">(\u2026)<\/p>\n\n\n\n<p class=\"wp-block-paragraph\">Dzi\u0119kuj\u0119 oczywi\u015bcie wspania\u0142ym panelistom: Pani Redaktor, Panu Profesorowi, dw\u00f3m Panom Redaktorom. Dzi\u0119kuj\u0119 za t\u0119 czasami tak potrzebn\u0105 bardzo konstruktywn\u0105 krytyk\u0119 i za wszystkie dobre s\u0142owa, kt\u00f3re wybrzmiewa\u0142y z tej dyskusji. Znam i Pana Profesora, i Pan\u00f3w Redaktor\u00f3w, i tak\u017ce Pani Redaktor asertywno\u015b\u0107. Tak, chc\u0119, \u017ceby\u015bcie mnie, Drodzy Pa\u0144stwo, oceniali. Od tego jest w\u0142adza \u2013 w\u0142adza jest dla obywateli, a nie obywatele dla w\u0142adzy i dlatego oceniajcie mnie!<\/p>\n\n\n\n<p class=\"wp-block-paragraph\">Przywo\u0142uj\u0119 to wszystko, bo dzi\u015b z g\u0142\u0119bi serca chc\u0119 Wam powiedzie\u0107, \u017ce gdy 6 sierpnia bra\u0142em udzia\u0142 we wspania\u0142ych ceremoniach przechodzi\u0142em od Sejmu Rzeczypospolitej Polskiej, przez Zamek Kr\u00f3lewski, na Plac Marsza\u0142ka J\u00f3zefa Pi\u0142sudskiego \u2013 gdy ka\u017cdego miesi\u0105ca swojej prezydentury jestem na wielu dyplomatycznych salonach, w stolicach europejskich i \u015bwiatowych \u2013 to chc\u0119 Was zapewni\u0107, \u017ce ca\u0142y czas widz\u0119 tylko Wasze twarze. Widz\u0119 twarz Pani Reginy, widz\u0119 twarz Pa\u0144stwa Krzemie\u0144 spod Raciborza, widz\u0119 twarz zwyk\u0142ych Polak\u00f3w, kt\u00f3rym wci\u0105\u017c chc\u0119 s\u0142u\u017cy\u0107. Ja nie widz\u0119 niczego innego, gdziekolwiek jestem.<\/p>\n\n\n\n<figure class=\"wp-block-gallery alignwide has-nested-images columns-default is-cropped wp-block-gallery-1 is-layout-flex wp-block-gallery-is-layout-flex\">\n<figure class=\"wp-block-image size-large\"><img loading=\"lazy\" decoding=\"async\" width=\"1024\" height=\"684\" data-id=\"7446\" src=\"https:\/\/prawdajestciekawa.pl\/wp-content\/uploads\/2026\/08\/Prezydent_011_a_a_Prezydent_Karol_Nawrocki_rocznica_zaprzysiezenia_20260806_MWB19065-1024x684.jpg\" alt=\"\" class=\"wp-image-7446\" srcset=\"https:\/\/prawdajestciekawa.pl\/wp-content\/uploads\/2026\/08\/Prezydent_011_a_a_Prezydent_Karol_Nawrocki_rocznica_zaprzysiezenia_20260806_MWB19065-1024x684.jpg 1024w, https:\/\/prawdajestciekawa.pl\/wp-content\/uploads\/2026\/08\/Prezydent_011_a_a_Prezydent_Karol_Nawrocki_rocznica_zaprzysiezenia_20260806_MWB19065-300x200.jpg 300w, https:\/\/prawdajestciekawa.pl\/wp-content\/uploads\/2026\/08\/Prezydent_011_a_a_Prezydent_Karol_Nawrocki_rocznica_zaprzysiezenia_20260806_MWB19065-767x512.jpg 767w, https:\/\/prawdajestciekawa.pl\/wp-content\/uploads\/2026\/08\/Prezydent_011_a_a_Prezydent_Karol_Nawrocki_rocznica_zaprzysiezenia_20260806_MWB19065-449x300.jpg 449w, https:\/\/prawdajestciekawa.pl\/wp-content\/uploads\/2026\/08\/Prezydent_011_a_a_Prezydent_Karol_Nawrocki_rocznica_zaprzysiezenia_20260806_MWB19065-599x400.jpg 599w, https:\/\/prawdajestciekawa.pl\/wp-content\/uploads\/2026\/08\/Prezydent_011_a_a_Prezydent_Karol_Nawrocki_rocznica_zaprzysiezenia_20260806_MWB19065.jpg 1200w\" sizes=\"auto, (max-width: 1024px) 100vw, 1024px\" \/><\/figure>\n\n\n\n<figure class=\"wp-block-image size-large\"><img loading=\"lazy\" decoding=\"async\" width=\"1024\" height=\"684\" data-id=\"7447\" src=\"https:\/\/prawdajestciekawa.pl\/wp-content\/uploads\/2026\/08\/Prezydent_012_a_b_Prezydent_Karol_Nawrocki_rocznica_zaprzysiezenia_20260806_MWB25689-1024x684.jpg\" alt=\"\" class=\"wp-image-7447\" srcset=\"https:\/\/prawdajestciekawa.pl\/wp-content\/uploads\/2026\/08\/Prezydent_012_a_b_Prezydent_Karol_Nawrocki_rocznica_zaprzysiezenia_20260806_MWB25689-1024x684.jpg 1024w, https:\/\/prawdajestciekawa.pl\/wp-content\/uploads\/2026\/08\/Prezydent_012_a_b_Prezydent_Karol_Nawrocki_rocznica_zaprzysiezenia_20260806_MWB25689-300x200.jpg 300w, https:\/\/prawdajestciekawa.pl\/wp-content\/uploads\/2026\/08\/Prezydent_012_a_b_Prezydent_Karol_Nawrocki_rocznica_zaprzysiezenia_20260806_MWB25689-767x512.jpg 767w, https:\/\/prawdajestciekawa.pl\/wp-content\/uploads\/2026\/08\/Prezydent_012_a_b_Prezydent_Karol_Nawrocki_rocznica_zaprzysiezenia_20260806_MWB25689-449x300.jpg 449w, https:\/\/prawdajestciekawa.pl\/wp-content\/uploads\/2026\/08\/Prezydent_012_a_b_Prezydent_Karol_Nawrocki_rocznica_zaprzysiezenia_20260806_MWB25689-599x400.jpg 599w, https:\/\/prawdajestciekawa.pl\/wp-content\/uploads\/2026\/08\/Prezydent_012_a_b_Prezydent_Karol_Nawrocki_rocznica_zaprzysiezenia_20260806_MWB25689.jpg 1200w\" sizes=\"auto, (max-width: 1024px) 100vw, 1024px\" \/><\/figure>\n\n\n\n<figure class=\"wp-block-image size-large\"><img loading=\"lazy\" decoding=\"async\" width=\"1024\" height=\"684\" data-id=\"7448\" src=\"https:\/\/prawdajestciekawa.pl\/wp-content\/uploads\/2026\/08\/Prezydent_012_new_Prezydent_Karol_Nawrocki_rocznica_zaprzysiezenia_20260806_7C6A4784-1024x684.jpg\" alt=\"\" class=\"wp-image-7448\" srcset=\"https:\/\/prawdajestciekawa.pl\/wp-content\/uploads\/2026\/08\/Prezydent_012_new_Prezydent_Karol_Nawrocki_rocznica_zaprzysiezenia_20260806_7C6A4784-1024x684.jpg 1024w, https:\/\/prawdajestciekawa.pl\/wp-content\/uploads\/2026\/08\/Prezydent_012_new_Prezydent_Karol_Nawrocki_rocznica_zaprzysiezenia_20260806_7C6A4784-300x200.jpg 300w, https:\/\/prawdajestciekawa.pl\/wp-content\/uploads\/2026\/08\/Prezydent_012_new_Prezydent_Karol_Nawrocki_rocznica_zaprzysiezenia_20260806_7C6A4784-767x512.jpg 767w, https:\/\/prawdajestciekawa.pl\/wp-content\/uploads\/2026\/08\/Prezydent_012_new_Prezydent_Karol_Nawrocki_rocznica_zaprzysiezenia_20260806_7C6A4784-449x300.jpg 449w, https:\/\/prawdajestciekawa.pl\/wp-content\/uploads\/2026\/08\/Prezydent_012_new_Prezydent_Karol_Nawrocki_rocznica_zaprzysiezenia_20260806_7C6A4784-599x400.jpg 599w, https:\/\/prawdajestciekawa.pl\/wp-content\/uploads\/2026\/08\/Prezydent_012_new_Prezydent_Karol_Nawrocki_rocznica_zaprzysiezenia_20260806_7C6A4784.jpg 1200w\" sizes=\"auto, (max-width: 1024px) 100vw, 1024px\" \/><\/figure>\n\n\n\n<figure class=\"wp-block-image size-large\"><img loading=\"lazy\" decoding=\"async\" width=\"1024\" height=\"684\" data-id=\"7449\" src=\"https:\/\/prawdajestciekawa.pl\/wp-content\/uploads\/2026\/08\/Prezydent_013_Prezydent_Karol_Nawrocki_rocznica_zaprzysiezenia_20260806_MB_16948-1024x684.jpg\" alt=\"\" class=\"wp-image-7449\" srcset=\"https:\/\/prawdajestciekawa.pl\/wp-content\/uploads\/2026\/08\/Prezydent_013_Prezydent_Karol_Nawrocki_rocznica_zaprzysiezenia_20260806_MB_16948-1024x684.jpg 1024w, https:\/\/prawdajestciekawa.pl\/wp-content\/uploads\/2026\/08\/Prezydent_013_Prezydent_Karol_Nawrocki_rocznica_zaprzysiezenia_20260806_MB_16948-300x200.jpg 300w, https:\/\/prawdajestciekawa.pl\/wp-content\/uploads\/2026\/08\/Prezydent_013_Prezydent_Karol_Nawrocki_rocznica_zaprzysiezenia_20260806_MB_16948-767x512.jpg 767w, https:\/\/prawdajestciekawa.pl\/wp-content\/uploads\/2026\/08\/Prezydent_013_Prezydent_Karol_Nawrocki_rocznica_zaprzysiezenia_20260806_MB_16948-449x300.jpg 449w, https:\/\/prawdajestciekawa.pl\/wp-content\/uploads\/2026\/08\/Prezydent_013_Prezydent_Karol_Nawrocki_rocznica_zaprzysiezenia_20260806_MB_16948-599x400.jpg 599w, https:\/\/prawdajestciekawa.pl\/wp-content\/uploads\/2026\/08\/Prezydent_013_Prezydent_Karol_Nawrocki_rocznica_zaprzysiezenia_20260806_MB_16948.jpg 1200w\" sizes=\"auto, (max-width: 1024px) 100vw, 1024px\" \/><\/figure>\n\n\n\n<figure class=\"wp-block-image size-large\"><img loading=\"lazy\" decoding=\"async\" width=\"1024\" height=\"684\" data-id=\"7450\" src=\"https:\/\/prawdajestciekawa.pl\/wp-content\/uploads\/2026\/08\/Prezydent_019_b_Prezydent_Karol_Nawrocki_rocznica_zaprzysiezenia_20260806_MWB26997-1024x684.jpg\" alt=\"\" class=\"wp-image-7450\" srcset=\"https:\/\/prawdajestciekawa.pl\/wp-content\/uploads\/2026\/08\/Prezydent_019_b_Prezydent_Karol_Nawrocki_rocznica_zaprzysiezenia_20260806_MWB26997-1024x684.jpg 1024w, https:\/\/prawdajestciekawa.pl\/wp-content\/uploads\/2026\/08\/Prezydent_019_b_Prezydent_Karol_Nawrocki_rocznica_zaprzysiezenia_20260806_MWB26997-300x200.jpg 300w, https:\/\/prawdajestciekawa.pl\/wp-content\/uploads\/2026\/08\/Prezydent_019_b_Prezydent_Karol_Nawrocki_rocznica_zaprzysiezenia_20260806_MWB26997-767x512.jpg 767w, https:\/\/prawdajestciekawa.pl\/wp-content\/uploads\/2026\/08\/Prezydent_019_b_Prezydent_Karol_Nawrocki_rocznica_zaprzysiezenia_20260806_MWB26997-449x300.jpg 449w, https:\/\/prawdajestciekawa.pl\/wp-content\/uploads\/2026\/08\/Prezydent_019_b_Prezydent_Karol_Nawrocki_rocznica_zaprzysiezenia_20260806_MWB26997-599x400.jpg 599w, https:\/\/prawdajestciekawa.pl\/wp-content\/uploads\/2026\/08\/Prezydent_019_b_Prezydent_Karol_Nawrocki_rocznica_zaprzysiezenia_20260806_MWB26997.jpg 1200w\" sizes=\"auto, (max-width: 1024px) 100vw, 1024px\" \/><\/figure>\n\n\n\n<figure class=\"wp-block-image size-large\"><img loading=\"lazy\" decoding=\"async\" width=\"1024\" height=\"684\" data-id=\"7451\" src=\"https:\/\/prawdajestciekawa.pl\/wp-content\/uploads\/2026\/08\/Prezydent_028_Prezydent_Karol_Nawrocki_rocznica_zaprzysiezenia_20260806_MWB13469-1024x684.jpg\" alt=\"\" class=\"wp-image-7451\" srcset=\"https:\/\/prawdajestciekawa.pl\/wp-content\/uploads\/2026\/08\/Prezydent_028_Prezydent_Karol_Nawrocki_rocznica_zaprzysiezenia_20260806_MWB13469-1024x684.jpg 1024w, https:\/\/prawdajestciekawa.pl\/wp-content\/uploads\/2026\/08\/Prezydent_028_Prezydent_Karol_Nawrocki_rocznica_zaprzysiezenia_20260806_MWB13469-300x200.jpg 300w, https:\/\/prawdajestciekawa.pl\/wp-content\/uploads\/2026\/08\/Prezydent_028_Prezydent_Karol_Nawrocki_rocznica_zaprzysiezenia_20260806_MWB13469-767x512.jpg 767w, https:\/\/prawdajestciekawa.pl\/wp-content\/uploads\/2026\/08\/Prezydent_028_Prezydent_Karol_Nawrocki_rocznica_zaprzysiezenia_20260806_MWB13469-449x300.jpg 449w, https:\/\/prawdajestciekawa.pl\/wp-content\/uploads\/2026\/08\/Prezydent_028_Prezydent_Karol_Nawrocki_rocznica_zaprzysiezenia_20260806_MWB13469-599x400.jpg 599w, https:\/\/prawdajestciekawa.pl\/wp-content\/uploads\/2026\/08\/Prezydent_028_Prezydent_Karol_Nawrocki_rocznica_zaprzysiezenia_20260806_MWB13469.jpg 1200w\" sizes=\"auto, (max-width: 1024px) 100vw, 1024px\" \/><\/figure>\n<\/figure>\n\n\n\n<p class=\"wp-block-paragraph\">To dla nas wszystkich ten rok i kolejne cztery lata s\u0105 wielk\u0105 dziejow\u0105 szans\u0105, aby w ko\u0144cu zrozumie\u0107, \u017ce los Polski, przysz\u0142o\u015b\u0107 Polski, dobrobyt Polski, rozw\u00f3j Polski rozstrzyga si\u0119 w\u0142a\u015bnie w ma\u0142ych zak\u0142adach stolarskich, w du\u017cych przedsi\u0119biorstwach technologicznych, gdzie przedsi\u0119biorcy zatrudniaj\u0105 ludzi, w piekarniach, w codziennym \u017cyciu Polek i Polak\u00f3w. Tam rozstrzyga si\u0119 los Polski i tam powinni by\u0107 weryfikowani i omawiani polscy politycy \u2013 i rz\u0105d, i polski prezydent. Bo to nar\u00f3d jest w\u0142adz\u0105 zwierzchni\u0105 w Rzeczypospolitej Polskiej, a dzisiaj si\u0119 o tym zapomina.<\/p>\n\n\n\n<p class=\"wp-block-paragraph\"><strong>Dlatego stoj\u0119 tu przed Wami, \u017ceby powiedzie\u0107, \u017ce z drogi, na kt\u00f3r\u0105 wszed\u0142em w czasie kampanii wyborczej, nie zejd\u0119 nigdy. B\u0119d\u0119 i pozostan\u0119 tylko Waszym g\u0142osem.<\/strong><\/p>\n\n\n\n<p class=\"wp-block-paragraph\">Je\u015bli kto\u015b by mnie spyta\u0142 \u2013 jaki to by\u0142 ten pierwszy rok mojej prezydentury \u2013 odpowiem z ca\u0142\u0105 pewno\u015bci\u0105, \u017ce by\u0142 to rok pracowity. To by\u0142 rok pracowity, ale nie ma we mnie cho\u0107by promila zm\u0119czenia. Mam ci\u0105gle wiele energii na kolejne cztery lata, mam 100 procent baterii.<\/p>\n\n\n\n<p class=\"wp-block-paragraph\">(\u2026)<\/p>\n\n\n\n<p class=\"wp-block-paragraph\">Rozpoczn\u0119 od kr\u00f3tkiej anegdoty. Gdy nie znali mnie jeszcze oficerowie S\u0142u\u017cby Ochrony Pa\u0144stwa, to po \u2013 obiektywnie trzeba powiedzie\u0107 \u2013 wype\u0142nionym dniu 6 sierpnia zesz\u0142ego roku, gdy ten dzie\u0144 by\u0142 intensywny, cho\u0107 r\u00f3wnie pi\u0119kny co intensywny, to jeden z oficer\u00f3w powiedzia\u0142: \u201ePanie Prezydencie, to od kiedy zaczynamy prac\u0119?\u201d. Odpowiedzia\u0142em: \u201eOd jutra, od samego rana\u201d. M\u00f3wi\u0119 to tylko dlatego, \u017ceby jeszcze raz przypomnie\u0107, \u017ce ju\u017c od 7 sierpnia, dzie\u0144 po zaprzysi\u0119\u017ceniu, zacz\u0105\u0142em sk\u0142ada\u0107 inicjatywy ustawodawcze.<\/p>\n\n\n\n<p class=\"wp-block-paragraph\">Z\u0142o\u017cy\u0142em ich w ci\u0105gu roku 22, a wi\u0119c \u015brednio dwie inicjatywy ustawodawcze na miesi\u0105c. Zrobi\u0142em to dlatego, bo w istocie chc\u0119 zmieni\u0107 model prezydentury. Tak, prezydent nie jest tylko od tego, aby prawo opiniowa\u0107 i zajmowa\u0107 si\u0119 ustawami, kt\u00f3re przychodz\u0105 z Sejmu. Prezydent jest te\u017c od tego, aby wychodzi\u0107 z inicjatywami ustawodawczymi i aby nie\u015b\u0107 Wasz g\u0142os i Wasze postulaty, czyli Plan 21, kt\u00f3ry wsp\u00f3lnie tworzyli\u015bmy, i od tego w\u0142a\u015bciwie zacz\u0105\u0142em.<\/p>\n\n\n\n<p class=\"wp-block-paragraph\">To 22 inicjatywy ustawodawcze \u2013 i tu troch\u0119 statystyki \u2013 z kt\u00f3rych 21 jest w zamra\u017carce, jest zblokowanych w polskim Sejmie. Nie jest zblokowanych przeciwko mnie, ale jest zblokowanych przeciwko polskim obywatelom. Bo co marsza\u0142kowi polskiego Sejmu przeszkadza ta\u0144szy pr\u0105d o 33 proc., kt\u00f3ry rzeczywi\u015bcie obieca\u0142em i kt\u00f3rego dzisiaj nie ma? Chc\u0119 od razu powiedzie\u0107, \u017ce nie wszystkie postulaty zosta\u0142y zrealizowane, cho\u0107 to zaledwie rok, ale \u017cadne nie zosta\u0142y zapomniane i wszystkie b\u0119d\u0105 zrealizowane.<\/p>\n\n\n\n<p class=\"wp-block-paragraph\">21 blokad na 22 inicjatywy ustawodawcze.<\/p>\n\n\n\n<p class=\"wp-block-paragraph\">Pr\u0105d p\u0142ac\u0105 wszyscy, ci, kt\u00f3rzy na Nawrockiego g\u0142osowali i ci, kt\u00f3rzy g\u0142osowali na mojego kontrkandydata. Przygotowana przez specjalist\u00f3w inicjatywa ustawodawcza, dobrze zaopiniowana przez profesjonalist\u00f3w i autorytety Unii Europejskiej \u2013 kt\u00f3ra sprawi\u0142aby, \u017ce p\u0142aciliby\u015bmy 33 proc. mniej za energi\u0119 elektryczn\u0105 \u2013 jest zablokowana i zamro\u017cona w polskim Sejmie. Jednocze\u015bnie, jak wiecie, nie podda\u0142em si\u0119 i poszed\u0142em z pro\u015bb\u0105 do Senatu o to, aby odby\u0142o si\u0119 referendum w sprawie polityki klimatycznej. Na samym pocz\u0105tku ci, kt\u00f3rzy kochaj\u0105 demokracj\u0119, ci, kt\u00f3rzy kochaj\u0105 demokratyczne rozmowy i g\u0142osowania, i czekaj\u0105 na g\u0142os narodu polskiego, powiedzieli, \u017ce pytanie do referendum w sprawie polityki klimatycznej i Zielonego \u0141adu jest nieodpowiednie. Tak, kompromis jest wyrazem odpowiedzialno\u015bci za pa\u0144stwo \u2013 zmieni\u0142em wi\u0119c pytanie, skoro nie odpowiada\u0142o polskim senatorom: zaproponowa\u0142em pytanie, kt\u00f3re by\u0142oby akceptowalne, i dzisiaj w Senacie us\u0142yszeli\u015bmy, \u017ce g\u0142os narodu nikogo nie interesuje, \u017ce referendum w sprawie polityki klimatycznej nie b\u0119dzie. Ustawa na ta\u0144szy pr\u0105d zamro\u017cona, a referendum nie b\u0119dzie.<\/p>\n\n\n\n<p class=\"wp-block-paragraph\">Ci, kt\u00f3rzy mieni\u0105 si\u0119 demokratami, m\u00f3wi\u0105: nie interesuje nas Wasze zdanie, czy p\u0142acicie wi\u0119cej, czy nie p\u0142acicie wi\u0119cej. Ministerstwo Energetyki w tym samym czasie zaproponowa\u0142o Pa\u0144stwu wykre\u015blenie z rachunku za energi\u0119 elektryczn\u0105 informacji o tym, \u017ce p\u0142acicie podatki ETS za zielon\u0105 polityk\u0119. B\u0119dziecie p\u0142aci\u0107 wci\u0105\u017c za polityk\u0119 klimatyczn\u0105 Unii Europejskiej, ale ju\u017c nikt Wam o tym nie b\u0119dzie przypomina\u0142. Suma b\u0119dzie ta sama, a rachunek b\u0119dzie wygl\u0105da\u0142 lepiej.<\/p>\n\n\n\n<p class=\"wp-block-paragraph\">Tak nie wygl\u0105da demokracja \u2013 \u017ce nar\u00f3d si\u0119 oszukuje, referendum si\u0119 nie chce zwo\u0142a\u0107, a ustawy daj\u0105ce mo\u017cliwo\u015b\u0107 pobierania ta\u0144szego pr\u0105du i p\u0142acenia o 33 proc. mniej za pr\u0105d si\u0119 mrozi i blokuje. Dlatego jeszcze raz, Panie Marsza\u0142ku, nar\u00f3d czeka.<\/p>\n\n\n\n<p class=\"wp-block-paragraph\">Mamy prawo mniej p\u0142aci\u0107 za pr\u0105d. Prosz\u0119 nie my\u015ble\u0107, \u017ce ja chc\u0119 po prostu tylko zrealizowa\u0107 swoj\u0105 obietnic\u0119 wyborcz\u0105, ale nar\u00f3d, przedsi\u0119biorcy i Polacy czekaj\u0105 na ta\u0144szy pr\u0105d. Dlatego chc\u0119 by\u0107 Waszym g\u0142osem, bo zdaje si\u0119, \u017ce ani w polskim Sejmie za spraw\u0105 Pana Marsza\u0142ka, ani w polskim Senacie za spraw\u0105 Pani Marsza\u0142ek nikt narodu s\u0142ucha\u0107 nie chce.<\/p>\n\n\n\n<p class=\"wp-block-paragraph\"><strong>Nar\u00f3d jest m\u0105dry, nar\u00f3d dobrze wybiera, Polki i Polacy wiedz\u0105, dok\u0105d chc\u0105 zmierza\u0107, dokonuj\u0105 dobrych wybor\u00f3w, narodu trzeba s\u0142ucha\u0107.<\/strong><\/p>\n\n\n\n<p class=\"wp-block-paragraph\">Podobnie z inicjatyw\u0105 ustawodawcz\u0105, kt\u00f3ra tak\u017ce jest zablokowana w polskim Sejmie, a odnosi si\u0119 do najwa\u017cniejszego problemu, przed jakim staje dzisiaj Rzeczpospolita Polska, a wi\u0119c do problemu demograficznego. Tak, jest nas coraz mniej. W 2100 roku, jak m\u00f3wi\u0105 analizy, Polak\u00f3w mo\u017ce by\u0107 27 milion\u00f3w. Tymi strategicznymi problemami powinni\u015bmy si\u0119 zajmowa\u0107 w Pa\u0142acu Prezydenckim, w polskim Sejmie, w polskim Senacie, w polskim rz\u0105dzie. Co powinni\u015bmy robi\u0107? Jako Wasz g\u0142os zanios\u0142em do polskiego Sejmu inicjatyw\u0119 ustawodawcz\u0105 odnosz\u0105c\u0105 si\u0119 do zwolnienia z podatku PIT rodzic\u00f3w dw\u00f3jki i wi\u0119cej dzieci. Musimy robi\u0107 wszystko, aby pom\u00f3c polskim rodzinom, aby by\u0142o nas jak najwi\u0119cej. Nie mo\u017ce odby\u0107 si\u0119 debata o tym w polskim Sejmie, nie chcecie Pa\u0144stwo o tym porozmawia\u0107?<\/p>\n\n\n\n<p class=\"wp-block-paragraph\">Mog\u0119 po tym roku powiedzie\u0107, \u017ce to przera\u017caj\u0105ce, \u017ce ci, kt\u00f3rzy tyle m\u00f3wi\u0105 o polskiej demokracji, nie chc\u0105 nawet rozmawia\u0107 w polskim Sejmie o tym, co maj\u0105 im do przekazania polscy obywatele.<\/p>\n\n\n\n<p class=\"wp-block-paragraph\">Ale \u017ceby nie by\u0142o tak pesymistycznie, cho\u0107 t\u0119 statystyk\u0119 powinni sobie wszyscy zapami\u0119ta\u0107: 21 na 22 inicjatywy ustawodawcze zamro\u017cone, to uda\u0142o si\u0119 tak\u017ce zrobi\u0107 jedn\u0105 bardzo wa\u017cn\u0105 rzecz dla polskich rolnik\u00f3w. Pami\u0119taj\u0105 Pa\u0144stwo, jak w czasie kampanii wyborczej m\u00f3wi\u0142em o tym, \u017ce polska ziemia nie jest na sprzeda\u017c.<\/p>\n\n\n\n<p class=\"wp-block-paragraph\">Wincenty Witos kiedy\u015b powtarza\u0142, \u017ce w najtrudniejszych czasach polski rolnik zachowa\u0142 \u201eziemi\u0119, religi\u0119 i narodowo\u015b\u0107\u201d. Polska ziemia nie jest na sprzeda\u017c. I pod Wasz\u0105 presj\u0105, dzi\u0119ki Wam, dzi\u0119ki silnemu g\u0142osowi uda\u0142o si\u0119 przeforsowa\u0107 w polskim Sejmie inicjatyw\u0119 ustawodawcz\u0105 o zakazie sprzeda\u017cy polskiej ziemi na kolejne 10 lat. Nie zatrzymamy si\u0119.<\/p>\n\n\n\n<p class=\"wp-block-paragraph\">(\u2026)<\/p>\n\n\n\n<p class=\"wp-block-paragraph\">Chc\u0119 te\u017c kilka s\u0142\u00f3w powiedzie\u0107 o samych ustawach. To jest to, co\u2026 mo\u017ce nie tygryski, ale pot\u0119\u017cne tygrysy lubi\u0105 najbardziej \u2013 ustawy i weta. Wok\u00f3\u0142 tego toczy si\u0119 wiele publicznych dyskusji. Mog\u0119 zdradzi\u0107, bo ju\u017c podj\u0105\u0142em decyzj\u0119 o podpisaniu czterech kolejnych ustaw \u2013 podpisz\u0119 je jutro \u2013 i zastanawiam si\u0119, jak wielki mamy problem w Polsce z matematyk\u0105 w\u015br\u00f3d pos\u0142\u00f3w wi\u0119kszo\u015bci parlamentarnej i polskiego rz\u0105du. Matematyczny bilans podpisanych i zawetowanych ustaw od dnia jutrzejszego b\u0119dzie wygl\u0105da\u0142: 259 ustaw podpisanych i 41 ustaw zawetowanych, czyli r\u00f3wno 300 \u2013 259 na 41. I zadajemy sobie pytanie: czy kto\u015b tu naprawd\u0119 nie potrafi liczy\u0107? Cho\u0107 okre\u015blenie \u201ewetomat\u201d jest dla mnie bardzo pieszczotliwe i zupe\u0142nie nie dotyka mnie osobi\u015bcie, spotyka\u0142em si\u0119 z du\u017co mocniejszymi okre\u015bleniami, je tak\u017ce zawsze przyjmuj\u0119 z u\u015bmiechem i wielkim dystansem. 259 podpisanych ustaw pokazuje, \u017ce tylko tam, gdzie mog\u0119 znale\u017a\u0107 odrobin\u0119 kompromisu, gdzie mog\u0119 dostrzec, \u017ce to prawo pisane jest dla Polak\u00f3w, \u017ce Polakom si\u0119 przyda \u2013 nawet je\u015bli mam pewne obiekcje, nawet je\u015bli widz\u0119 i czytam reakcje opozycji w polskim parlamencie, \u017ce z tego prawa mo\u017cna wycisn\u0105\u0107 wi\u0119cej \u2013 \u017ce jest chocia\u017c troch\u0119 dobre dla Polak\u00f3w, to zawsze je podpisz\u0119. 259 razy tak zrobi\u0142em.<\/p>\n\n\n\n<p class=\"wp-block-paragraph\"><em>Nie wymieni\u0119 wszystkich 259 ustaw, ale gdy spojrzymy na ca\u0142y pakiet deregulacyjny \u2013 jest tu wielu przedsi\u0119biorc\u00f3w, biznesmen\u00f3w \u2013 podpisuj\u0119 regularnie ca\u0142y pakiet deregulacyjny przygotowany przez wi\u0119kszo\u015b\u0107 parlamentarn\u0105. Podpisa\u0142em wszystkie ustawy odnosz\u0105ce si\u0119 cho\u0107by do cyberbezpiecze\u0144stwa, do odbiurokratyzowania szpitali onkologicznych.<\/em><\/p>\n\n\n\n<p class=\"wp-block-paragraph\">(\u2026)<\/p>\n\n\n\n<p class=\"wp-block-paragraph\">Co wi\u0119cej, weto nigdy nie jest ko\u0144cem dyskusji. To cz\u0119sto s\u0105 korepetycje. Korepetycje z tego, jak pisa\u0107 dobre prawo. Te korepetycje, kt\u00f3rych udziela rz\u0105dz\u0105cym minister Zbigniew Bogucki jako prawnik, a za kt\u00f3re ja bior\u0119 pe\u0142n\u0105 odpowiedzialno\u015b\u0107, podejmuj\u0105c wszystkie decyzje. To do prokurator\u00f3w, kt\u00f3rzy raz na jaki\u015b czas mnie przes\u0142uchuj\u0105, wi\u0119c panom prokuratorom chc\u0119 powiedzie\u0107: za wszystkie decyzje, te dobre i te z\u0142e, pe\u0142n\u0105 odpowiedzialno\u015b\u0107 bierze Prezydent Polski, a on si\u0119 nazywa Karol Nawrocki.<\/p>\n\n\n\n<p class=\"wp-block-paragraph\">(\u2026)<\/p>\n\n\n\n<p class=\"wp-block-paragraph\">Najbardziej \u017cywym publicznie tematem, kt\u00f3ry odnosi\u0142 si\u0119 do mojego weta i do tego, jak mo\u017cna prawo poprawi\u0107, bior\u0105c pod uwag\u0119 dobro i ludzi, i zwierz\u0105t, by\u0142a ustawa \u0142a\u0144cuchowa. Przez dwa tygodnie pr\u00f3bowano zrobi\u0107 ze mnie kogo\u015b, kto nienawidzi zwierz\u0105t i jest gotowy podj\u0105\u0107 z nimi najwi\u0119ksz\u0105 walk\u0119, tylko dlatego, \u017ce przygotowano z\u0142\u0105 ustaw\u0119. Odbywa\u0142y si\u0119 manifestacje, wielu polityk\u00f3w podjudza\u0142o ten polityczny sp\u00f3r, gdy dla mnie, dla mojej rodziny zwierz\u0119ta s\u0105 bardzo wa\u017cne, cho\u0107 nigdy nie s\u0105 wa\u017cniejsze ni\u017c drugi cz\u0142owiek, to rzecz oczywista.<\/p>\n\n\n\n<p class=\"wp-block-paragraph\">Tyle zgie\u0142ku, tyle krzyku, tyle atak\u00f3w, tyle happening\u00f3w, tyle manifestacji. I za spraw\u0105 spo\u0142ecznik\u00f3w, ci\u0119\u017ckiej pracy Kancelarii Prezydenta nagle wypracowujemy ustaw\u0119 \u0142a\u0144cuchow\u0105, kt\u00f3ra jest dobra i dla ludzi, i dla zwierz\u0105t. Psy spuszczone s\u0105 z \u0142a\u0144cuch\u00f3w i nikomu nic si\u0119 nie sta\u0142o.<\/p>\n\n\n\n<p class=\"wp-block-paragraph\">Tak\u0105 si\u0142\u0119 ma te\u017c weto, aby dopasowa\u0107 prawo do potrzeb i ludzi, i zwierz\u0105t. Takich przyk\u0142ad\u00f3w oczywi\u015bcie jest wiele. Ale s\u0105 te\u017c przyk\u0142ady, kt\u00f3re m\u00f3wi\u0105 o tym, \u017ce prezydent jest tak\u017ce od tego, aby m\u00f3wi\u0107 \u201eweto\u201d tam, gdzie prawo jest szkodliwe dla ci\u0105g\u0142o\u015bci Rzeczypospolitej i dla naszej Konstytucji. I nigdy nie zawaham si\u0119 go podj\u0105\u0107, jak b\u0119dzie taka potrzeba.<\/p>\n\n\n\n<p class=\"wp-block-paragraph\">(\u2026)<\/p>\n\n\n\n<p class=\"wp-block-paragraph\">Ko\u0144cz\u0105c ten fragment o inicjatywach ustawodawczych i ustawach, kilka s\u0142\u00f3w chc\u0119 powiedzie\u0107 \u2013 i czuj\u0119 si\u0119 zobowi\u0105zany \u2013 o polityce mi\u0119dzynarodowej.<\/p>\n\n\n\n<p class=\"wp-block-paragraph\">M\u00f3wi\u0142em, \u017ce zbuduj\u0119 silne relacje regionalne. Dzisiaj w\u0142a\u015bciwie nie ma takiego pa\u0144stwa w naszym bliskim s\u0105siedztwie, z kt\u00f3rymi nie mieliby\u015bmy mocnych relacji na poziomie prezydenckim \u2013 ale wspieram te\u017c te relacje pomi\u0119dzy ministrami, a tak\u017ce Panem Premierem i premierami tych rz\u0105d\u00f3w. Czechy, S\u0142owacja, wszystkie pa\u0144stwa ba\u0142tyckie, W\u0119gry, Rumunia, niezale\u017cnie od zmieniaj\u0105cych si\u0119 rz\u0105d\u00f3w.<\/p>\n\n\n\n<p class=\"wp-block-paragraph\">M\u00f3wi\u0142em i powtarza\u0142em w czasie kampanii wyborczej \u2013 obiecywa\u0142em Wam to \u2013 \u017ce zbuduj\u0119 mocne relacje z naszym najwa\u017cniejszym sojusznikiem, strategicznym sojusznikiem, ze Stanami Zjednoczonymi Ameryki i z Prezydentem Donaldem Trumpem.<\/p>\n\n\n\n<p class=\"wp-block-paragraph\">Od 3 wrze\u015bnia, p\u00f3\u017aniej podczas kolejnych spotka\u0144 na wielu forach, podczas kolejnych dyskusji telefonicznych, przez kolejny ca\u0142y rok uda\u0142o si\u0119 stworzy\u0107 autostrad\u0119 do sta\u0142ej obecno\u015bci wojsk ameryka\u0144skich w Polsce. Ta autostrada jest roz\u0142o\u017cona, nie mo\u017cna tego wy\u017cej i dalej za\u0142atwi\u0107 ni\u017c mi\u0119dzy dwoma prezydentami. Teraz wszystko po stronie rz\u0105du, kt\u00f3ry wspieram tam, gdzie mog\u0119, ale trzeba si\u0119 wzi\u0105\u0107 na powa\u017cnie do za\u0142atwienia budowy Fortu Trump i sta\u0142ej obecno\u015bci wojsk ameryka\u0144skich w Polsce. Wszystko jest w\u0142a\u015bciwie za\u0142atwione i jest gotowe, teraz trzeba zabra\u0107 si\u0119 do ci\u0119\u017ckiej pracy.<\/p>\n\n\n\n<p class=\"wp-block-paragraph\">(\u2026)<\/p>\n\n\n\n<p class=\"wp-block-paragraph\">Cz\u0119sto pada pytanie w opinii publicznej: co konkretnego wynika z naszych relacji ze Stanami Zjednoczonymi? Nie jest \u0142atwo w czasie tak mocnego antyamerykanizmu przedstawicieli polskiego rz\u0105du, kt\u00f3ry niestety bardzo cz\u0119sto si\u0119 odzywa, budowa\u0107 relacji z najpowa\u017cniejszym i najmocniejszym mocarstwem na \u015bwiecie.<\/p>\n\n\n\n<p class=\"wp-block-paragraph\"><strong>Sta\u0142a obecno\u015b\u0107 wojsk ameryka\u0144skich w Polsce, kt\u00f3ra jest naszym celem \u2013 to jest konkret. Wypuszczenie z wi\u0119zienia Andrzeja Poczobuta \u2013 to jest konkret. Zaproszenie Polski do grupy G20 \u2013 to jest konkret.<\/strong><\/p>\n\n\n\n<p class=\"wp-block-paragraph\">To, \u017ceby wszystkie pa\u0144stwa Inicjatywy Tr\u00f3jmorza, a wi\u0119c inicjatywy, kt\u00f3r\u0105 budujemy razem z Chorwacj\u0105 \u2013 to najbardziej dynamicznie rozwijaj\u0105cy si\u0119 region ca\u0142ej Europy, Inicjatywa Tr\u00f3jmorza, i ca\u0142a idea Mi\u0119dzymorza, kt\u00f3rej budow\u0119 kontynuuj\u0119 po Prezydencie Andrzeju Dudzie \u2013 uzna\u0142y obecno\u015b\u0107 Polski w grupie G20 jako sukces ca\u0142ego regionu Europy \u2013 to te\u017c jest konkret, bo urastamy do roli lidera.<\/p>\n\n\n\n<p class=\"wp-block-paragraph\">(\u2026)<\/p>\n\n\n\n<p class=\"wp-block-paragraph\">Jest oczywi\u015bcie Unia Europejska. Tak pod\u015bwiadomie podzielili\u015bmy si\u0119 z Panem Premierem Donaldem Tuskiem, \u017ce za relacje z Uni\u0105 Europejsk\u0105 odpowiada Pan Premier, za relacje ze Stanami Zjednoczonymi odpowiadam ja, za kwestie bezpiecze\u0144stwa odpowiada Prezydent, co nie znaczy, \u017ce nie spotykamy si\u0119 z liderami europejskimi i nie jeste\u015bmy te\u017c w kontakcie w sprawach trudnych, ale te\u017c w sprawach partnerskich i \u0142atwiejszych. Chc\u0119 powiedzie\u0107 jasno, to, \u017ce jestem przedstawicielem obozu reformatorskiego w Unii Europejskiej, nie znaczy, \u017ce Polska z Unii Europejskiej chce wyj\u015b\u0107, ale to znaczy, \u017ce na pewne wariactwa Polska godzi\u0107 si\u0119 nie b\u0119dzie.<\/p>\n\n\n\n<p class=\"wp-block-paragraph\">Chcemy by\u0107 w Unii Europejskiej i pomagamy Unii Europejskiej si\u0119 obudzi\u0107 z letargu polityki klimatycznej, z letargu polityki Zielonego \u0141adu, z letargu polityki migracyjnej.<\/p>\n\n\n\n<p class=\"wp-block-paragraph\">Skoro uda\u0142o nam si\u0119, i chwa\u0142a Bogu, po 2015 roku zachowa\u0107 Polsk\u0119 bezpieczn\u0105, bez nielegalnych imigrant\u00f3w, z silnymi granicami, to musimy to utrzyma\u0107. Europa dzi\u015b potrzebuje Polski bardziej ni\u017c kiedykolwiek. Podczas spotka\u0144 na szczeblu przyw\u00f3dc\u00f3w pa\u0144stw, z premierami, z prezydentami, oni m\u00f3wi\u0105: u was ci\u0105gle jest bezpiecznie, u was mo\u017cna chodzi\u0107 po ulicach, nie zmarnujcie tego. Nawet przedstawiciele liberalnych rz\u0105d\u00f3w widz\u0105, \u017ce w Polsce jest inaczej, bo po 2015 roku nasze rz\u0105dy nie pope\u0142ni\u0142y tego b\u0142\u0119du. Dlatego wybrali\u015bcie mnie na Prezydenta, \u017cebym nie pozwoli\u0142 dzi\u015b pope\u0142ni\u0107 tego b\u0142\u0119du.<\/p>\n\n\n\n<p class=\"wp-block-paragraph\">(\u2026)<\/p>\n\n\n\n<p class=\"wp-block-paragraph\">Je\u015bli chodzi o Ukrain\u0119, to interesem Polski jest to, aby Ukraina i \u017co\u0142nierze ukrai\u0144scy radzili sobie jak najlepiej z postsowieck\u0105 Federacj\u0105 Rosyjsk\u0105, jak najdalej ich trzymali od Polski; to oczywiste, taka jest strategia pa\u0144stwa polskiego. Niech morduj\u0105 Sowiet\u00f3w, kt\u00f3rzy ich napadli, a nas, Polak\u00f3w, to w og\u00f3le nie boli. W tym zakresie zawsze mog\u0105 liczy\u0107 na nasz\u0105 pomoc, bo tam, gdzie si\u0119 bije Moskala, tam Polska pomaga, nawet jak nie bierze udzia\u0142u bezpo\u015brednio w tej wojnie. Taki jest strategiczny interes Polski.<\/p>\n\n\n\n<p class=\"wp-block-paragraph\">Ale strategicznym interesem Polski jest te\u017c to, \u017ceby w Warszawie i w Polsce nie powiewa\u0142y banderowskie flagi. Mo\u017cna pomaga\u0107 i mo\u017cna wymaga\u0107, mo\u017cna wsp\u00f3\u0142pracowa\u0107 po partnersku, mo\u017cna si\u0119 rozumie\u0107 w zasadniczych kwestiach. Taka jest nasza wra\u017cliwo\u015b\u0107 \u2013 b\u0119dziemy pomaga\u0107, ale zawsze m\u00f3wi\u0105c: \u201ePo pierwsze Polska, po pierwsze Polacy\u201d.<\/p>\n\n\n\n<p class=\"wp-block-paragraph\">(\u2026)<\/p>\n\n\n\n<p class=\"wp-block-paragraph\"><strong>Nie ma innego wyznacznika w polityce mi\u0119dzynarodowej ni\u017c dbanie o interes w\u0142asnego pa\u0144stwa. W\u0142osi krzycz\u0105: \u201eForza Italia!\u201d, Amerykanie krzycz\u0105: \u201eAmerica First!\u201d, a ja m\u00f3wi\u0119: \u201ePo pierwsze Polska, po pierwsze Polacy!\u201d.<\/strong><\/p>\n\n\n\n<p class=\"wp-block-paragraph\">Zaskoczeniem mo\u017ce by\u0107 to, \u017ce nikt nie oczekuje czego\u015b innego, ka\u017cdy rozs\u0105dny przyw\u00f3dca pa\u0144stwa wie, \u017ce prezydent czy premier, kt\u00f3ry do nich przyje\u017cd\u017ca, jest, a przynajmniej powinien by\u0107, zobowi\u0105zany swoim narodem i interesami swojego narodu. Mo\u017cemy si\u0119 wi\u0119c przyja\u017ani\u0107, mo\u017cemy wsp\u00f3\u0142pracowa\u0107, mo\u017cemy by\u0107 sojusznikami, a nikt si\u0119 nie oszukuje, \u017ce nie s\u0142u\u017cy swojemu narodowi, kt\u00f3ry go wybra\u0142 w wyborach i naj\u0105\u0142 do tego, \u017ceby wykona\u0142 robot\u0119 dla swojego narodu, a nie dla obcego narodu.<\/p>\n\n\n\n<p class=\"wp-block-paragraph\">Przez trzy dekady \u017cyli\u015bmy w g\u0142\u0119bokim przekonaniu, \u017ce \u017ceby by\u0107 cz\u0119\u015bci\u0105 europejskich salon\u00f3w, musimy pozby\u0107 si\u0119 tego, co k\u0142opotliwe dla Polski \u2013 naszych warto\u015bci, naszych fundament\u00f3w, bo to lubi\u0105 salony: nie by\u0107 zbyt polskim, nie by\u0107 za polskim, nie za g\u0142o\u015bno m\u00f3wi\u0107 o tym, jakie s\u0105 nasze potrzeby i czego chcemy. Dzisiaj, maj\u0105c roczne do\u015bwiadczenie, m\u00f3wi\u0119 Wam \u2013 i zaufajcie mi \u2013 ten kompleks trzeba porzuci\u0107, tego kompleksu nie ma na ca\u0142ym \u015bwiecie, ka\u017cdy zajmuje si\u0119 swoim narodem i mo\u017cemy ze sob\u0105 wsp\u00f3\u0142pracowa\u0107.<\/p>\n\n\n\n<p class=\"wp-block-paragraph\">Moi Drodzy, ten rok to by\u0142 te\u017c rok cichej pracy, kt\u00f3rej nie by\u0142o mo\u017ce wida\u0107. To, co boli najbardziej mnie jako Prezydenta Polski, to brak pewnej wizji \u2013 brak wizji rz\u0105dz\u0105cych na to, jaka ma by\u0107 w przysz\u0142o\u015bci Polska, brak wizji obecnego rz\u0105du. Mam wra\u017cenie, \u017ce \u017cyjemy w pewnym chaosie reakcji na medialne afery, na to, co przedostanie si\u0119 do opinii publicznej. Cz\u0119sto \u017cyjemy w takim przekonaniu, \u017ce mo\u017ce uda si\u0119 oszuka\u0107 Polak\u00f3w z najmem kr\u00f3tkoterminowym albo z emeryturami dla artyst\u00f3w, mo\u017ce si\u0119 nie dowiedz\u0105, nie b\u0119dzie afery.<\/p>\n\n\n\n<p class=\"wp-block-paragraph\">A ja w tym wszystkim chcia\u0142bym zapyta\u0107: jaki jest plan? Jaka jest strategia obecnie rz\u0105dz\u0105cych na Polsk\u0119 na kolejne 10 lat? Kto ma o tej strategii decydowa\u0107? Gdzie ma by\u0107 nasze miejsce za lat 10, za lat 20?<\/p>\n\n\n\n<p class=\"wp-block-paragraph\">\u017byjemy w sprincie czterech lat wybor\u00f3w parlamentarnych, teraz ju\u017c p\u00f3\u0142tora roku, kolejnych rozlicze\u0144, pyta\u0144 o to, co by\u0142o trzy lata temu, i skupianiu si\u0119 na tym, kogo trzeba wsadzi\u0107 do wi\u0119zienia, zapominaj\u0105c o sprawach strategicznych, zasadniczych, pewnej ci\u0105g\u0142o\u015bci i budowania majestatu i przysz\u0142o\u015bci Rzeczypospolitej Polskiej. Potrzebujemy dzi\u015b pewnej stabilizacji \u017cycia politycznego w Polsce.<\/p>\n\n\n\n<p class=\"wp-block-paragraph\">(\u2026)<\/p>\n\n\n\n<p class=\"wp-block-paragraph\">Chc\u0119 Pa\u0144stwu zameldowa\u0107, \u017ce w ci\u0105gu roku dzia\u0142ania Kancelarii Prezydenta uda\u0142o si\u0119 zgromadzi\u0107 siedmiuset wybitnych, profesjonalnych, w zasadniczej cz\u0119\u015bci niezwi\u0105zanych z polityk\u0105 przedstawicieli w prezydenckich radach.<\/p>\n\n\n\n<p class=\"wp-block-paragraph\">Siedemset os\u00f3b, kt\u00f3re w spos\u00f3b spo\u0142eczny, bez pobierania \u015brodk\u00f3w finansowych, analizuj\u0105 prezydenckie prawo i od roku przygotowuj\u0105 prezydenck\u0105 strategi\u0119 rozwoju na najbli\u017csze p\u00f3\u0142tora roku. Dzi\u0119kuj\u0119 Wam, wszystkim spo\u0142ecznikom, kt\u00f3rzy jeste\u015bcie w prezydenckich radach. To niesamowite \u2013 ci ludzie nie zarabiaj\u0105 pieni\u0119dzy w Kancelarii Prezydenta, reprezentuj\u0105 siedemna\u015bcie rad: od kwestii zasadniczych, jak demografia, biznes, gospodarka, do spraw Konstytucji, do spraw m\u0142odzie\u017cy. Przygotowuj\u0105 nie tylko inicjatywy ustawodawcze, ale opiniuj\u0105 tak\u017ce prawo. I co przygotowuj\u0105 w Pa\u0142acu Prezydenckim? Polsk\u0119 naszej przysz\u0142o\u015bci.<\/p>\n\n\n\n<p class=\"wp-block-paragraph\"><strong>Wierz\u0119 g\u0142\u0119boko, \u017ce prezydencka strategia rozwoju, kt\u00f3ra te\u017c formalnie zostanie przedstawiona w ci\u0105gu kilku miesi\u0119cy, stanie si\u0119 w najbli\u017cszych wyborach parlamentarnych punktem odniesienia dla wszystkich tych, kt\u00f3rzy aspiruj\u0105 do rz\u0105dzenia w Rzeczypospolitej Polskiej, realnym planem na przysz\u0142o\u015b\u0107 dla Rzeczypospolitej.<\/strong><\/p>\n\n\n\n<p class=\"wp-block-paragraph\">Prosz\u0119 Was o to, \u017ceby\u015bmy nigdy nie zapomnieli, \u017ce wok\u00f3\u0142 tych wszystkich rzeczy, kt\u00f3re nas r\u00f3\u017cni\u0105 wewn\u0105trz \u015brodowisk politycznych i partyjnych i na zewn\u0105trz, wok\u00f3\u0142 dw\u00f3ch plemion, \u017ceby\u015bmy nigdy nie zapomnieli, \u017ce jeste\u015bmy rodakami. \u017be jest wiele rzeczy, kt\u00f3re nas \u0142\u0105cz\u0105.<\/p>\n\n\n\n<p class=\"wp-block-paragraph\">Prezydencka strategia rozwoju b\u0119dzie otwarta i b\u0119dzie zaproszeniem do dialogu \u015brodowisk politycznych gotowych do wsp\u00f3\u0142pracy z Prezydentem Rzeczypospolitej Polskiej, bo ja po 2027 roku b\u0119d\u0119 i chc\u0119 wsp\u00f3\u0142pracowa\u0107, a o swoich kompromisach m\u00f3wi\u0142em tak\u017ce dzisiaj. Prezydencka strategia rozwoju \u2013 wierz\u0119 g\u0142\u0119boko \u2013 stanie si\u0119 punktem odniesienia w najbli\u017cszej kampanii parlamentarnej, kt\u00f3ra wy\u0142oni polskie si\u0142y patriotyczne kochaj\u0105ce Polsk\u0119, gotowe do dialogu pomi\u0119dzy o\u015brodkiem prezydenckim i przysz\u0142ym premierowskim, aby Polska rozwija\u0142a si\u0119, by\u0142a bezpieczna i by mniej by\u0142o w niej politycznych konflikt\u00f3w.<\/p>\n\n\n\n<p class=\"wp-block-paragraph\">Pan Profesor Wawrzyniec Rymkiewicz, kt\u00f3ry bierze udzia\u0142 w spotkaniach klarysewskich \u2013 formacie, w kt\u00f3rym du\u017co mniej m\u00f3wi\u0119 ni\u017c dzisiaj, a w\u0142a\u015bciwie nic nie m\u00f3wi\u0119, tylko s\u0142ucham \u2013 ostatnio pi\u0119knie m\u00f3wi\u0142, co zapisa\u0142 w swoim artykule w \u201eArcanach\u201d. Konkluzja jego jest taka: Profesor pyta, komu potrzebna jest Polska, i odpowiada w spos\u00f3b oczywisty: Polska jest potrzebna Polakom, bo Polska uszlachetnia Polak\u00f3w, bo podnosi Polak\u00f3w swoj\u0105 histori\u0105, swoj\u0105 kultur\u0105, a poza tym by\u0107 Polakiem to znaczy by\u0107 wolnym cz\u0142owiekiem. Dlatego warto by\u0107 Polakiem.<\/p>\n\n\n\n<p class=\"wp-block-paragraph\">Polska jest potrzebna wszystkim Polakom, a Polsce potrzebni s\u0105 Polacy, bo Polska \u017cyje w naszych sercach, w naszych duszach, \u017cyje dzi\u0119ki nam.<\/p>\n\n\n\n<p class=\"wp-block-paragraph\">Dlatego dzi\u0119kuj\u0119, \u017ce byli\u015bcie dzisiaj ze mn\u0105 w czasie tego wyj\u0105tkowego dnia. Prosz\u0119 te\u017c Was: i wewn\u0105trz \u015brodowisk politycznych, i na zewn\u0105trz politycznego sporu starajmy si\u0119 szuka\u0107 tego, co nas \u0142\u0105czy, budujmy Polsk\u0119 odpowiedzialn\u0105, siln\u0105, bezpieczn\u0105, nasz\u0105 wsp\u00f3ln\u0105. Gra toczy si\u0119 o bardzo wysok\u0105 stawk\u0119. B\u0105d\u017amy razem, b\u0105d\u017acie ze swoim Prezydentem. O to Was prosz\u0119.<\/p>\n\n\n\n<p class=\"wp-block-paragraph\"><strong>Niech B\u00f3g b\u0142ogos\u0142awi Polsce! Niech \u017cyje Polska!<\/strong><\/p>\n\n\n\n<figure class=\"wp-block-embed\"><div class=\"wp-block-embed__wrapper\">\nhttps:\/\/www.prezydent.pl\/aktualnosci\/wypowiedzi-prezydenta-rp\/wystapienia\/prezydent-rp-w-rocznice-zaprzysiezenia-budujmy-polske-odpowiedzialna-silna-bezpieczna,124537\n<\/div><\/figure>\n\n\n\n<p class=\"wp-block-paragraph\"><\/p>\n","protected":false},"excerpt":{"rendered":"<p>Pa\u0142ac Prezydencki 6.08.2026 Moi Kochani, Moi Drodzy Rodacy, przede wszystkim bardzo si\u0119 ciesz\u0119, \u017ce w rok od zaprzysi\u0119\u017cenia jeste\u015bcie tutaj ze swoim Prezydentem, w naszym wsp\u00f3lnym domu \u2013 bo Pa\u0142ac Prezydenta jest naszym wsp\u00f3lnym domem. Wy po prostu 1 czerwca zdecydowali\u015bcie o tym, \u017ce mam by\u0107 Waszym g\u0142osem w tym Pa\u0142acu Prezydenckim, i przez ca\u0142y&hellip; <a class=\"more-link\" href=\"https:\/\/prawdajestciekawa.pl\/?p=7444\">Czytaj dalej <span class=\"screen-reader-text\">Budujmy Polsk\u0119 odpowiedzialn\u0105, siln\u0105, bezpieczn\u0105<\/span><\/a><\/p>\n","protected":false},"author":6,"featured_media":7445,"comment_status":"open","ping_status":"open","sticky":false,"template":"","format":"standard","meta":{"footnotes":""},"categories":[420],"tags":[],"class_list":["post-7444","post","type-post","status-publish","format-standard","has-post-thumbnail","hentry","category-nr-93","entry"],"_links":{"self":[{"href":"https:\/\/prawdajestciekawa.pl\/index.php?rest_route=\/wp\/v2\/posts\/7444","targetHints":{"allow":["GET"]}}],"collection":[{"href":"https:\/\/prawdajestciekawa.pl\/index.php?rest_route=\/wp\/v2\/posts"}],"about":[{"href":"https:\/\/prawdajestciekawa.pl\/index.php?rest_route=\/wp\/v2\/types\/post"}],"author":[{"embeddable":true,"href":"https:\/\/prawdajestciekawa.pl\/index.php?rest_route=\/wp\/v2\/users\/6"}],"replies":[{"embeddable":true,"href":"https:\/\/prawdajestciekawa.pl\/index.php?rest_route=%2Fwp%2Fv2%2Fcomments&post=7444"}],"version-history":[{"count":1,"href":"https:\/\/prawdajestciekawa.pl\/index.php?rest_route=\/wp\/v2\/posts\/7444\/revisions"}],"predecessor-version":[{"id":7452,"href":"https:\/\/prawdajestciekawa.pl\/index.php?rest_route=\/wp\/v2\/posts\/7444\/revisions\/7452"}],"wp:featuredmedia":[{"embeddable":true,"href":"https:\/\/prawdajestciekawa.pl\/index.php?rest_route=\/wp\/v2\/media\/7445"}],"wp:attachment":[{"href":"https:\/\/prawdajestciekawa.pl\/index.php?rest_route=%2Fwp%2Fv2%2Fmedia&parent=7444"}],"wp:term":[{"taxonomy":"category","embeddable":true,"href":"https:\/\/prawdajestciekawa.pl\/index.php?rest_route=%2Fwp%2Fv2%2Fcategories&post=7444"},{"taxonomy":"post_tag","embeddable":true,"href":"https:\/\/prawdajestciekawa.pl\/index.php?rest_route=%2Fwp%2Fv2%2Ftags&post=7444"}],"curies":[{"name":"wp","href":"https:\/\/api.w.org\/{rel}","templated":true}]}}