{"id":7432,"date":"2026-08-26T16:14:12","date_gmt":"2026-08-26T14:14:12","guid":{"rendered":"https:\/\/prawdajestciekawa.pl\/?p=7432"},"modified":"2026-08-26T16:14:12","modified_gmt":"2026-08-26T14:14:12","slug":"mala-warszawa-ale-wielka-polska","status":"publish","type":"post","link":"https:\/\/prawdajestciekawa.pl\/?p=7432","title":{"rendered":"Ma\u0142a Warszawa ale Wielka Polska"},"content":{"rendered":"\n<p class=\"has-text-color has-link-color wp-elements-1 wp-block-paragraph\" style=\"color:#ff0000\"><strong><em>Piknik Idei 31.07.2026<\/em><\/strong><\/p>\n\n\n\n<p class=\"has-large-font-size wp-block-paragraph\">W \u015brodku wakacji, w upalny pi\u0105tkowy dzie\u0144 tysi\u0105ce ludzi przysz\u0142o pos\u0142ucha\u0107, podyskutowa\u0107 i pomy\u015ble\u0107 nad przysz\u0142o\u015bci\u0105 Polski i perspektywach jej rozwoju. Wydarzenie <strong>Rozw\u00f3j + Wy<\/strong> zgromadzi\u0142o ludzi r\u00f3\u017cnych zapatrywa\u0144 i opcji politycznych, poniewa\u017c przyci\u0105gn\u0119\u0142o formu\u0142\u0105 debaty otwartej na wszystkich, kt\u00f3rzy poszukuj\u0105 dobrych rozwi\u0105za\u0144 dla Polski. Przewin\u0119\u0142a si\u0119 plejada teoretyk\u00f3w i praktyk\u00f3w my\u015bli politycznej, spo\u0142ecznej, gospodarczej, kulturalnej oraz zwi\u0105zanej z bezpiecze\u0144stwem pa\u0144stwa. Publicy\u015bci, politycy, tw\u00f3rcy, spo\u0142ecznicy, przedsi\u0119biorcy i managerowie zastanawiali si\u0119 nad programem koniecznych zmian oraz nad warunkami osi\u0105gni\u0119cia dynamicznego rozwoju naszego kraju. Quo Vadis Polsko?<\/p>\n\n\n\n<figure class=\"wp-block-image size-full\"><img loading=\"lazy\" decoding=\"async\" width=\"600\" height=\"600\" src=\"https:\/\/prawdajestciekawa.pl\/wp-content\/uploads\/2026\/08\/Obraz1.jpg\" alt=\"\" class=\"wp-image-7434\" srcset=\"https:\/\/prawdajestciekawa.pl\/wp-content\/uploads\/2026\/08\/Obraz1.jpg 600w, https:\/\/prawdajestciekawa.pl\/wp-content\/uploads\/2026\/08\/Obraz1-150x150.jpg 150w, https:\/\/prawdajestciekawa.pl\/wp-content\/uploads\/2026\/08\/Obraz1-300x300.jpg 300w, https:\/\/prawdajestciekawa.pl\/wp-content\/uploads\/2026\/08\/Obraz1-450x450.jpg 450w, https:\/\/prawdajestciekawa.pl\/wp-content\/uploads\/2026\/08\/Obraz1-100x100.jpg 100w\" sizes=\"auto, (max-width: 600px) 100vw, 600px\" \/><\/figure>\n\n\n\n<p class=\"wp-block-paragraph\">Jeden z bardzo wielu paneli poprowadzi\u0142a Jadwiga Emilewicz: <strong>25% PKB. Plan dla inwestycyjnego skoku Polski<\/strong>. Przytaczamy ciekawsze fragmenty.<\/p>\n\n\n\n<p class=\"wp-block-paragraph\">Dzi\u0119kujemy za pa\u0144stwa obecno\u015b\u0107. Dzi\u0119kujemy, \u017ce mo\u017cemy si\u0119 spotka\u0107 w \u015brodku wakacji na bardzo motywuj\u0105cym wydarzeniu. Wydarzeniu, kt\u00f3re, mam nadziej\u0119, pozwoli spe\u0142ni\u0107 wiele oczekiwa\u0144, zw\u0142aszcza m\u0142odego pokolenia, kt\u00f3re dzisiaj tak silnie jest reprezentowane. To, o czym tutaj, na tych wszystkich scenach b\u0119dziemy rozmawia\u0107, to tym g\u0142\u00f3wnym has\u0142em przewodnim jest: jak sprawi\u0107, \u017ceby m\u0142odzi Polacy nie my\u015bleli o tym, \u017ceby wyje\u017cd\u017ca\u0107 z Polski, \u017ceby chcieli z Polsk\u0105 wi\u0105zali swoj\u0105 przysz\u0142o\u015b\u0107, \u017ceby to tutaj chcieli rozwija\u0107 swoje wielkie i \u015bmia\u0142e projekty biznesowe. Ale co wi\u0119cej, aby te kilkana\u015bcie milion\u00f3w Polak\u00f3w, m\u0142odych Polak\u00f3w \u017cyj\u0105cych poza granicami Polski, chcia\u0142o tutaj wr\u00f3ci\u0107, bo to zaklejanie luki demograficznej mo\u017ce odbywa\u0107 si\u0119 na r\u00f3\u017cne sposoby i to jest jeden z nich, kt\u00f3ry jest najprostszy.<\/p>\n\n\n\n<p class=\"wp-block-paragraph\">Ja dzi\u015b b\u0119d\u0119 mia\u0142a przyjemno\u015b\u0107 rozmawia\u0107 z pa\u0144stwem i z naszymi wybitnymi go\u015b\u0107mi na temat tego, jak poradzi\u0107 sobie z pewnym drobnym elementem. Bo z jednej strony m\u00f3wimy dzisiaj o polskim cudzie gospodarczym, o tym, \u017ce wzrost polskiego PKB na tle innych kraj\u00f3w Europy jest dwu-, trzykrotnie wy\u017cszy. O tym, \u017ce pomimo COVID i tego, \u017ce polska gospodarka jest zwi\u0105zana z gospodark\u0105 niemieck\u0105, my ucierpieli\u015bmy stosunkowo niewiele. Sta\u0142o si\u0119 to cz\u0119\u015bciowo za spraw\u0105 tego, \u017ce dobrze przygotowali\u015bmy dobre polityki publiczne, ale przede wszystkim dlatego, \u017ce mamy niezwykle zwinnych, elastycznych i chc\u0105cych, zdolnych dostosowywa\u0107 si\u0119 do trudnych warunk\u00f3w przedsi\u0119biorc\u00f3w. To jest jedna strona tego krajobrazu.<\/p>\n\n\n\n<p class=\"wp-block-paragraph\">Natomiast chcia\u0142abym dzisiaj porozmawia\u0107 o wyzwaniu, jakim jest skala polskich inwestycji. To jest przedmiot i temat, o kt\u00f3rym wstydliwie wiele rz\u0105d\u00f3w nie m\u00f3wi. Ka\u017cdy zaczyna z du\u017cymi ambicjami. Kiedy my zaczynali\u015bmy w 2015 roku, kiedy pisali\u015bmy \u201eStrategi\u0119 na rzecz odpowiedzialnego rozwoju\u201d, ona zak\u0142ada\u0142a, \u017ce w 2025 poziom inwestycji b\u0119dzie nie ni\u017cszy ni\u017c 21%, czyli tyle, ile w rekordowo wysokim 2011 roku. Przypomn\u0119, \u017ce w\u00f3wczas ten skok by\u0142 nap\u0119dzany \u2013 nie wiem, czy pa\u0144stwo pami\u0119taj\u0105, dlaczego te inwestycje by\u0142y tak du\u017ce w tamtym roku? Dzi\u0119kuj\u0119 za te m\u0119skie g\u0142osy. Bo budowali\u015bmy stadiony i to oczywi\u015bcie dobrze, ale woleliby\u015bmy pewnie, \u017ceby wi\u0119cej IP, wi\u0119cej wysokowolumenowych, wysokowarto\u015bciowych inwestycji w Polsce si\u0119 wydarzy\u0142o.<\/p>\n\n\n\n<p class=\"wp-block-paragraph\">I taki by\u0142 cel \u201eStrategii na rzecz odpowiedzialnego rozwoju\u201d. Dzisiaj nie tylko nie mamy poziomu 21%, ale ten poziom w ubieg\u0142ym roku spad\u0142 do 16,9% w relacji do PKB. To oznacza, \u017ce jest o 3 punkty procentowe ni\u017cszy ni\u017c \u015brednia europejska. A zatem, jak widzimy, obecny rz\u0105d raczej w tym zakresie nie ma zbyt wielu pomys\u0142\u00f3w. My chcemy sobie powiedzie\u0107 o tym, jak sprawi\u0107, aby kiedy spotkamy si\u0119 za rok na tej scenie, aby wszyscy mogli powiedzie\u0107: \u201eRuszy\u0142o\u201d. I mam nadziej\u0119, \u017ce to b\u0119dzie konkluzja tego naszego dzisiejszego spotkania.<\/p>\n\n\n\n<p class=\"wp-block-paragraph\">Jedna uwaga techniczna. Ca\u0142e nasze wydarzenie jest w j\u0119zyku polskim, ale ciesz\u0119 si\u0119, \u017ce mamy go\u015bci zza granicy. Jedn\u0105 z os\u00f3b, kt\u00f3ra przyj\u0119\u0142a zaproszenie, jest Jan Ruzicka, reprezentuj\u0105cy jeden z najwi\u0119kszych funduszy inwestycyjnych w Europie. I ten fundusz jest, po pierwsze, prywatny, powsta\u0142 bez udzia\u0142u Skarbu Pa\u0144stwa i po drugie jest u naszych po\u0142udniowych s\u0105siad\u00f3w, co jest przedmiotem mojej osobistej zazdro\u015bci. Wiele razy, kiedy rozmawiam z Janem, on m\u00f3wi\u0142: \u201eMy zbudujemy wi\u0119cej ni\u017c wy\u201d. No i to jest taki zak\u0142ad, kt\u00f3ry sobie zrobili\u015bmy. Wi\u0119c Jan Ruzicka, przedstawiciel czeskiego funduszu inwestycyjnego PPF, znanego pa\u0144stwu pewnie najbardziej z tego, \u017ce zdecydowa\u0142 si\u0119 kilka lat temu zainwestowa\u0107 w InPost, dzi\u0119ki temu InPost m\u00f3g\u0142 poszybowa\u0107 i rozwin\u0105\u0107 si\u0119 na innych rynkach w ci\u0105gu ostatnich dw\u00f3ch lat.<\/p>\n\n\n\n<p class=\"wp-block-paragraph\">Kolejnym go\u015bciem, wspomniany ju\u017c Pawe\u0142 Borys, z wieloletnim do\u015bwiadczeniem bankowym, wcze\u015bniej, przed Polskim Funduszem Rozwoju, w PKO BP, a nast\u0119pnie postawi\u0142 Polski Fundusz Rozwoju, kt\u00f3ry sprawdzi\u0142 si\u0119 i sta\u0142 si\u0119 superznany w czasie pandemii. Ale jego aktywno\u015b\u0107 to nie tylko pomoc przedsi\u0119biorcom w k\u0142opotach, ale tak\u017ce koinwestycje, dzi\u0119ki czemu mo\u017cemy dzi\u015b ci\u0105gle m\u00f3wi\u0107, \u017ce mamy PES\u0118. Bo gdyby nie aktywno\u015b\u0107 w pewnym momencie i odwa\u017cna decyzja prezesa Polskiego Funduszu Rozwoju, PESY prawdopodobnie dzisiaj nie by\u0142oby na polskim rynku.<\/p>\n\n\n\n<p class=\"wp-block-paragraph\">Polski Fundusz Rozwoju powsta\u0142 po to i w taki spos\u00f3b go ty rozwija\u0142e\u015b, aby mobilizowa\u0107 inwestycje prywatne, aby wspiera\u0107 tych, powiedzmy, \u015brednio wi\u0119kszych prywatnych w\u0142a\u015bcicieli w odwadze decyzyjnej do inwestowania. No i skala inwestycji, jaka jest, widzimy dzisiaj. Powiedz, co musia\u0142oby si\u0119 jeszcze zmieni\u0107? Czy jest potrzebne jeszcze wi\u0119cej wsparcia publicznego do tego, \u017ceby inwestorzy inwestowali w Polsce?<\/p>\n\n\n\n<p class=\"wp-block-paragraph\">Pawe\u0142 Borys: Troch\u0119 na obron\u0119 powiem, \u017ce jak zobaczy\u0142em tytu\u0142 tego panelu, to mia\u0142em ma\u0142e <em>d\u00e9j\u00e0 vu<\/em>. Dlatego, bo pami\u0119tam tak\u0105 dyskusj\u0119 dziesi\u0119\u0107 lat temu w Ministerstwie Rozwoju z udzia\u0142em Mateusza Morawieckiego, wtedy wicepremiera, ministra rozwoju. Siedzieli\u015bmy nad strategi\u0105 odpowiedzialnego rozwoju. No i w\u0142a\u015bnie premier rzuci\u0142 ten cel \u2013 25% stopa inwestycji. Ja powiem, \u017ce by\u0142em troch\u0119 sceptyczny, m\u00f3wi\u0142em, \u017ce mo\u017ce to jest troch\u0119 zbyt ambitne.<\/p>\n\n\n\n<figure class=\"wp-block-gallery alignwide has-nested-images columns-default is-cropped wp-block-gallery-1 is-layout-flex wp-block-gallery-is-layout-flex\">\n<figure class=\"wp-block-image size-large\"><img loading=\"lazy\" decoding=\"async\" width=\"1024\" height=\"777\" data-id=\"7438\" src=\"https:\/\/prawdajestciekawa.pl\/wp-content\/uploads\/2026\/08\/WhatsApp-Image-2026-08-15-at-01.43-26-1024x777.jpg\" alt=\"\" class=\"wp-image-7438\" srcset=\"https:\/\/prawdajestciekawa.pl\/wp-content\/uploads\/2026\/08\/WhatsApp-Image-2026-08-15-at-01.43-26-1024x777.jpg 1024w, https:\/\/prawdajestciekawa.pl\/wp-content\/uploads\/2026\/08\/WhatsApp-Image-2026-08-15-at-01.43-26-300x228.jpg 300w, https:\/\/prawdajestciekawa.pl\/wp-content\/uploads\/2026\/08\/WhatsApp-Image-2026-08-15-at-01.43-26-768x583.jpg 768w, https:\/\/prawdajestciekawa.pl\/wp-content\/uploads\/2026\/08\/WhatsApp-Image-2026-08-15-at-01.43-26-449x341.jpg 449w, https:\/\/prawdajestciekawa.pl\/wp-content\/uploads\/2026\/08\/WhatsApp-Image-2026-08-15-at-01.43-26-599x455.jpg 599w, https:\/\/prawdajestciekawa.pl\/wp-content\/uploads\/2026\/08\/WhatsApp-Image-2026-08-15-at-01.43-26.jpg 1200w\" sizes=\"auto, (max-width: 1024px) 100vw, 1024px\" \/><\/figure>\n\n\n\n<figure class=\"wp-block-image size-large\"><img loading=\"lazy\" decoding=\"async\" width=\"1024\" height=\"775\" data-id=\"7437\" src=\"https:\/\/prawdajestciekawa.pl\/wp-content\/uploads\/2026\/08\/WhatsApp-Image-2026-08-15-at-01.43-27-1024x775.jpg\" alt=\"\" class=\"wp-image-7437\" srcset=\"https:\/\/prawdajestciekawa.pl\/wp-content\/uploads\/2026\/08\/WhatsApp-Image-2026-08-15-at-01.43-27-1024x775.jpg 1024w, https:\/\/prawdajestciekawa.pl\/wp-content\/uploads\/2026\/08\/WhatsApp-Image-2026-08-15-at-01.43-27-300x227.jpg 300w, https:\/\/prawdajestciekawa.pl\/wp-content\/uploads\/2026\/08\/WhatsApp-Image-2026-08-15-at-01.43-27-768x581.jpg 768w, https:\/\/prawdajestciekawa.pl\/wp-content\/uploads\/2026\/08\/WhatsApp-Image-2026-08-15-at-01.43-27-449x340.jpg 449w, https:\/\/prawdajestciekawa.pl\/wp-content\/uploads\/2026\/08\/WhatsApp-Image-2026-08-15-at-01.43-27-600x454.jpg 600w, https:\/\/prawdajestciekawa.pl\/wp-content\/uploads\/2026\/08\/WhatsApp-Image-2026-08-15-at-01.43-27.jpg 1200w\" sizes=\"auto, (max-width: 1024px) 100vw, 1024px\" \/><\/figure>\n\n\n\n<figure class=\"wp-block-image size-large\"><img loading=\"lazy\" decoding=\"async\" width=\"1024\" height=\"593\" data-id=\"7439\" src=\"https:\/\/prawdajestciekawa.pl\/wp-content\/uploads\/2026\/08\/WhatsApp-Image-2026-08-15-at-01.43-30-1024x593.jpg\" alt=\"\" class=\"wp-image-7439\" srcset=\"https:\/\/prawdajestciekawa.pl\/wp-content\/uploads\/2026\/08\/WhatsApp-Image-2026-08-15-at-01.43-30-1024x593.jpg 1024w, https:\/\/prawdajestciekawa.pl\/wp-content\/uploads\/2026\/08\/WhatsApp-Image-2026-08-15-at-01.43-30-300x174.jpg 300w, https:\/\/prawdajestciekawa.pl\/wp-content\/uploads\/2026\/08\/WhatsApp-Image-2026-08-15-at-01.43-30-767x444.jpg 767w, https:\/\/prawdajestciekawa.pl\/wp-content\/uploads\/2026\/08\/WhatsApp-Image-2026-08-15-at-01.43-30-449x260.jpg 449w, https:\/\/prawdajestciekawa.pl\/wp-content\/uploads\/2026\/08\/WhatsApp-Image-2026-08-15-at-01.43-30-599x347.jpg 599w, https:\/\/prawdajestciekawa.pl\/wp-content\/uploads\/2026\/08\/WhatsApp-Image-2026-08-15-at-01.43-30.jpg 1200w\" sizes=\"auto, (max-width: 1024px) 100vw, 1024px\" \/><\/figure>\n\n\n\n<figure class=\"wp-block-image size-large\"><img loading=\"lazy\" decoding=\"async\" width=\"1024\" height=\"715\" data-id=\"7440\" src=\"https:\/\/prawdajestciekawa.pl\/wp-content\/uploads\/2026\/08\/WhatsApp-Image-2026-08-15-at-01.43-33-1024x715.jpg\" alt=\"\" class=\"wp-image-7440\" srcset=\"https:\/\/prawdajestciekawa.pl\/wp-content\/uploads\/2026\/08\/WhatsApp-Image-2026-08-15-at-01.43-33-1024x715.jpg 1024w, https:\/\/prawdajestciekawa.pl\/wp-content\/uploads\/2026\/08\/WhatsApp-Image-2026-08-15-at-01.43-33-300x210.jpg 300w, https:\/\/prawdajestciekawa.pl\/wp-content\/uploads\/2026\/08\/WhatsApp-Image-2026-08-15-at-01.43-33-768x536.jpg 768w, https:\/\/prawdajestciekawa.pl\/wp-content\/uploads\/2026\/08\/WhatsApp-Image-2026-08-15-at-01.43-33-450x314.jpg 450w, https:\/\/prawdajestciekawa.pl\/wp-content\/uploads\/2026\/08\/WhatsApp-Image-2026-08-15-at-01.43-33-600x419.jpg 600w, https:\/\/prawdajestciekawa.pl\/wp-content\/uploads\/2026\/08\/WhatsApp-Image-2026-08-15-at-01.43-33.jpg 1200w\" sizes=\"auto, (max-width: 1024px) 100vw, 1024px\" \/><\/figure>\n\n\n\n<figure class=\"wp-block-image size-large\"><img loading=\"lazy\" decoding=\"async\" width=\"1024\" height=\"768\" data-id=\"7441\" src=\"https:\/\/prawdajestciekawa.pl\/wp-content\/uploads\/2026\/08\/WhatsApp-Image-2026-08-15-at-01.43-35-1024x768.jpg\" alt=\"\" class=\"wp-image-7441\" srcset=\"https:\/\/prawdajestciekawa.pl\/wp-content\/uploads\/2026\/08\/WhatsApp-Image-2026-08-15-at-01.43-35-1024x768.jpg 1024w, https:\/\/prawdajestciekawa.pl\/wp-content\/uploads\/2026\/08\/WhatsApp-Image-2026-08-15-at-01.43-35-300x225.jpg 300w, https:\/\/prawdajestciekawa.pl\/wp-content\/uploads\/2026\/08\/WhatsApp-Image-2026-08-15-at-01.43-35-768x576.jpg 768w, https:\/\/prawdajestciekawa.pl\/wp-content\/uploads\/2026\/08\/WhatsApp-Image-2026-08-15-at-01.43-35-449x337.jpg 449w, https:\/\/prawdajestciekawa.pl\/wp-content\/uploads\/2026\/08\/WhatsApp-Image-2026-08-15-at-01.43-35-600x450.jpg 600w, https:\/\/prawdajestciekawa.pl\/wp-content\/uploads\/2026\/08\/WhatsApp-Image-2026-08-15-at-01.43-35.jpg 1200w\" sizes=\"auto, (max-width: 1024px) 100vw, 1024px\" \/><\/figure>\n\n\n\n<figure class=\"wp-block-image size-large\"><img loading=\"lazy\" decoding=\"async\" width=\"1024\" height=\"768\" data-id=\"7442\" src=\"https:\/\/prawdajestciekawa.pl\/wp-content\/uploads\/2026\/08\/WhatsApp-Image-2026-08-15-at-01.43-36-1024x768.jpg\" alt=\"\" class=\"wp-image-7442\" srcset=\"https:\/\/prawdajestciekawa.pl\/wp-content\/uploads\/2026\/08\/WhatsApp-Image-2026-08-15-at-01.43-36-1024x768.jpg 1024w, https:\/\/prawdajestciekawa.pl\/wp-content\/uploads\/2026\/08\/WhatsApp-Image-2026-08-15-at-01.43-36-300x225.jpg 300w, https:\/\/prawdajestciekawa.pl\/wp-content\/uploads\/2026\/08\/WhatsApp-Image-2026-08-15-at-01.43-36-768x576.jpg 768w, https:\/\/prawdajestciekawa.pl\/wp-content\/uploads\/2026\/08\/WhatsApp-Image-2026-08-15-at-01.43-36-449x337.jpg 449w, https:\/\/prawdajestciekawa.pl\/wp-content\/uploads\/2026\/08\/WhatsApp-Image-2026-08-15-at-01.43-36-600x450.jpg 600w, https:\/\/prawdajestciekawa.pl\/wp-content\/uploads\/2026\/08\/WhatsApp-Image-2026-08-15-at-01.43-36.jpg 1200w\" sizes=\"auto, (max-width: 1024px) 100vw, 1024px\" \/><\/figure>\n<\/figure>\n\n\n\n<p class=\"wp-block-paragraph\">Ale co innego chcia\u0142em powiedzie\u0107. Same inwestycje te\u017c nie powinni\u015bmy jako\u015b fetyszyzowa\u0107. To nie jest cel sam w sobie. Celem w sobie jest to, \u017ceby budowa\u0107 wzrost gospodarczy, rozw\u00f3j, dochody, bogactwo. I Polsce wbrew niskiej stopie inwestycji to si\u0119 udaje robi\u0107. W 2000 roku mieli\u015bmy stop\u0119 inwestycji dwadzie\u015bcia cztery. Ona spada przez 26 lat do siedemnastu teraz. \u015arednia unijna jest dwadzie\u015bcia jeden. No ale my ro\u015bniemy dwa razy szybciej ni\u017c Unia Europejska. Dzieje si\u0119 to g\u0142\u00f3wnie dzi\u0119ki nie inwestycjom kapita\u0142owym, tylko inwestycjom w ludzi. Znaczy Polska dzi\u0119ki \u2013 mo\u017cemy si\u0119 dziwi\u0107 \u2013dobremu systemowi edukacji na tle innych kraj\u00f3w, naprawd\u0119 du\u017cemu skokowi umiej\u0119tno\u015bci nas jako pracownik\u00f3w. Jeste\u015bmy warto\u015bciowymi pracownikami, chce nam si\u0119 przede wszystkim. Jeste\u015bmy ambitni.<\/p>\n\n\n\n<p class=\"wp-block-paragraph\">Szybko przyswajamy pewne technologie, no bo jednak rozwijamy si\u0119 w du\u017cej mierze przez to, \u017ce szybko przyswajamy te technologie, kt\u00f3re gdzie\u015b tam indziej s\u0105 tworzone na \u015bwiecie. Natomiast, rzeczywi\u015bcie, tutaj si\u0119 zgadzam, \u017ce w pewnym momencie te silniki mog\u0105 si\u0119 wyczerpywa\u0107, mog\u0105 nie by\u0107 wystarczaj\u0105ce. Oczywi\u015bcie mamy gospodark\u0119 opart\u0105 o wiedz\u0119, wi\u0119c nadal to \u2013 \u017ceby\u015bmy poprawiali nasz system edukacji, \u017ceby on by\u0142 nowoczesny, \u017ceby\u015bmy mieli dopasowane kwalifikacje na rynku pracy do potrzeb tego rynku pracy, \u017ceby\u015bmy tworzyli lider\u00f3w, a nie takie osoby, kt\u00f3re si\u0119 boj\u0105 w\u0142asnego cienia. No bo ja uwa\u017cam, \u017ce g\u0142\u00f3wnym problemem z inwestycjami w sp\u00f3\u0142kach Skarbu Pa\u0144stwa, jak bior\u0105 si\u0119 za zarz\u0105dzanie ludzie, kt\u00f3rzy maj\u0105 albo 2 lewe r\u0119ce, albo si\u0119 boj\u0105 w\u0142asnego cienia. No i tak to si\u0119 p\u00f3\u017aniej \u017ale ko\u0144czy, \u017ce budujemy elektrowni\u0119 atomow\u0105 40 czy 50 lat, z dwudziestoletni\u0105 przerw\u0105 w mi\u0119dzyczasie.<\/p>\n\n\n\n<p class=\"wp-block-paragraph\">Bo w pewnym momencie trzeba podj\u0105\u0107 decyzj\u0119, trzeba mie\u0107 jak\u0105\u015b wizj\u0119, trzeba mie\u0107 do tego jakie\u015b kompetencje. No i wtedy sprawy id\u0105 do przodu. Jak si\u0119 boimy\u2026 Ja, s\u0142uchajcie, po odej\u015bciu z PFR odpowiedzia\u0142em pewnie na 1500 pyta\u0144 r\u00f3\u017cnych urz\u0119d\u00f3w. No okej, stara\u0142em si\u0119 robi\u0107 to profesjonalnie i \u017ceby sprawy sz\u0142y do przodu.<\/p>\n\n\n\n<p class=\"wp-block-paragraph\">Natomiast wracaj\u0105c do pytania, mi si\u0119 wydaje, \u017ce mamy kilka takich priorytet\u00f3w, czy powinni\u015bmy mie\u0107, \u017ceby pobudzi\u0107 te inwestycje prywatne. Zwr\u00f3\u0107my uwag\u0119 na 5 rzeczy.<\/p>\n\n\n\n<p class=\"wp-block-paragraph\">Pierwsza, chyba najwa\u017cniejsza, to s\u0105 jasne i stabilne regu\u0142y gry. Ja pracowa\u0142em wcze\u015bniej ca\u0142e \u017cycie w sektorze prywatnym, teraz pracuj\u0119 w sektorze prywatnym. To jest rzeczywi\u015bcie tak, \u017ce przedsi\u0119biorcy boj\u0105 si\u0119 tych urz\u0119d\u00f3w skarbowych, ZUS-u. Jak id\u0105 do s\u0105du, to czasami si\u0119 zastanawiaj\u0105, czy jest sens. Dowiem si\u0119, czy mamy racj\u0119, czy nie za 7 lat. No to jest powa\u017cny problem. Te regu\u0142y musz\u0105 by\u0107 jasne, musz\u0105 by\u0107 stabilne. Powinni\u015bmy upro\u015bci\u0107 system podatkowy i du\u017co zosta\u0142o zrobione. Wy wsp\u00f3lnie z premierem Mateuszem Morawieckim wdra\u017cali\u015bcie t\u0119 konstytucj\u0119 dla biznesu. Ten <em>mindset<\/em> si\u0119 troch\u0119 zmieni\u0142, ale jeszcze powinien by\u0107 wykonany kolejny krok. A mamy fataln\u0105 sytuacj\u0119 w finansach publicznych. Ja si\u0119 boj\u0119, \u017ce b\u0119dzie odwrotnie, \u017ce b\u0119dzie taka pr\u00f3ba przykr\u0119cania \u015bruby przedsi\u0119biorcom, \u017ceby troch\u0119 te przychody bud\u017cetowe poprawi\u0107. Wi\u0119c pierwsza rzecz \u2014 jasne, stabilne regu\u0142y gry dla sektora przedsi\u0119biorstw.<\/p>\n\n\n\n<p class=\"wp-block-paragraph\">Druga rzecz, to oczywi\u015bcie we wsp\u00f3\u0142czesnej gospodarce, gdzie trwa dynamiczna rewolucja technologiczna, to jest nowoczesno\u015b\u0107 i nowe technologie. Niestety jeste\u015bmy w Unii Europejskiej ca\u0142y czas na ko\u0144cu, je\u017celi chodzi o absorpcj\u0119 takich technologii jak chmura obliczeniowa czy AI. Musimy to przyspieszy\u0107, a to jest kwestia te\u017c kompetencji dopasowanych do potrzeb rynku pracy.<\/p>\n\n\n\n<p class=\"wp-block-paragraph\">Kolejna trzecia kwestia. Ona jest najtrudniejsza chyba do pokonania, bo nasz\u0105 si\u0142\u0105 s\u0105 ma\u0142e i \u015brednie firmy. Ponad 50% PKB, 70% zatrudnienia. Tam realnie si\u0119 tworz\u0105 miejsca pracy, ale maj\u0105 dwie du\u017ce s\u0142abo\u015bci. Nie maj\u0105 a\u017c tak du\u017cych aspiracji i mo\u017cliwo\u015bci, \u017ceby du\u017co inwestowa\u0107. Maj\u0105 do\u015b\u0107 niskie aspiracje, \u017ceby rozwija\u0107 si\u0119 mi\u0119dzynarodowo. Nie maj\u0105 mo\u017cliwo\u015bci inwestowania w nowe technologie. Pracuj\u0105 g\u0142\u00f3wnie serwisowo w ramach tych mi\u0119dzynarodowych \u0142a\u0144cuch\u00f3w dostaw, zamiast tworzy\u0107 w\u0142asne produkty, rozwijaj\u0105c na rynkach \u015bwiatowych. I maj\u0105 te\u017c ni\u017cszy kapita\u0142. Tak. I to by\u0142 g\u0142\u00f3wny pow\u00f3d, dla kt\u00f3rego by\u0142em sceptyczny co do tego celu 25%, bo tego si\u0119 z dnia na dzie\u0144 nie da zmieni\u0107. Sektor ma\u0142ych i \u015brednich firm musi si\u0119 troch\u0119 pokonsolidowa\u0107. Niekt\u00f3re bran\u017ce musz\u0105 potworzy\u0107 troch\u0119 wi\u0119ksze organizmy, \u017ceby rzeczywi\u015bcie te firmy by\u0142y na tyle silne, \u017ceby mog\u0142y inwestowa\u0107.<\/p>\n\n\n\n<p class=\"wp-block-paragraph\">Czwarty element to jest internacjonalizacja, czyli, no mamy ten przywilej, \u017ce mamy du\u017cy lokalny rynek, ale to troch\u0119 jest te\u017c nasza kl\u0105twa. Najwi\u0119ksz\u0105 stop\u0119 inwestycji w Europie maj\u0105 Czechy, kt\u00f3re s\u0105 troch\u0119 mniejsz\u0105 lokaln\u0105 gospodark\u0105 i ma Estonia, kt\u00f3ra jest taka jak Warszawa. Tam przedsi\u0119biorca musi od razu my\u015ble\u0107 w kategoriach ekspansji mi\u0119dzynarodowej. A u nas w\u0142a\u015bnie tej ekspansji mi\u0119dzynarodowej jest relatywnie ma\u0142o, chocia\u017c mamy sporo ju\u017c przyk\u0142ad\u00f3w sukces\u00f3w przedsi\u0119biorc\u00f3w, kt\u00f3rzy to osi\u0105gn\u0119li.<\/p>\n\n\n\n<p class=\"wp-block-paragraph\">I ostatni, pi\u0105ty priorytet to s\u0105 jednak te kompetencje ludzkie. To b\u0119d\u0119 podkre\u015bla\u0142. To by\u0142 ten g\u0142\u00f3wny nasz silnik rozwoju, ale w rozumieniu te\u017c kszta\u0142cenia takich zdolno\u015bci przyw\u00f3dczych. Bo czy kto\u015b inwestuje, zale\u017cy od tego, czy on chce podj\u0105\u0107 ryzyko. Bo ka\u017cda inwestycja wi\u0105\u017ce si\u0119 z jakim\u015b ryzykiem. Wi\u0119c to nie jest tylko kwestia, czy co\u015b potrafimy robi\u0107 technicznie, ale rzeczywi\u015bcie czy podejmujemy to ryzyko, mamy wizj\u0119, wiemy, jak to zrobi\u0107 i to robimy. I ja to widz\u0119 z perspektywy teraz funduszu, kt\u00f3ry inwestuje w firmy. Jak czasami ci menad\u017cerowie tam potrzebuj\u0105 tego wsparcia. Oni maj\u0105 szereg w\u0105tpliwo\u015bci. Inwestowa\u0107, nie inwestowa\u0107? Mo\u017ce jest dobrze tak, jak jest? I czasami jak si\u0119 tam troch\u0119 nie popchnie i nie zach\u0119ci, to jest bardzo trudno i bardzo \u0142atwo odr\u00f3\u017cni\u0107 menad\u017cera, kt\u00f3ry jest silnym liderem, od takiego, kt\u00f3ry bardziej jest nastawiony na to, \u017ceby troch\u0119 trwa\u0107. Wi\u0119c te system edukacji ucz\u0105ce tego, aby podejmowa\u0107 ryzyko, zak\u0142ada\u0107 w\u0142asn\u0105 dzia\u0142alno\u015b\u0107 i si\u0119 rozwija\u0107.<\/p>\n\n\n\n<p class=\"wp-block-paragraph\">Jadwiga Emilewicz: Bardzo dzi\u0119kuj\u0119 za te 5 punkt\u00f3w. Ja pewnie odwa\u017cy\u0142abym si\u0119 do nich doda\u0107 jeszcze jeden element ze strony publicznej znowu. Czyli my pomijamy troch\u0119 w tym dyskursie zam\u00f3wienia publiczne. To znaczy najwi\u0119kszy zas\u00f3b kapita\u0142owy w Polsce, jaki rokrocznie trafia na rynek, trafia z zam\u00f3wie\u0144 publicznych. Je\u015bli w 96% w ubieg\u0142ym roku podstawowym kryterium by\u0142a cena, cho\u0107 wszyscy odmieniaj\u0105 przez przypadki, \u017ce ju\u017c nie cena, \u017ce jako\u015b\u0107, \u017ce IP, \u017ce innowacje. Je\u015bli jest cena w 96%. Nie odsuwa\u0142abym na bok zam\u00f3wie\u0144 publicznych.<\/p>\n\n\n\n<figure class=\"wp-block-image size-full\"><img loading=\"lazy\" decoding=\"async\" width=\"600\" height=\"600\" src=\"https:\/\/prawdajestciekawa.pl\/wp-content\/uploads\/2026\/08\/Obraz2.jpg\" alt=\"\" class=\"wp-image-7435\" srcset=\"https:\/\/prawdajestciekawa.pl\/wp-content\/uploads\/2026\/08\/Obraz2.jpg 600w, https:\/\/prawdajestciekawa.pl\/wp-content\/uploads\/2026\/08\/Obraz2-150x150.jpg 150w, https:\/\/prawdajestciekawa.pl\/wp-content\/uploads\/2026\/08\/Obraz2-450x450.jpg 450w, https:\/\/prawdajestciekawa.pl\/wp-content\/uploads\/2026\/08\/Obraz2-300x300.jpg 300w, https:\/\/prawdajestciekawa.pl\/wp-content\/uploads\/2026\/08\/Obraz2-100x100.jpg 100w\" sizes=\"auto, (max-width: 600px) 100vw, 600px\" \/><\/figure>\n\n\n\n<p class=\"wp-block-paragraph\">Borys: Ja si\u0119 absolutnie z tym zgadzam. W USA, w wielu krajach system zam\u00f3wie\u0144 publicznych nie tworzy tylko szansy rozwoju firm, ale tworzy g\u0142\u00f3wne d\u017awignie rozwoju nowych technologii. S\u0105 zam\u00f3wienia w\u0142a\u015bnie w obszarze obronno\u015bci&#8230;<\/p>\n\n\n\n<p class=\"wp-block-paragraph\">Jadwiga: Przypomnijmy, SpaceX nie wylecia\u0142by i nie wyl\u0105dowa\u0142, gdyby NASA nie zdecydowa\u0142a si\u0119 powierzy\u0107 Muskowi tego zam\u00f3wienia.<\/p>\n\n\n\n<p class=\"wp-block-paragraph\">Pawe\u0142 Borys: Natomiast, niestety troch\u0119 przez ten <em>mindset<\/em>, jeszcze napoleo\u0144ski, bym powiedzia\u0142, \u017ce nasze prawo to uwielbia wszystko opisa\u0107, skodyfikowa\u0107 do ka\u017cdego ostatniego przecinka. Nasz system zam\u00f3wie\u0144 publicznych by\u0142 taki, \u017ce, wspomnieli\u015bmy, budowane by\u0142y stadiony w 2012, tylko wszystkie firmy, kt\u00f3re je budowa\u0142y, upad\u0142y. Podczas kiedy Hiszpanie korzystali, budowali wzrost gospodarczy, stworzyli o \u015bwiatowym zasi\u0119gu firmy budowlane. Wi\u0119c na szcz\u0119\u015bcie prawo zam\u00f3wie\u0144 publicznych te\u017c zosta\u0142o zmienione za poprzedniego rz\u0105du i troch\u0119 to si\u0119 ucywilizowa\u0142o, ale nadal ten instrument jest za ma\u0142o wykorzystywany.<\/p>\n\n\n\n<p class=\"wp-block-paragraph\">Jadwiga Emilewicz: Na scenie o gospodarce i o inwestycjach nie mog\u0142o zabrakn\u0105\u0107 sektora prywatnego. Jest z nami Adam Zych, kt\u00f3ry prowadzi w\u0142asn\u0105 rodzinn\u0105 firm\u0119 od ponad 20 lat. Ta decyzja o tym, \u017ceby za\u0142o\u017cy\u0107 firm\u0119, a nie p\u00f3j\u015b\u0107 do du\u017cej korporacji, by\u0142a \u015bwiadom\u0105 decyzj\u0105 Adama ponad 20 lat temu. Opr\u00f3cz tego anga\u017cuje si\u0119 r\u00f3wnie\u017c spo\u0142ecznie, bo kilka lat temu by\u0142 inicjatorem, pomys\u0142odawc\u0105 za\u0142o\u017cenia fundacji Projekt PL po to, aby skupia\u0107 przedsi\u0119biorc\u00f3w podobnych jemu, kt\u00f3rych marzeniem jest nie tylko szybkie \u2013 u\u017cywaj\u0105c slangu wsp\u00f3\u0142czesnych m\u0142odych inwestor\u00f3w \u2013 <em>scashowanie<\/em> si\u0119, tudzie\u017c inwestycja w nieruchomo\u015bci w basenie Morza \u015ar\u00f3dziemnego, ale rozwija\u0107 si\u0119 w\u0142a\u015bnie tutaj, inwestowa\u0107 w Polsce i z Polsk\u0105 wi\u0105za\u0107 swoj\u0105 biznesow\u0105 przysz\u0142o\u015b\u0107. Adam, czy mieszkanie w Alicante to racjonalna decyzja inwestycyjna Polaka z kapita\u0142em?<\/p>\n\n\n\n<figure class=\"wp-block-image size-full\"><img loading=\"lazy\" decoding=\"async\" width=\"600\" height=\"600\" src=\"https:\/\/prawdajestciekawa.pl\/wp-content\/uploads\/2026\/08\/zych.jpg\" alt=\"\" class=\"wp-image-7436\" srcset=\"https:\/\/prawdajestciekawa.pl\/wp-content\/uploads\/2026\/08\/zych.jpg 600w, https:\/\/prawdajestciekawa.pl\/wp-content\/uploads\/2026\/08\/zych-150x150.jpg 150w, https:\/\/prawdajestciekawa.pl\/wp-content\/uploads\/2026\/08\/zych-300x300.jpg 300w, https:\/\/prawdajestciekawa.pl\/wp-content\/uploads\/2026\/08\/zych-450x450.jpg 450w, https:\/\/prawdajestciekawa.pl\/wp-content\/uploads\/2026\/08\/zych-100x100.jpg 100w\" sizes=\"auto, (max-width: 600px) 100vw, 600px\" \/><\/figure>\n\n\n\n<p class=\"wp-block-paragraph\">Adam Zych: My\u015bl\u0119, \u017ce to jest konsumpcja. My\u015bl\u0119, \u017ce jedno mieszkanie w Alicante, je\u017celi przedsi\u0119biorca inwestuje w Polsce i traktuje to jako dom wakacyjny z rodzin\u0105, to jest okej.<\/p>\n\n\n\n<p class=\"wp-block-paragraph\">Jadwiga Emilewicz: Rozmawiali\u015bmy o inwestycjach z perspektywy sp\u00f3\u0142ek Skarbu Pa\u0144stwa, funduszu inwestycyjnego, ale porozmawiajmy o nich z perspektywy realnego portfela, czyli kogo\u015b, kto te decyzje realnie podejmuje codziennie, co miesi\u0105c, prowadz\u0105c osobi\u015bcie w\u0142asn\u0105 firm\u0119. Adam, w twoich decyzjach inwestycyjnych co jest najwi\u0119ksz\u0105 przeszkod\u0105 \u2013 czy to jest system prawny, podatki, niestabilno\u015b\u0107, czy obawy administracyjne. Co sprawia, \u017ce albo si\u0119 rozwijasz, albo m\u00f3wisz: \u201eNie, jednak b\u0119d\u0119 bardziej ostro\u017cny\u201d?<\/p>\n\n\n\n<p class=\"wp-block-paragraph\">Adam Zych: Pozwol\u0119 sobie na to, \u017ce wyjd\u0119 poza swoj\u0105 sytuacj\u0119 i postaram si\u0119 powiedzie\u0107 og\u00f3lnie o przedsi\u0119biorcach w Polsce, bo to jest \u015brodowisko, z kt\u00f3rego si\u0119 wywodz\u0119. Znam dziesi\u0105tki, mo\u017ce setki przedsi\u0119biorc\u00f3w i znam bol\u0105czki, ale te\u017c rado\u015bci wielu. My\u015bl\u0119, \u017ce odpowiadaj\u0105c jako ostatni \u2013 wiele rzeczy ju\u017c pad\u0142o i one si\u0119 troszk\u0119 powtarzaj\u0105. To, co Jan m\u00f3wi\u0142 o tej regulacyjnej \u015brubie unijnej. Jest to oczywi\u015bcie wyzwanie dla ka\u017cdego przedsi\u0119biorcy, szczeg\u00f3lnie dla sektora SME (<em>Small and Medium Enterprises<\/em>). W firmie, kt\u00f3ra zatrudnia 70, 100, 150 os\u00f3b, trzeba wype\u0142nia\u0107 te same regulacje, kt\u00f3re wype\u0142niaj\u0105 firmy, kt\u00f3re zatrudniaj\u0105 tysi\u0105ce ludzi, gdzie mog\u0105 sobie na etaty takie osoby zatrudni\u0107. Wi\u0119c dla mnie zatrzymanie tej \u015bruby regulacyjnej \u2013 a pami\u0119tajmy, \u017ce regulacje p\u0142yn\u0105 nie z Warszawy, tylko g\u0142\u00f3wnie z Brukseli. Czyli dochodzi nam ca\u0142y aspekt eurorealizmu i rz\u0105du, kt\u00f3ry potrafi z otwart\u0105 przy\u0142bic\u0105 pojecha\u0107 do Brukseli i rozmawia\u0107, i walczy\u0107 o polskiego przedsi\u0119biorc\u0119, tak jak robi\u0105 to Holendrzy, Niemcy, W\u0142osi. My musimy robi\u0107 to samo, bo tam si\u0119 o tym decyduje. Ale potem, jak ju\u017c to wywalczymy, to co potem si\u0119 okazuje? \u017be w Polsce mamy jeszcze ten s\u0142ynny <em>gold plating<\/em> (poz\u0142acanie, w tym wypadku nadregulacja), \u017ce my to jeszcze poprawiamy i jeszcze dokr\u0119camy \u015brub\u0119 polskiemu przedsi\u0119biorcy.<\/p>\n\n\n\n<p class=\"wp-block-paragraph\">Kolejn\u0105 rzecz\u0105 jest to, o czym m\u00f3wi\u0142 Pawe\u0142 Borys. Edukacja jest superwa\u017cna. My dzisiaj ju\u017c nie jeste\u015bmy krajem, kt\u00f3ry mo\u017ce czerpa\u0107 z taniej si\u0142y roboczej, z tego, \u017ce b\u0119dziemy zbija\u0107 palety w wojew\u00f3dztwie lubelskim. Tego si\u0119 ju\u017c w Polsce nie da zrobi\u0107 i bardzo dobrze, \u017ce si\u0119 nie da tego zrobi\u0107. Te wszystkie reformy spo\u0142eczne, socjalne, kt\u00f3re si\u0119 w Polsce wydarzy\u0142y przez ostatnie 30 lat, s\u0105 bardzo dobre. Ja jako przedsi\u0119biorca oceniam je bardzo dobrze. Okej, ja jestem w sektorze us\u0142ug, jest mi mo\u017ce \u0142atwiej. Natomiast nawet z punktu widzenia firm, kt\u00f3re s\u0105 producentami, uwa\u017cam, \u017ce to bardzo dobrze si\u0119 wydarzy\u0142o, bo my i tak nie wygramy z Pakistanem, z Indiami, nie wygramy z Chinami, gdzie wci\u0105\u017c s\u0105 ogromne zasoby taniej si\u0142y roboczej.<\/p>\n\n\n\n<p class=\"wp-block-paragraph\">Zobaczcie pa\u0144stwo, my s\u0142yniemy z tego, wygrywamy jakie\u015b zawody \u2013 wyniki PISA, te og\u00f3lnoeuropejskie wyniki 15-letnich uczni\u00f3w \u2013 mamy jedne z najlepszych wynik\u00f3w, szczeg\u00f3lnie w matematyce, w ca\u0142ym sektorze STEM (ang. science, technology, engineering, mathematics).<\/p>\n\n\n\n<p class=\"wp-block-paragraph\">To nie jest tak, \u017ce jest ju\u017c bardzo dobrze. Uwa\u017cam, \u017ce polska edukacja mo\u017ce by\u0107 jeszcze du\u017co lepsza. S\u0105 naprawd\u0119 systemy, kt\u00f3re funkcjonuj\u0105 jeszcze lepiej. Szanowni pa\u0144stwo, moja fundacja, poza tym, \u017ce zajmujemy si\u0119 przedsi\u0119biorczo\u015bci\u0105, zajmuje si\u0119 r\u00f3wnie\u017c kwestiami edukacji. W kontek\u015bcie tego patrzyli\u015bmy, jak digitalizacja wp\u0142ywa na polskie szko\u0142y, na wyniki uczni\u00f3w i og\u00f3lnie na m\u0142odzie\u017c. Prosz\u0119 zobaczy\u0107, wczoraj pan prezydent bardzo dobrze to zrobi\u0142, podpisa\u0142 ustaw\u0119, kt\u00f3ra zakazuje smartfon\u00f3w w szko\u0142ach podstawowych. Jeste\u015bmy jednym z ostatnich kraj\u00f3w w Europie, kt\u00f3ry to zrobi\u0142. Nasza fundacja od pi\u0119ciu lat m\u00f3wi: \u201eZr\u00f3bmy to ju\u017c teraz\u201d. By\u015bmy byli drugim krajem po Francji. Nie, my czekali\u015bmy, a\u017c wszyscy to uchwal\u0105. Du\u0144czycy, Czesi, W\u0142osi, wszyscy. My wtedy bezpiecznie, dobra, zag\u0142osujemy. Fajnie, wszyscy podnie\u015bli r\u0119k\u0119, poza tam \u015brodowiskiem pana Mentzena, wszyscy podnie\u015bli r\u0119k\u0119. Bardzo mnie cieszy\u0142o to, \u017ce si\u0119 to wydarzy\u0142o w takim konsensusie.<\/p>\n\n\n\n<p class=\"wp-block-paragraph\">Ale dzisiaj przecie\u017c ta m\u0142odzie\u017c naprawd\u0119 jest og\u0142upiana przez <em>social media.<\/em> B\u0105d\u017amy odwa\u017cni w tym. M\u00f3wili\u015bmy dzisiaj, pan premier m\u00f3wi o odwadze. B\u0105d\u017amy odwa\u017cni, b\u0105d\u017amy drugim albo trzecim, bo ju\u017c nie b\u0119dziemy pierwszym krajem, kt\u00f3ry zaka\u017ce <em>social medi\u00f3w<\/em>, po prostu zweryfikuje wiek tej m\u0142odzie\u017cy do pi\u0119tnastego roku \u017cycia i przestaniemy te dzieci og\u0142upia\u0107. One naprawd\u0119 b\u0119d\u0105 m\u0105drzejsze. Ja jako w\u0142a\u015bciciel firmy b\u0119d\u0119 m\u00f3g\u0142 za 10 lat dalej zatrudnia\u0107 inteligentnych Polak\u00f3w, kt\u00f3rzy b\u0119d\u0105 po prostu nieog\u0142upieni przez to. Czyli edukacja jest superwa\u017cna.<\/p>\n\n\n\n<p class=\"wp-block-paragraph\">Trzecia rzecz, o kt\u00f3rej chc\u0119 powiedzie\u0107, to jest, wiecie, takie budowanie to\u017csamo\u015bci przedsi\u0119biorcy, bo to jest super dla mnie. Uwa\u017cam, \u017ce to jest superwa\u017cne w Polsce, szczeg\u00f3lnie w Polsce, czyli kraju zaoranym przez czterdzie\u015bci kilka lat komunizmu. I mam wra\u017cenie, my wci\u0105\u017c z tego wychodzimy, \u017ceby przedsi\u0119biorca my\u015bla\u0142 na pokolenia, bo o tym tu rozumiem rozmawiamy, tak? No bo je\u017celi ma inwestowa\u0107, to on nie b\u0119dzie inwestowa\u0142, my\u015bl\u0105c, co tam si\u0119 wydarzy za pi\u0119\u0107 lat. On musi my\u015ble\u0107, co si\u0119 wydarzy za 10 lat, co si\u0119 wydarzy z moimi dzie\u0107mi. To jest kwestia jeszcze demografii, o kt\u00f3rej tu b\u0119dziecie pa\u0144stwo rozmawia\u0107, jak w og\u00f3le to wygl\u0105da. Czy przedsi\u0119biorca, kt\u00f3ry ma dzieci, ma problem sukcesji? \u017beby ten przedsi\u0119biorca chcia\u0142 w tej Polsce inwestowa\u0107. Ju\u017c t\u0105 Marbell\u0119 zostawmy, bo jak sobie jeden dom w Marbelli czy mieszkanie kupi przedsi\u0119biorca, a reszt\u0119 kasy b\u0119dzie \u0142adowa\u0142 w polsk\u0105 gospodark\u0119, to dajmy ju\u017c im spok\u00f3j, bo uwa\u017cam, \u017ce to za te stresy.<\/p>\n\n\n\n<p class=\"wp-block-paragraph\">Ale \u017ceby on my\u015bla\u0142 o inwestowaniu na pokolenia, \u017ceby on my\u015bla\u0142 o inwestowaniu we w\u0142asn\u0105 firm\u0119, to on potrzebuje silnego, stabilnego pa\u0144stwa, bezpiecznego pa\u0144stwa, kt\u00f3re za nim stanie, kt\u00f3re go broni na arenie Unii Europejskiej. On potrzebuje stabilnej sytuacji podatkowej. On musi wiedzie\u0107, \u017ce rz\u0105dy, kt\u00f3re s\u0105 w Warszawie, to rozumiej\u0105 \u2013 \u017ce nie tylko spo\u0142ecze\u0144stwo jako og\u00f3\u0142, ale \u017ce ten przedsi\u0119biorca, bo to on tworzy te miejsca pracy. Ja nie mam nic przeciwko wspieraniu programami socjalnymi, natomiast mam dzisiaj takie poczucie, \u017ce my ju\u017c doszli\u015bmy do tego etapu, \u017ce naprawd\u0119 jest dobrze. Ale teraz nie id\u017amy ju\u017c dalej w tym kierunku. Teraz pozw\u00f3lmy dzia\u0142a\u0107 biznesom i przedsi\u0119biorcom.<\/p>\n\n\n\n<p class=\"wp-block-paragraph\">Jeszcze chcia\u0142em o jednej rzeczy. Dyplomacja gospodarcza. Wspierajmy tych przedsi\u0119biorc\u00f3w. PAIH mo\u017ce dzia\u0142a\u0107 jeszcze lepiej. On w wielu krajach wcale nie tak dobrze dzia\u0142a. Rozmawiam z r\u00f3\u017cnymi przedsi\u0119biorcami, to mi m\u00f3wi\u0105: \u201eNo tu dzia\u0142a dobrze, tu nie dzia\u0142a\u201d. Bo przedsi\u0119biorca chce by\u0107 dumny, on chce by\u0107 tak samo dumny, jak ka\u017cdy Polak, chce by\u0107 dumny z tego, \u017ce jest Polakiem. Przedsi\u0119biorca chce jecha\u0107 na jakie\u015b mi\u0119dzynarodowe spotkanie, usi\u0105\u015b\u0107 przy dobrym winie z szesnastoma innymi kolegami z innych kraj\u00f3w i \u017ceby oni na niego patrzyli: \u201eA ty jeste\u015b z Polski? Wow! Ale wy odnie\u015bli\u015bcie sukces. Wy naprawd\u0119 jeste\u015bcie&#8230;\u201d.<\/p>\n\n\n\n<p class=\"wp-block-paragraph\">I tego oczekuje przedsi\u0119biorca. To jest chyba te\u017c to, co m\u00f3wi\u0142 Jan. Wi\u0119c b\u0105d\u017amy dumni z tych przedsi\u0119biorc\u00f3w. Budujmy ten etos przedsi\u0119biorcy, bo to jest uwa\u017cam, kluczowe. Bo to wszystko \u2013 to bezpiecze\u0144stwo, pieni\u0105dze na ochron\u0119 spo\u0142eczn\u0105 dla potrzebuj\u0105cych \u2013 b\u0119dziemy mieli tylko wtedy, jak b\u0119dziemy mieli mocny biznes, b\u0119dziemy mieli ludzi, kt\u00f3rzy b\u0119d\u0105 generowa\u0107 to PKB. Dzi\u0119kuj\u0119.<\/p>\n","protected":false},"excerpt":{"rendered":"<p>Piknik Idei 31.07.2026 W \u015brodku wakacji, w upalny pi\u0105tkowy dzie\u0144 tysi\u0105ce ludzi przysz\u0142o pos\u0142ucha\u0107, podyskutowa\u0107 i pomy\u015ble\u0107 nad przysz\u0142o\u015bci\u0105 Polski i perspektywach jej rozwoju. Wydarzenie Rozw\u00f3j + Wy zgromadzi\u0142o ludzi r\u00f3\u017cnych zapatrywa\u0144 i opcji politycznych, poniewa\u017c przyci\u0105gn\u0119\u0142o formu\u0142\u0105 debaty otwartej na wszystkich, kt\u00f3rzy poszukuj\u0105 dobrych rozwi\u0105za\u0144 dla Polski. Przewin\u0119\u0142a si\u0119 plejada teoretyk\u00f3w i praktyk\u00f3w my\u015bli&hellip; <a class=\"more-link\" href=\"https:\/\/prawdajestciekawa.pl\/?p=7432\">Czytaj dalej <span class=\"screen-reader-text\">Ma\u0142a Warszawa ale Wielka Polska<\/span><\/a><\/p>\n","protected":false},"author":6,"featured_media":7433,"comment_status":"open","ping_status":"open","sticky":false,"template":"","format":"standard","meta":{"footnotes":""},"categories":[420],"tags":[],"class_list":["post-7432","post","type-post","status-publish","format-standard","has-post-thumbnail","hentry","category-nr-93","entry"],"_links":{"self":[{"href":"https:\/\/prawdajestciekawa.pl\/index.php?rest_route=\/wp\/v2\/posts\/7432","targetHints":{"allow":["GET"]}}],"collection":[{"href":"https:\/\/prawdajestciekawa.pl\/index.php?rest_route=\/wp\/v2\/posts"}],"about":[{"href":"https:\/\/prawdajestciekawa.pl\/index.php?rest_route=\/wp\/v2\/types\/post"}],"author":[{"embeddable":true,"href":"https:\/\/prawdajestciekawa.pl\/index.php?rest_route=\/wp\/v2\/users\/6"}],"replies":[{"embeddable":true,"href":"https:\/\/prawdajestciekawa.pl\/index.php?rest_route=%2Fwp%2Fv2%2Fcomments&post=7432"}],"version-history":[{"count":1,"href":"https:\/\/prawdajestciekawa.pl\/index.php?rest_route=\/wp\/v2\/posts\/7432\/revisions"}],"predecessor-version":[{"id":7443,"href":"https:\/\/prawdajestciekawa.pl\/index.php?rest_route=\/wp\/v2\/posts\/7432\/revisions\/7443"}],"wp:featuredmedia":[{"embeddable":true,"href":"https:\/\/prawdajestciekawa.pl\/index.php?rest_route=\/wp\/v2\/media\/7433"}],"wp:attachment":[{"href":"https:\/\/prawdajestciekawa.pl\/index.php?rest_route=%2Fwp%2Fv2%2Fmedia&parent=7432"}],"wp:term":[{"taxonomy":"category","embeddable":true,"href":"https:\/\/prawdajestciekawa.pl\/index.php?rest_route=%2Fwp%2Fv2%2Fcategories&post=7432"},{"taxonomy":"post_tag","embeddable":true,"href":"https:\/\/prawdajestciekawa.pl\/index.php?rest_route=%2Fwp%2Fv2%2Ftags&post=7432"}],"curies":[{"name":"wp","href":"https:\/\/api.w.org\/{rel}","templated":true}]}}