{"id":7411,"date":"2026-08-26T16:05:26","date_gmt":"2026-08-26T14:05:26","guid":{"rendered":"https:\/\/prawdajestciekawa.pl\/?p=7411"},"modified":"2026-08-26T16:08:31","modified_gmt":"2026-08-26T14:08:31","slug":"ambicja-plus-tozsamosc","status":"publish","type":"post","link":"https:\/\/prawdajestciekawa.pl\/?p=7411","title":{"rendered":"Ambicja plus to\u017csamo\u015b\u0107"},"content":{"rendered":"\n<p class=\"has-text-color has-link-color wp-elements-1 wp-block-paragraph\" style=\"color:#ff0000\"><strong>Jagodno we Wroc\u0142awiu 7.08.2026<\/strong><\/p>\n\n\n\n<p class=\"wp-block-paragraph\">Szanowni Pa\u0144stwo! W\u0142adza to jest program, to jest plan, to jest mi\u0142o\u015b\u0107 do ojczyzny i to jest ci\u0119\u017cka praca. I dlatego w\u0142a\u015bnie z pewnym zamys\u0142em tutaj do was przyjecha\u0142em. Bo Jagodno rzeczywi\u015bcie sta\u0142o si\u0119 takim symbolem aktywno\u015bci obywatelskiej.<\/p>\n\n\n\n<p class=\"wp-block-paragraph\">Stali\u015bcie tutaj szanowni pa\u0144stwo do godziny kt\u00f3rej\u015b tam w nocy w nadziei na zmian\u0119. W nadziei na pewien plan gospodarczy, na rozw\u00f3j, na dobrobyt. I nie zamierzam w og\u00f3le rozmawia\u0107 dzisiaj o tym, kto na kogo wtedy g\u0142osowa\u0142. To jest dzisiaj nieistotne. Ka\u017cdy w swojej sercu \u015bwietnie wie, jak wygl\u0105da\u0142a wtedy rzeczywisto\u015b\u0107. Dzisiaj przyjecha\u0142em po to, \u017ceby powiedzie\u0107 wam o paru konkretnych sprawach.<\/p>\n\n\n\n<p class=\"wp-block-paragraph\">Po pierwsze jak ja rozumiem rozw\u00f3j i co to jest ten Rozw\u00f3j Plus. Po drugie o pewnym porozumieniu, o tym co trzeba zrobi\u0107, \u017ceby t\u0105 obywatelsk\u0105 postaw\u0119, kt\u00f3r\u0105 si\u0119 Polacy wykazuj\u0105, \u017ceby j\u0105 kontynuowa\u0107. Po trzecie chc\u0119 opowiedzie\u0107 o pewnym systemie, kt\u00f3ry w Polsce zapanowa\u0142. I nazw\u0119 r\u00f3wnie\u017c ten system. I wreszcie zako\u0144cz\u0119 podsumowaniem, raz jeszcze o Jagodnie jako pewnego rodzaju symbolu. Wi\u0119c zaczynamy.<\/p>\n\n\n\n<p class=\"wp-block-paragraph\"><strong>Dobrobyt dla Polak\u00f3w<\/strong><\/p>\n\n\n\n<p class=\"wp-block-paragraph\">Co to jest ten rozw\u00f3j gospodarczy, Rozw\u00f3j Plus? Dzisiaj s\u0142yszymy ze wszystkich ekran\u00f3w informacj\u0119, \u017ce Polska jest w G20. S\u0142yszeli\u015bcie o tym wiele razy. Ot\u00f3\u017c co to znaczy? To znaczy dobrobyt, \u017ce si\u0119 przek\u0142ada to G20 jako\u015b na wasze portfele? Jad\u0105c tutaj widzia\u0142em nowe dane dotycz\u0105ce rynku pracy. Bezrobocie w najlepszym miesi\u0105cu roku, kiedy zwykle s\u0105 tworzone miejsca pracy, bezrobocie wzros\u0142o do poziomu 5,9%. Mamy do czynienia ze wzrostem bezrobocia mimo dobrej, szcz\u0119\u015bliwej dla rz\u0105dz\u0105cych koniunktury.<\/p>\n\n\n\n<p class=\"wp-block-paragraph\">To oznacza, \u017ce co\u015b jest chorego w tym rodzaju prowadzenia nawy gospodarczej i finansowej, kt\u00f3r\u0105 realizuje obecna ekipa rz\u0105dz\u0105ca. To nie jest rozw\u00f3j, kt\u00f3ry przek\u0142ada si\u0119 na dobrobyt. Ka\u017cdy z was teraz mo\u017ce si\u0119gn\u0105\u0107 do waszego chata GPT i popatrze\u0107 na to, czy Polska jest w G20, je\u015bli chodzi o oszcz\u0119dno\u015bci indywidualne. A mo\u017ce jeste\u015bmy w G20, je\u015bli chodzi o przychody na g\u0142ow\u0119 mieszka\u0144ca? W sile nabywczej pieni\u0105dza, prosz\u0119 bardzo: 35. miejsce. W warto\u015bciach bezwzgl\u0119dnych: 44. miejsce. A w oszcz\u0119dno\u015bciach jeste\u015bmy bardzo daleko. I tu widzicie pa\u0144stwo, co oznacza ten brak rozwoju tak naprawd\u0119.<\/p>\n\n\n\n<figure class=\"wp-block-gallery alignwide has-nested-images columns-default is-cropped wp-block-gallery-1 is-layout-flex wp-block-gallery-is-layout-flex\">\n<figure class=\"wp-block-image size-large\"><img loading=\"lazy\" decoding=\"async\" width=\"1024\" height=\"768\" data-id=\"7415\" src=\"https:\/\/prawdajestciekawa.pl\/wp-content\/uploads\/2026\/08\/WhatsApp-Image-2026-08-15-at-01.18-7-1024x768.jpg\" alt=\"\" class=\"wp-image-7415\" srcset=\"https:\/\/prawdajestciekawa.pl\/wp-content\/uploads\/2026\/08\/WhatsApp-Image-2026-08-15-at-01.18-7-1024x768.jpg 1024w, https:\/\/prawdajestciekawa.pl\/wp-content\/uploads\/2026\/08\/WhatsApp-Image-2026-08-15-at-01.18-7-300x225.jpg 300w, https:\/\/prawdajestciekawa.pl\/wp-content\/uploads\/2026\/08\/WhatsApp-Image-2026-08-15-at-01.18-7-768x576.jpg 768w, https:\/\/prawdajestciekawa.pl\/wp-content\/uploads\/2026\/08\/WhatsApp-Image-2026-08-15-at-01.18-7-449x337.jpg 449w, https:\/\/prawdajestciekawa.pl\/wp-content\/uploads\/2026\/08\/WhatsApp-Image-2026-08-15-at-01.18-7-600x450.jpg 600w, https:\/\/prawdajestciekawa.pl\/wp-content\/uploads\/2026\/08\/WhatsApp-Image-2026-08-15-at-01.18-7.jpg 1200w\" sizes=\"auto, (max-width: 1024px) 100vw, 1024px\" \/><\/figure>\n\n\n\n<figure class=\"wp-block-image size-large\"><img loading=\"lazy\" decoding=\"async\" width=\"1024\" height=\"768\" data-id=\"7416\" src=\"https:\/\/prawdajestciekawa.pl\/wp-content\/uploads\/2026\/08\/WhatsApp-Image-2026-08-15-at-01.18-8-1024x768.jpg\" alt=\"\" class=\"wp-image-7416\" srcset=\"https:\/\/prawdajestciekawa.pl\/wp-content\/uploads\/2026\/08\/WhatsApp-Image-2026-08-15-at-01.18-8-1024x768.jpg 1024w, https:\/\/prawdajestciekawa.pl\/wp-content\/uploads\/2026\/08\/WhatsApp-Image-2026-08-15-at-01.18-8-300x225.jpg 300w, https:\/\/prawdajestciekawa.pl\/wp-content\/uploads\/2026\/08\/WhatsApp-Image-2026-08-15-at-01.18-8-768x576.jpg 768w, https:\/\/prawdajestciekawa.pl\/wp-content\/uploads\/2026\/08\/WhatsApp-Image-2026-08-15-at-01.18-8-449x337.jpg 449w, https:\/\/prawdajestciekawa.pl\/wp-content\/uploads\/2026\/08\/WhatsApp-Image-2026-08-15-at-01.18-8-600x450.jpg 600w, https:\/\/prawdajestciekawa.pl\/wp-content\/uploads\/2026\/08\/WhatsApp-Image-2026-08-15-at-01.18-8.jpg 1200w\" sizes=\"auto, (max-width: 1024px) 100vw, 1024px\" \/><\/figure>\n\n\n\n<figure class=\"wp-block-image size-large\"><img loading=\"lazy\" decoding=\"async\" width=\"1024\" height=\"768\" data-id=\"7417\" src=\"https:\/\/prawdajestciekawa.pl\/wp-content\/uploads\/2026\/08\/WhatsApp-Image-2026-08-15-at-01.18-9-1024x768.jpg\" alt=\"\" class=\"wp-image-7417\" srcset=\"https:\/\/prawdajestciekawa.pl\/wp-content\/uploads\/2026\/08\/WhatsApp-Image-2026-08-15-at-01.18-9-1024x768.jpg 1024w, https:\/\/prawdajestciekawa.pl\/wp-content\/uploads\/2026\/08\/WhatsApp-Image-2026-08-15-at-01.18-9-300x225.jpg 300w, https:\/\/prawdajestciekawa.pl\/wp-content\/uploads\/2026\/08\/WhatsApp-Image-2026-08-15-at-01.18-9-768x576.jpg 768w, https:\/\/prawdajestciekawa.pl\/wp-content\/uploads\/2026\/08\/WhatsApp-Image-2026-08-15-at-01.18-9-449x337.jpg 449w, https:\/\/prawdajestciekawa.pl\/wp-content\/uploads\/2026\/08\/WhatsApp-Image-2026-08-15-at-01.18-9-600x450.jpg 600w, https:\/\/prawdajestciekawa.pl\/wp-content\/uploads\/2026\/08\/WhatsApp-Image-2026-08-15-at-01.18-9.jpg 1200w\" sizes=\"auto, (max-width: 1024px) 100vw, 1024px\" \/><\/figure>\n\n\n\n<figure class=\"wp-block-image size-large\"><img loading=\"lazy\" decoding=\"async\" width=\"1024\" height=\"768\" data-id=\"7418\" src=\"https:\/\/prawdajestciekawa.pl\/wp-content\/uploads\/2026\/08\/WhatsApp-Image-2026-08-15-at-01.18-10-1024x768.jpg\" alt=\"\" class=\"wp-image-7418\" srcset=\"https:\/\/prawdajestciekawa.pl\/wp-content\/uploads\/2026\/08\/WhatsApp-Image-2026-08-15-at-01.18-10-1024x768.jpg 1024w, https:\/\/prawdajestciekawa.pl\/wp-content\/uploads\/2026\/08\/WhatsApp-Image-2026-08-15-at-01.18-10-300x225.jpg 300w, https:\/\/prawdajestciekawa.pl\/wp-content\/uploads\/2026\/08\/WhatsApp-Image-2026-08-15-at-01.18-10-768x576.jpg 768w, https:\/\/prawdajestciekawa.pl\/wp-content\/uploads\/2026\/08\/WhatsApp-Image-2026-08-15-at-01.18-10-449x337.jpg 449w, https:\/\/prawdajestciekawa.pl\/wp-content\/uploads\/2026\/08\/WhatsApp-Image-2026-08-15-at-01.18-10-600x450.jpg 600w, https:\/\/prawdajestciekawa.pl\/wp-content\/uploads\/2026\/08\/WhatsApp-Image-2026-08-15-at-01.18-10.jpg 1200w\" sizes=\"auto, (max-width: 1024px) 100vw, 1024px\" \/><\/figure>\n\n\n\n<figure class=\"wp-block-image size-large\"><img loading=\"lazy\" decoding=\"async\" width=\"1024\" height=\"768\" data-id=\"7419\" src=\"https:\/\/prawdajestciekawa.pl\/wp-content\/uploads\/2026\/08\/WhatsApp-Image-2026-08-15-at-01.18-11-1024x768.jpg\" alt=\"\" class=\"wp-image-7419\" srcset=\"https:\/\/prawdajestciekawa.pl\/wp-content\/uploads\/2026\/08\/WhatsApp-Image-2026-08-15-at-01.18-11-1024x768.jpg 1024w, https:\/\/prawdajestciekawa.pl\/wp-content\/uploads\/2026\/08\/WhatsApp-Image-2026-08-15-at-01.18-11-300x225.jpg 300w, https:\/\/prawdajestciekawa.pl\/wp-content\/uploads\/2026\/08\/WhatsApp-Image-2026-08-15-at-01.18-11-768x576.jpg 768w, https:\/\/prawdajestciekawa.pl\/wp-content\/uploads\/2026\/08\/WhatsApp-Image-2026-08-15-at-01.18-11-449x337.jpg 449w, https:\/\/prawdajestciekawa.pl\/wp-content\/uploads\/2026\/08\/WhatsApp-Image-2026-08-15-at-01.18-11-600x450.jpg 600w, https:\/\/prawdajestciekawa.pl\/wp-content\/uploads\/2026\/08\/WhatsApp-Image-2026-08-15-at-01.18-11.jpg 1200w\" sizes=\"auto, (max-width: 1024px) 100vw, 1024px\" \/><\/figure>\n\n\n\n<figure class=\"wp-block-image size-large\"><img loading=\"lazy\" decoding=\"async\" width=\"1024\" height=\"768\" data-id=\"7421\" src=\"https:\/\/prawdajestciekawa.pl\/wp-content\/uploads\/2026\/08\/WhatsApp-Image-2026-08-15-at-01.18-12-1024x768.jpg\" alt=\"\" class=\"wp-image-7421\" srcset=\"https:\/\/prawdajestciekawa.pl\/wp-content\/uploads\/2026\/08\/WhatsApp-Image-2026-08-15-at-01.18-12-1024x768.jpg 1024w, https:\/\/prawdajestciekawa.pl\/wp-content\/uploads\/2026\/08\/WhatsApp-Image-2026-08-15-at-01.18-12-300x225.jpg 300w, https:\/\/prawdajestciekawa.pl\/wp-content\/uploads\/2026\/08\/WhatsApp-Image-2026-08-15-at-01.18-12-768x576.jpg 768w, https:\/\/prawdajestciekawa.pl\/wp-content\/uploads\/2026\/08\/WhatsApp-Image-2026-08-15-at-01.18-12-449x337.jpg 449w, https:\/\/prawdajestciekawa.pl\/wp-content\/uploads\/2026\/08\/WhatsApp-Image-2026-08-15-at-01.18-12-600x450.jpg 600w, https:\/\/prawdajestciekawa.pl\/wp-content\/uploads\/2026\/08\/WhatsApp-Image-2026-08-15-at-01.18-12.jpg 1200w\" sizes=\"auto, (max-width: 1024px) 100vw, 1024px\" \/><\/figure>\n\n\n\n<figure class=\"wp-block-image size-large\"><img loading=\"lazy\" decoding=\"async\" width=\"1024\" height=\"768\" data-id=\"7420\" src=\"https:\/\/prawdajestciekawa.pl\/wp-content\/uploads\/2026\/08\/WhatsApp-Image-2026-08-15-at-01.18-13-1024x768.jpg\" alt=\"\" class=\"wp-image-7420\" srcset=\"https:\/\/prawdajestciekawa.pl\/wp-content\/uploads\/2026\/08\/WhatsApp-Image-2026-08-15-at-01.18-13-1024x768.jpg 1024w, https:\/\/prawdajestciekawa.pl\/wp-content\/uploads\/2026\/08\/WhatsApp-Image-2026-08-15-at-01.18-13-300x225.jpg 300w, https:\/\/prawdajestciekawa.pl\/wp-content\/uploads\/2026\/08\/WhatsApp-Image-2026-08-15-at-01.18-13-768x576.jpg 768w, https:\/\/prawdajestciekawa.pl\/wp-content\/uploads\/2026\/08\/WhatsApp-Image-2026-08-15-at-01.18-13-449x337.jpg 449w, https:\/\/prawdajestciekawa.pl\/wp-content\/uploads\/2026\/08\/WhatsApp-Image-2026-08-15-at-01.18-13-600x450.jpg 600w, https:\/\/prawdajestciekawa.pl\/wp-content\/uploads\/2026\/08\/WhatsApp-Image-2026-08-15-at-01.18-13.jpg 1200w\" sizes=\"auto, (max-width: 1024px) 100vw, 1024px\" \/><\/figure>\n\n\n\n<figure class=\"wp-block-image size-large\"><img loading=\"lazy\" decoding=\"async\" width=\"768\" height=\"1024\" data-id=\"7422\" src=\"https:\/\/prawdajestciekawa.pl\/wp-content\/uploads\/2026\/08\/WhatsApp-Image-2026-08-15-at-01.18-14-768x1024-1.jpg\" alt=\"\" class=\"wp-image-7422\" srcset=\"https:\/\/prawdajestciekawa.pl\/wp-content\/uploads\/2026\/08\/WhatsApp-Image-2026-08-15-at-01.18-14-768x1024-1.jpg 768w, https:\/\/prawdajestciekawa.pl\/wp-content\/uploads\/2026\/08\/WhatsApp-Image-2026-08-15-at-01.18-14-225x300.jpg 225w, https:\/\/prawdajestciekawa.pl\/wp-content\/uploads\/2026\/08\/WhatsApp-Image-2026-08-15-at-01.18-14-450x600.jpg 450w, https:\/\/prawdajestciekawa.pl\/wp-content\/uploads\/2026\/08\/WhatsApp-Image-2026-08-15-at-01.18-14-1152x1536.jpg 1152w, https:\/\/prawdajestciekawa.pl\/wp-content\/uploads\/2026\/08\/WhatsApp-Image-2026-08-15-at-01.18-14-600x800.jpg 600w, https:\/\/prawdajestciekawa.pl\/wp-content\/uploads\/2026\/08\/WhatsApp-Image-2026-08-15-at-01.18-14.jpg 1200w\" sizes=\"auto, (max-width: 768px) 100vw, 768px\" \/><\/figure>\n\n\n\n<figure class=\"wp-block-image size-large\"><img loading=\"lazy\" decoding=\"async\" width=\"1024\" height=\"768\" data-id=\"7423\" src=\"https:\/\/prawdajestciekawa.pl\/wp-content\/uploads\/2026\/08\/WhatsApp-Image-2026-08-15-at-01.18-15-1024x768.jpg\" alt=\"\" class=\"wp-image-7423\" srcset=\"https:\/\/prawdajestciekawa.pl\/wp-content\/uploads\/2026\/08\/WhatsApp-Image-2026-08-15-at-01.18-15-1024x768.jpg 1024w, https:\/\/prawdajestciekawa.pl\/wp-content\/uploads\/2026\/08\/WhatsApp-Image-2026-08-15-at-01.18-15-300x225.jpg 300w, https:\/\/prawdajestciekawa.pl\/wp-content\/uploads\/2026\/08\/WhatsApp-Image-2026-08-15-at-01.18-15-768x576.jpg 768w, https:\/\/prawdajestciekawa.pl\/wp-content\/uploads\/2026\/08\/WhatsApp-Image-2026-08-15-at-01.18-15-449x337.jpg 449w, https:\/\/prawdajestciekawa.pl\/wp-content\/uploads\/2026\/08\/WhatsApp-Image-2026-08-15-at-01.18-15-600x450.jpg 600w, https:\/\/prawdajestciekawa.pl\/wp-content\/uploads\/2026\/08\/WhatsApp-Image-2026-08-15-at-01.18-15.jpg 1200w\" sizes=\"auto, (max-width: 1024px) 100vw, 1024px\" \/><\/figure>\n\n\n\n<figure class=\"wp-block-image size-large\"><img loading=\"lazy\" decoding=\"async\" width=\"1024\" height=\"768\" data-id=\"7424\" src=\"https:\/\/prawdajestciekawa.pl\/wp-content\/uploads\/2026\/08\/WhatsApp-Image-2026-08-15-at-01.18-16-1024x768.jpg\" alt=\"\" class=\"wp-image-7424\" srcset=\"https:\/\/prawdajestciekawa.pl\/wp-content\/uploads\/2026\/08\/WhatsApp-Image-2026-08-15-at-01.18-16-1024x768.jpg 1024w, https:\/\/prawdajestciekawa.pl\/wp-content\/uploads\/2026\/08\/WhatsApp-Image-2026-08-15-at-01.18-16-300x225.jpg 300w, https:\/\/prawdajestciekawa.pl\/wp-content\/uploads\/2026\/08\/WhatsApp-Image-2026-08-15-at-01.18-16-768x576.jpg 768w, https:\/\/prawdajestciekawa.pl\/wp-content\/uploads\/2026\/08\/WhatsApp-Image-2026-08-15-at-01.18-16-449x337.jpg 449w, https:\/\/prawdajestciekawa.pl\/wp-content\/uploads\/2026\/08\/WhatsApp-Image-2026-08-15-at-01.18-16-600x450.jpg 600w, https:\/\/prawdajestciekawa.pl\/wp-content\/uploads\/2026\/08\/WhatsApp-Image-2026-08-15-at-01.18-16.jpg 1200w\" sizes=\"auto, (max-width: 1024px) 100vw, 1024px\" \/><\/figure>\n\n\n\n<figure class=\"wp-block-image size-large\"><img loading=\"lazy\" decoding=\"async\" width=\"768\" height=\"1024\" data-id=\"7425\" src=\"https:\/\/prawdajestciekawa.pl\/wp-content\/uploads\/2026\/08\/WhatsApp-Image-2026-08-15-at-01.18-17-768x1024-1.jpg\" alt=\"\" class=\"wp-image-7425\" srcset=\"https:\/\/prawdajestciekawa.pl\/wp-content\/uploads\/2026\/08\/WhatsApp-Image-2026-08-15-at-01.18-17-768x1024-1.jpg 768w, https:\/\/prawdajestciekawa.pl\/wp-content\/uploads\/2026\/08\/WhatsApp-Image-2026-08-15-at-01.18-17-225x300.jpg 225w, https:\/\/prawdajestciekawa.pl\/wp-content\/uploads\/2026\/08\/WhatsApp-Image-2026-08-15-at-01.18-17-1152x1536.jpg 1152w, https:\/\/prawdajestciekawa.pl\/wp-content\/uploads\/2026\/08\/WhatsApp-Image-2026-08-15-at-01.18-17-450x600.jpg 450w, https:\/\/prawdajestciekawa.pl\/wp-content\/uploads\/2026\/08\/WhatsApp-Image-2026-08-15-at-01.18-17-600x800.jpg 600w, https:\/\/prawdajestciekawa.pl\/wp-content\/uploads\/2026\/08\/WhatsApp-Image-2026-08-15-at-01.18-17.jpg 1200w\" sizes=\"auto, (max-width: 768px) 100vw, 768px\" \/><\/figure>\n\n\n\n<figure class=\"wp-block-image size-large\"><img loading=\"lazy\" decoding=\"async\" width=\"1024\" height=\"768\" data-id=\"7427\" src=\"https:\/\/prawdajestciekawa.pl\/wp-content\/uploads\/2026\/08\/WhatsApp-Image-2026-08-15-at-01.18-19-1024x768.jpg\" alt=\"\" class=\"wp-image-7427\" srcset=\"https:\/\/prawdajestciekawa.pl\/wp-content\/uploads\/2026\/08\/WhatsApp-Image-2026-08-15-at-01.18-19-1024x768.jpg 1024w, https:\/\/prawdajestciekawa.pl\/wp-content\/uploads\/2026\/08\/WhatsApp-Image-2026-08-15-at-01.18-19-300x225.jpg 300w, https:\/\/prawdajestciekawa.pl\/wp-content\/uploads\/2026\/08\/WhatsApp-Image-2026-08-15-at-01.18-19-768x576.jpg 768w, https:\/\/prawdajestciekawa.pl\/wp-content\/uploads\/2026\/08\/WhatsApp-Image-2026-08-15-at-01.18-19-449x337.jpg 449w, https:\/\/prawdajestciekawa.pl\/wp-content\/uploads\/2026\/08\/WhatsApp-Image-2026-08-15-at-01.18-19-600x450.jpg 600w, https:\/\/prawdajestciekawa.pl\/wp-content\/uploads\/2026\/08\/WhatsApp-Image-2026-08-15-at-01.18-19.jpg 1200w\" sizes=\"auto, (max-width: 1024px) 100vw, 1024px\" \/><\/figure>\n\n\n\n<figure class=\"wp-block-image size-large\"><img loading=\"lazy\" decoding=\"async\" width=\"1024\" height=\"768\" data-id=\"7428\" src=\"https:\/\/prawdajestciekawa.pl\/wp-content\/uploads\/2026\/08\/WhatsApp-Image-2026-08-15-at-01.18-20-1024x768.jpg\" alt=\"\" class=\"wp-image-7428\" srcset=\"https:\/\/prawdajestciekawa.pl\/wp-content\/uploads\/2026\/08\/WhatsApp-Image-2026-08-15-at-01.18-20-1024x768.jpg 1024w, https:\/\/prawdajestciekawa.pl\/wp-content\/uploads\/2026\/08\/WhatsApp-Image-2026-08-15-at-01.18-20-300x225.jpg 300w, https:\/\/prawdajestciekawa.pl\/wp-content\/uploads\/2026\/08\/WhatsApp-Image-2026-08-15-at-01.18-20-768x576.jpg 768w, https:\/\/prawdajestciekawa.pl\/wp-content\/uploads\/2026\/08\/WhatsApp-Image-2026-08-15-at-01.18-20-449x337.jpg 449w, https:\/\/prawdajestciekawa.pl\/wp-content\/uploads\/2026\/08\/WhatsApp-Image-2026-08-15-at-01.18-20-600x450.jpg 600w, https:\/\/prawdajestciekawa.pl\/wp-content\/uploads\/2026\/08\/WhatsApp-Image-2026-08-15-at-01.18-20.jpg 1200w\" sizes=\"auto, (max-width: 1024px) 100vw, 1024px\" \/><\/figure>\n\n\n\n<figure class=\"wp-block-image size-large\"><img loading=\"lazy\" decoding=\"async\" width=\"1024\" height=\"768\" data-id=\"7429\" src=\"https:\/\/prawdajestciekawa.pl\/wp-content\/uploads\/2026\/08\/WhatsApp-Image-2026-08-15-at-01.18-21-1024x768.jpg\" alt=\"\" class=\"wp-image-7429\" srcset=\"https:\/\/prawdajestciekawa.pl\/wp-content\/uploads\/2026\/08\/WhatsApp-Image-2026-08-15-at-01.18-21-1024x768.jpg 1024w, https:\/\/prawdajestciekawa.pl\/wp-content\/uploads\/2026\/08\/WhatsApp-Image-2026-08-15-at-01.18-21-300x225.jpg 300w, https:\/\/prawdajestciekawa.pl\/wp-content\/uploads\/2026\/08\/WhatsApp-Image-2026-08-15-at-01.18-21-768x576.jpg 768w, https:\/\/prawdajestciekawa.pl\/wp-content\/uploads\/2026\/08\/WhatsApp-Image-2026-08-15-at-01.18-21-449x337.jpg 449w, https:\/\/prawdajestciekawa.pl\/wp-content\/uploads\/2026\/08\/WhatsApp-Image-2026-08-15-at-01.18-21-600x450.jpg 600w, https:\/\/prawdajestciekawa.pl\/wp-content\/uploads\/2026\/08\/WhatsApp-Image-2026-08-15-at-01.18-21.jpg 1200w\" sizes=\"auto, (max-width: 1024px) 100vw, 1024px\" \/><\/figure>\n\n\n\n<figure class=\"wp-block-image size-large\"><img loading=\"lazy\" decoding=\"async\" width=\"1024\" height=\"768\" data-id=\"7430\" src=\"https:\/\/prawdajestciekawa.pl\/wp-content\/uploads\/2026\/08\/WhatsApp-Image-2026-08-15-at-01.18-22-1024x768.jpg\" alt=\"\" class=\"wp-image-7430\" srcset=\"https:\/\/prawdajestciekawa.pl\/wp-content\/uploads\/2026\/08\/WhatsApp-Image-2026-08-15-at-01.18-22-1024x768.jpg 1024w, https:\/\/prawdajestciekawa.pl\/wp-content\/uploads\/2026\/08\/WhatsApp-Image-2026-08-15-at-01.18-22-300x225.jpg 300w, https:\/\/prawdajestciekawa.pl\/wp-content\/uploads\/2026\/08\/WhatsApp-Image-2026-08-15-at-01.18-22-768x576.jpg 768w, https:\/\/prawdajestciekawa.pl\/wp-content\/uploads\/2026\/08\/WhatsApp-Image-2026-08-15-at-01.18-22-449x337.jpg 449w, https:\/\/prawdajestciekawa.pl\/wp-content\/uploads\/2026\/08\/WhatsApp-Image-2026-08-15-at-01.18-22-600x450.jpg 600w, https:\/\/prawdajestciekawa.pl\/wp-content\/uploads\/2026\/08\/WhatsApp-Image-2026-08-15-at-01.18-22.jpg 1200w\" sizes=\"auto, (max-width: 1024px) 100vw, 1024px\" \/><\/figure>\n<\/figure>\n\n\n\n<p class=\"wp-block-paragraph\">Musimy doprowadzi\u0107 do takiego rozwoju, kt\u00f3ry b\u0119dzie si\u0119 przek\u0142ada\u0142 na wasze portfela. Na dobrobyt wszystkich Polak\u00f3w. O to chodzi, \u017ceby wszyscy Polacy mogli korzysta\u0107 na rozwoju gospodarczym. Dobrobyt Polak\u00f3w. Sezon na dobrobyt dla Polak\u00f3w. Chcia\u0142bym, \u017ceby tym moim Jagodnem otwarty zosta\u0142 sezon na dobrobyt do Polak\u00f3w. \u017beby\u015bmy za te 14 miesi\u0119cy t\u0119 koalicj\u0119 rz\u0105dz\u0105c\u0105, kt\u00f3ra tutaj na Jagodnie tyle nadziei narobi\u0142a pa\u0144stwu, rozdaj\u0105c te pizze, tak jak ja dzisiaj to zrobi\u0142em, \u017ceby\u015bmy mogli powiedzie\u0107 im \u2013 dzi\u0119kujemy ju\u017c pa\u0144stwu. Wracajcie tam, sk\u0105d przyszli\u015bcie. Bo prawdziwy rozw\u00f3j musi oznacza\u0107 to, czego tu do\u015bwiadczacie pa\u0144stwo na Jagodnie. Nie wystarczy wybudowa\u0107 domy, mieszkania. Trzeba jeszcze doprowadzi\u0107 drogi, komunikacj\u0119 miejsk\u0105. Trzeba mie\u0107 wystarczaj\u0105c\u0105 liczb\u0119 \u017c\u0142obk\u00f3w, przedszkoli, szk\u00f3\u0142. Trzeba zieleni, miejsc pracy. Tego wszystkiego potrzeba. To jest rozw\u00f3j. Tego chcia\u0142o Jagodno, prawda? No w\u0142a\u015bnie.<\/p>\n\n\n\n<p class=\"wp-block-paragraph\">Ale niestety i Jagodno, i ca\u0142a Polska dosta\u0142y antyrozw\u00f3j. Dosta\u0142y co\u015b odwrotnego. A ja chc\u0119, \u017ceby Polska naprawd\u0119 mia\u0142a taki system gospodarczy, finansowy, jak by\u0142o w czasach, kiedy by\u0142em premierem. Kiedy rok po roku doch\u00f3d rozporz\u0105dzalny Polak\u00f3w wyra\u017anie r\u00f3s\u0142. Kiedy w waszych portfelach zostawa\u0142o coraz wi\u0119cej pieni\u0119dzy, a miejsc pracy by\u0142o tyle, \u017ce by\u0142 rynek pracownika, a nie rynek pracodawcy. Do takich czas\u00f3w musimy wr\u00f3ci\u0107.<\/p>\n\n\n\n<p class=\"wp-block-paragraph\"><strong>Wygrana Karola Nawrockiego<\/strong><\/p>\n\n\n\n<p class=\"wp-block-paragraph\">Teraz powiem kilka zda\u0144 o porozumieniu. Wczoraj min\u0105\u0142 rok od zaprzysi\u0119\u017cenia Karola Nawrockiego na prezydenta Rzeczypospolitej. Brawo dla Karola. Ale pomy\u015blcie chwil\u0119 o tym jego zwyci\u0119stwie, o jego drodze, o jego walce. Kiedy by\u0142 opluwany z ka\u017cdej strony, szkalowany. Kiedy ma\u0142o kto dawa\u0142 mu szans\u0119 na zwyci\u0119stwo, a on r\u00f3s\u0142. R\u00f3s\u0142 z ka\u017cdym miesi\u0105cem, a\u017c w ko\u0144cu przekona\u0142 do siebie nie tylko wi\u0119kszo\u015b\u0107 Polak\u00f3w, ale wi\u0119kszo\u015b\u0107 m\u0142odego pokolenia. I my musimy doprowadzi\u0107 do tego samego, \u017ceby wi\u0119kszo\u015b\u0107 Polak\u00f3w g\u0142osowa\u0142a na prawic\u0119, na ob\u00f3z patriotyczny.<\/p>\n\n\n\n<p class=\"wp-block-paragraph\">Tak\u017ce po to jestem tutaj na Jagodnie, kt\u00f3re uwa\u017cane jest raczej za liberalne, za lewicowe. Niekt\u00f3rzy m\u00f3wili, po co jedziesz do paszczy lwa. Ja si\u0119 \u015bwietnie czuj\u0119 w Paszczy Lwa, jak wida\u0107. Wspaniale. Ale wspominam o Karolu, \u017ceby powiedzie\u0107, \u017ce gdyby on zosta\u0142 ze swoim przekazem, zosta\u0142 tylko na przekazie do tych, kt\u00f3rzy byli przekonani, to by mia\u0142 w pierwszej turze nieca\u0142e 30%, a w drugiej pewnie czterdzie\u015bci kilka i tak by si\u0119 sko\u0144czy\u0142o. Karol Nawrocki potrafi\u0142 wyci\u0105ga\u0107 r\u0119k\u0119, potrafi\u0142 przemawia\u0107 do ludzi z drugiej strony barykady Prawa i Sprawiedliwo\u015bci, kt\u00f3re wystawi\u0142o Karola jako obywatelskiego kandydata na prezydenta. Potrafi\u0142 rozmawia\u0107 z m\u0142odymi, starszymi, z lud\u017ami z wielkich aglomeracji i z mniejszych o\u015brodk\u00f3w i to jest nasze zadanie. To jest te\u017c zadanie Stowarzyszenia Rozw\u00f3j Plus, z kt\u00f3rego wy\u0142oni si\u0119 wkr\u00f3tce nowa formacja polityczna. Tak, b\u0119dziemy nowym obozem politycznym, \u017ceby poszerzy\u0107 ofert\u0119 ca\u0142ej prawicy.<\/p>\n\n\n\n<p class=\"wp-block-paragraph\">Tak jak zrobi\u0142 to Karol Nawrocki i dzi\u0119ki temu mia\u0142 powy\u017cej 50%. Tak samo musimy zrobi\u0107 my, skoro by\u0142o boksowanie w miejscu, a potem jaki\u015b okres upokorze\u0144, wypychania. Zostawmy ten rozdzia\u0142 za sob\u0105. Kto wie, mo\u017ce w\u0142a\u015bnie jaki\u015b palec Bo\u017cy w tym by\u0142 i przez to wypchni\u0119cie b\u0119dziemy w stanie, my ze Stowarzyszenia Rozw\u00f3j Plus, dociera\u0107 szerzej do r\u00f3\u017cnych grup ludzi, do r\u00f3\u017cnych \u015brodowisk. Po to, \u017ceby pokona\u0107 i pogoni\u0107 ten rz\u0105d pata\u0142ach\u00f3w, cynik\u00f3w i Kacprzyk\u00f3w. Do tego potrzebne jest szerokie otwarcie, wizja gospodarcza, dotarcia do pragnie\u0144 Polak\u00f3w, do potrzeb Polak\u00f3w, do preferencji Polak\u00f3w. Tego, co Polacy dzisiaj tak naprawd\u0119 potrzebuj\u0105 \u2013 szybkiego rozwoju.<\/p>\n\n\n\n<p class=\"wp-block-paragraph\">Ale uwaga, nasza formacja jest formacj\u0105 prawicow\u0105, obozu patriotycznego nie bez powodu. Bo wierzymy w to, \u017ce ambicja i rozw\u00f3j musz\u0105 i\u015b\u0107 w parze z to\u017csamo\u015bci\u0105, dba\u0142o\u015bci\u0105 o wiar\u0119, o nasz\u0105 tradycj\u0119, o nasz\u0105 kultur\u0119. Musimy szybowa\u0107 na dw\u00f3ch skrzyd\u0142ach i tacy b\u0119dziemy. Ambicja plus to\u017csamo\u015b\u0107, odpowiedzialno\u015b\u0107 i warto\u015bci, konkrety i aspiracje i realizacja tych aspiracji zgodnie z konkretnym planem. Przypomnijcie sobie to, co si\u0119 dzia\u0142o w inwestycjach samorz\u0105dowych w czasie, kiedy ja by\u0142em premierem. Przypomnijcie sobie programy spo\u0142eczne, obni\u017canie podatku, przypomnijcie sobie, ile przeznaczali\u015bmy na bezpiecze\u0144stwo, co zostawili\u015bmy w spadku naszym nast\u0119pcom. Kto\u015b musia\u0142 na te wszystkie wydatki zarobi\u0107. To dlatego widzicie dzisiaj t\u0119 gigantyczn\u0105 dziur\u0119 bud\u017cetow\u0105 u mojego nast\u0119pcy \u2013 obecnego premiera. To jest ogromny problem.<\/p>\n\n\n\n<p class=\"wp-block-paragraph\"><strong>Tuskizm<\/strong><\/p>\n\n\n\n<p class=\"wp-block-paragraph\">Dlatego przejd\u0119 teraz do trzeciej cz\u0119\u015bci. Opisanie pewnego systemu i nazw\u0119 ten system, \u017ceby ta nazwa, kt\u00f3r\u0105 Stowarzyszenie Rozw\u00f3j Plus, kt\u00f3r\u0105 Mateusz Morawiecki nadaje temu obecnemu systemowi, \u017ceby utrwali\u0142a si\u0119 w pami\u0119ci, w umys\u0142ach i w sercach ludzi. Bo zobaczycie, \u017ce wtedy pro\u015bciej b\u0119dzie te wszystkie przecherstwa, cynizmy, dra\u0144stwa nazwa\u0107, okre\u015bli\u0107, zdefiniowa\u0107.<\/p>\n\n\n\n<p class=\"wp-block-paragraph\">Ten system nazywam tuskizmem. Co to znaczy? Ten system tuskizmu oznacza kilka rzeczy podstawowych. Po pierwsze i najwa\u017cniejsze, brak podejmowania decyzji nawet w sprawach fundamentalnych dla Polak\u00f3w. Czyli przeczeka\u0107, nic nie robi\u0107, schowa\u0107 g\u0142ow\u0119 w piasek. Jak jest afera w Szpitalu Po\u0142udniowym, wyjecha\u0107 na tydzie\u0144, nie podejmowa\u0107 decyzji, zrzuci\u0107 z sa\u0144 innych. Druga cecha \u2013 i tu przedsi\u0119biorcy wszyscy b\u0119dziecie \u015bwietnie wiedzie\u0107, co mam na my\u015bli \u2013 zam\u00f3wienia publiczne kierowane w ogromnej, lwiej cz\u0119\u015bci do zagranicznych kontrahent\u00f3w. A zatem mamy do czynienia ze \u015bwiatem postawionym na g\u0142owie. Zamiast polskie pieni\u0105dze, kt\u00f3re mog\u0142yby s\u0142u\u017cy\u0107 polskim przedsi\u0119biorcom i wzmacnia\u0107 polsk\u0105 gospodark\u0119, lwia cz\u0119\u015b\u0107 tych pieni\u0119dzy l\u0105duje w zagranicznych zam\u00f3wieniach. Ci\u0119\u017cko zarobione wasze pieni\u0105dze, wasze podatki.<\/p>\n\n\n\n<p class=\"wp-block-paragraph\">Trzecia cecha to brak rozwi\u0105zywania problem\u00f3w zwyk\u0142ych ludzi. Jak przyje\u017cd\u017caj\u0105 rolnicy do Warszawy protestowa\u0107, premier wychodzi na balkon i z pogard\u0105 m\u00f3wi: \u201etylko tylu was tu przyjecha\u0142o? My\u015bla\u0142em, \u017ce b\u0119dzie wi\u0119cej\u201d. Co to jest za polityka? To jest szacunek do ludzi? Przynajmniej wyjd\u017a, porozmawiaj. A to zreszt\u0105 ciekawe, szanowni pa\u0144stwo, jak ja by\u0142em premierem, to mia\u0142em protesty rolnik\u00f3w, stoczniowc\u00f3w, transportowc\u00f3w, g\u00f3rnik\u00f3w, hutnik\u00f3w. Dzisiaj JSW bankrutuje, g\u00f3rnictwo bankrutuje. Rolnicy: pszenica po 700, kukurydza 650. Poni\u017cej koszt\u00f3w produkcji. Polska stal szoruje po dnie. Gdzie s\u0105 protesty dzisiaj? Ja si\u0119 pytam. Zwi\u0105zkowcy, hej! Zwi\u0105zkowcy r\u00f3\u017cnych zwi\u0105zk\u00f3w zawodowych. Do roboty. Tacy odwa\u017cni byli\u015bcie, jak ja by\u0142em premierem? Bo ja do was wychodzi\u0142em i nigdy nikogo, \u017cadnego protestu nie zlekcewa\u017cy\u0142em. Z ka\u017cdym rozmawia\u0142em. Umowy spo\u0142eczne podpisywali\u015bmy. Dop\u0142aty do pszenicy do 1400 z\u0142. Do kukurydzy tak samo, do zb\u00f3\u017c. Dop\u0142aty do nawoz\u00f3w. Bo prowadzili\u015bmy naw\u0119 gospodarcz\u0105 tak, \u017ceby ludzie czuli to w swoich portfelach. \u017beby rodziny czu\u0142y t\u0105 opieku\u0144cz\u0105 r\u0119k\u0119 pa\u0144stwa w czasach kryzys\u00f3w. I wystarcza\u0142o pieni\u0119dzy na wszystko.<\/p>\n\n\n\n<p class=\"wp-block-paragraph\"><strong>Gigantyczna dziura bud\u017cetowa<\/strong><\/p>\n\n\n\n<p class=\"wp-block-paragraph\">A teraz kolejn\u0105 cech\u0105 tego systemu jest ta gigantyczna dziura bud\u017cetowa. Jeszcze pa\u0144stwo tego nie czujecie, bo na konta emeryt\u00f3w wpada emerytura. Na konta nauczycieli, policjant\u00f3w, piel\u0119gniarek wpada pensja. Wi\u0119c my\u015blicie sobie, co tam deficyt bud\u017cetowy. Nie, tutaj z Jagodna chc\u0119 powiedzie\u0107 g\u0142o\u015bno: deficyt bud\u017cetowy niszczy szans\u0119 na dobrobyt, niszczy szans\u0119 na wzrost gospodarczy, niszczy szans\u0119 na dalsze obni\u017cki podatk\u00f3w.<\/p>\n\n\n\n<p class=\"wp-block-paragraph\">To jest kolejna cecha tuskizmu. Jeszcze wymieni\u0119 kilka. Cynizm, cyniczne podej\u015bcie do r\u00f3\u017cnych grup zawodowych. Powiedzia\u0142em o rolnikach, o g\u00f3rnikach, o hutnikach, ale to nie tylko to. \u015aciema, kolejna cecha. Mistrzowie \u015bwiata w przykrywaniu problem\u00f3w r\u00f3\u017cnymi wymy\u015blonymi has\u0142ami PR-owymi, propagand\u0105 pompowan\u0105 przez r\u00f3\u017cne agendy rz\u0105dowe.<\/p>\n\n\n\n<p class=\"wp-block-paragraph\">Drodzy Pa\u0144stwo, nie b\u0119dzie w Polsce dobrze tak d\u0142ugo, jak nie zapanuje normalny system gospodarczy. Nie system \u015bciemy, zamiatania problem\u00f3w pod dywan, olewania polskich przedsi\u0119biorc\u00f3w i cynizmu, kt\u00f3ry uderza w Polak\u00f3w. Do\u015b\u0107 z systemem tuskizmu.<\/p>\n\n\n\n<p class=\"wp-block-paragraph\">I obieca\u0142em te\u017c jeszcze na koniec, przed rund\u0105 pyta\u0144, wr\u00f3ci\u0107 do tamtego czasu, do Jagodna, do tamtej bitwy, co sta\u0142o si\u0119 symbolem obecnej koalicji rz\u0105dz\u0105cej. Szanowni Pa\u0144stwo, to by\u0142y nadzieje, kt\u00f3re zosta\u0142y ca\u0142kowicie pogrzebane. Widzimy to dzisiaj w sonda\u017cach, kt\u00f3re pokazuj\u0105 \u2013 nie tych partyjnych \u2013 tych, kt\u00f3re pokazuj\u0105 stosunek Polak\u00f3w do rz\u0105du. Stosunek Polak\u00f3w do polityki gospodarczej, do stanu finans\u00f3w publicznych. Tak \u017ale jeszcze nie by\u0142o, ale teraz tu z Jagodna musi pop\u0142yn\u0105\u0107 takie moje wezwanie.<\/p>\n\n\n\n<p class=\"wp-block-paragraph\">Walczmy wszyscy z tym systemem, z tym z\u0142ym rz\u0105dem, \u017ceby rzeczywi\u015bcie by\u0142 rz\u0105d przede wszystkim patriotyczny, rz\u0105d, kt\u00f3ry b\u0119dzie si\u0119 troszczy\u0142 o Polak\u00f3w tutaj w kraju i na arenie mi\u0119dzynarodowej. Bo Jagodno mia\u0142o te\u017c nadziej\u0119 na polityk\u0119 otwarcia Polski na wielkie wody mi\u0119dzynarodowej polityki. Nic si\u0119 takiego nie sta\u0142o.<\/p>\n\n\n\n<p class=\"wp-block-paragraph\"><strong>Upokorzenie dla Polski<\/strong><\/p>\n\n\n\n<p class=\"wp-block-paragraph\">S\u0142uchajcie, m\u00f3j nast\u0119pca \u2013 i powiem, nie mam \u017cadnej satysfakcji, bo uosabia sob\u0105 Urz\u0105d Rzeczypospolitej \u2013 zosta\u0142 wsadzony do wagonu drugiej klasy, do innego poci\u0105gu przez Merza, Keira Starmera, poprzedniego premiera Wielkiej Brytanii i Macrona. To jest symbol upokorzenia. Tak nisko upad\u0142a Polska. Nigdy bym sobie na to nie pozwoli\u0142, to si\u0119 dzia\u0142o jeszcze na terytorium Polski. Zatrzyma\u0142bym te poci\u0105gi i w \u017cyciu bym nie pozwoli\u0142 na taki wyjazd z Polski, na jaki pozwoli\u0142 sobie m\u00f3j nast\u0119pca, bo w ten spos\u00f3b upokorzona zosta\u0142a Rzeczpospolita.<\/p>\n\n\n\n<p class=\"wp-block-paragraph\">A my\u015bl\u0119, \u017ce tu na Jagodnie wszyscy m\u0142odzi i nie tylko m\u0142odzi wyborcy wtedy marzyli\u015bcie, \u017ce Polska b\u0119dzie si\u0119 liczy\u0142a. St\u0105d powiedzia\u0142em wam o tej w sumie maskaradzie zwi\u0105zanej z G20. G20 jest wypadkow\u0105 poziomu naszej demografii, przecie\u017c my jeste\u015bmy \u015brednio na g\u0142ow\u0119 mieszka\u0144ca du\u017co biedniejsi ni\u017c S\u0142owe\u0144cy, ni\u017c Czesi, a oni nie s\u0105 w G20, ni\u017c Austriacy, ni\u017c Szwedzi, oni te\u017c nie s\u0105 w G20, ni\u017c Finowie, ni\u017c Norwegowie, ni\u017c Du\u0144czycy, oni nie s\u0105 w G20.<\/p>\n\n\n\n<p class=\"wp-block-paragraph\"><strong>O prawd\u0119 w polityce<\/strong><\/p>\n\n\n\n<p class=\"wp-block-paragraph\">Niech st\u0105d pop\u0142ynie nasze mocne wezwanie o prawd\u0119 w polityce, o zaanga\u017cowanie, o polityk\u0119 gospodarcz\u0105, kt\u00f3ra doprowadzi do podniesienia dobrobytu Polak\u00f3w. Niech pop\u0142ynie wezwanie o m\u0105dr\u0105 polityk\u0119 gospodarcz\u0105, mi\u0119dzynarodow\u0105, bud\u017cetow\u0105 i inwestycje. Takie inwestycje, jakie by\u0142y obiecane tak\u017ce tu na Jagodnie.<\/p>\n\n\n\n<p class=\"wp-block-paragraph\">Wszystko to, z czym mamy dzisiaj do czynienia, wi\u0105\u017ce si\u0119 z systemem, kt\u00f3ry zosta\u0142 w szczelny spos\u00f3b zbudowany razem z mediami. Nasz\u0105 broni\u0105 s\u0105 te media, kt\u00f3re dla potrzeb politycznych bardzo si\u0119 przydaj\u0105, ale niestety og\u0142upiaj\u0105 nasz\u0105 m\u0142odzie\u017c. Tak\u017ce precz ze smartfonoz\u0105, ale my korzystajmy z tych medi\u00f3w w walce politycznej. R\u00f3\u017cne nasze wpisy, komentarze. To jest nasza bro\u0144. Tak wygra\u0142 Karol Nawrocki. My nie mamy dost\u0119pu do \u017cadnej wi\u0119kszej telewizji, wr\u0119cz przeciwnie. I z prawa, i z lewa, i telewizje liberalno-lewicowe b\u0119d\u0105 pr\u00f3bowa\u0142y nas zniszczy\u0107. I inne telewizje, jak wida\u0107 czasami. Nie przejmujemy si\u0119, idziemy do przodu z otwart\u0105 przy\u0142bic\u0105, z ofert\u0105 dla Polak\u00f3w, z planem politycznym, z mi\u0142o\u015bci\u0105 do naszej ojczyzny i z wiar\u0105 w zwyci\u0119stwo. Dzi\u0119kuj\u0119 bardzo.<\/p>\n\n\n\n<p class=\"wp-block-paragraph\">Czy jeste\u015bcie Pa\u0144stwo gotowi do rozmowy? Kto chcia\u0142by zada\u0107 pytanie albo kto chcia\u0142by nam co\u015b powiedzie\u0107? Bardzo prosz\u0119. Wszyscy b\u0119d\u0105 mogli. Tu m\u0142ody cz\u0142owiek jest pierwszy.<\/p>\n\n\n\n<p class=\"wp-block-paragraph\"><strong>Pytania i odpowiedzi<\/strong><\/p>\n\n\n\n<p class=\"wp-block-paragraph\"><strong>Pytanie 1: Zanim przejd\u0119 do pytania, chcia\u0142bym taki wst\u0119p da\u0107, bo Pan premier tu m\u00f3wi\u0142, \u017ce Jagodno to paszcza lwa. Niekt\u00f3rzy w mediach m\u00f3wili, \u017ce Jagodno uratowa\u0142o demokracj\u0119. Dla mnie Jagodno jest miejscem kapitulacji pa\u0144stwa polskiego w zakresie mieszkalnictwa. Mia\u0142em okazj\u0119 czyta\u0107 Pana program Rozw\u00f3j Plus i jestem g\u0142\u0119boko zaniepokojony propozycjami, kt\u00f3re tam padaj\u0105, od kolejnych dop\u0142at, po niezrozumienie faktycznego problemu mieszkaniowego. Je\u015bli ma by\u0107 nowa jako\u015b\u0107 w polityce, to powinny by\u0107 totalnie inne rozwi\u0105zania, kt\u00f3re przyj\u0119\u0142y si\u0119 na zachodzie. Czyli kwestia nie kolejnych dop\u0142at do deweloper\u00f3w, nie kolejnego pompowania rynku, tylko wyj\u015bcie z kontrofert\u0105. Wyj\u015bcie z faktycznymi inwestycjami, kt\u00f3re s\u0105 skierowane na rodzin\u0119, na spo\u0142ecze\u0144stwo, a nie na pompowanie zysku deweloper\u00f3w. Bo deweloper buduje tylko po to, \u017ceby zarobi\u0107 i nic go nie interesuje, czy dziecko b\u0119dzie mia\u0142o mo\u017cliwo\u015b\u0107 p\u00f3j\u015b\u0107 si\u0119 pobawi\u0107. I generalnie, jak pan to widzi, czy faktycznie pa\u0144skie ugrupowanie by\u0142oby w stanie powstrzyma\u0107 patodeweloperk\u0119? Bo tu te\u017c mam do\u015b\u0107 du\u017ce w\u0105tpliwo\u015bci, poniewa\u017c za czas\u00f3w pana rz\u0105du by\u0142 b\u0142\u0119dny kredyt, bezpieczny kredyt 2% plus jeszcze lecia\u0142a deregulacja wymaga\u0144 i sko\u0144czyli\u015bmy na przyk\u0142ad z mieszkaniami, kt\u00f3re maj\u0105 pokoje po 7 metr\u00f3w. Nie da si\u0119 w takich mieszkaniach wychowywa\u0107 dzieci. A deweloperzy tylko chodz\u0105 po mediach i m\u00f3wi\u0105: da\u0107 pa\u0144stwow\u0105 ziemi\u0119, dalej deregulowa\u0107, dalej dop\u0142aty.<\/strong><\/p>\n\n\n\n<p class=\"wp-block-paragraph\">Mateusz Morawiecki: Ju\u017c odpowiadam. Szanowni pa\u0144stwo, dwie sprawy w kontek\u015bcie tego pytania. Po pierwsze, ja pokazywa\u0142em zr\u0105b naszego programu mieszkaniowego, ale nie ma jeszcze ca\u0142ego programu, tak\u017ce musia\u0142 pan czyta\u0107 prawdopodobnie <em>Powered by Poland<\/em>. Ale odnios\u0119 si\u0119 do tego pytania. Ot\u00f3\u017c, ja podkre\u015blam, po tych programach, kt\u00f3re realizowali\u015bmy, mieszkaniowych, najwa\u017cniejsze jest postawi\u0107 na poda\u017c mieszka\u0144. Cho\u0107 zaraz si\u0119 zajm\u0119 te\u017c tym, o czym pan m\u00f3wi\u0142 \u2013 tereny zielone, miejsca w \u017c\u0142obkach i tak dalej. Do tego to si\u0119 sprowadza\u0142o te\u017c pana pytanie. Popyt jest \u0142atwo pompowa\u0107. Stosunkowo \u0142atwo przeznaczy\u0107 z bud\u017cetu jakie\u015b \u015brodki. I ju\u017c popyt ro\u015bnie. Taki by\u0142 program Mieszkanie dla M\u0142odych. Takim by\u0142 program Rodzina na Swoim. Taki by\u0142 program Kredyt 2%. Do wszystkich tych program\u00f3w odnosz\u0119 si\u0119 teraz krytycznie. I ma pan racj\u0119, jakbym m\u00f3g\u0142 cofa\u0107 wskaz\u00f3wki zegara, nie realizowa\u0142bym tego projektu. Kredyt 2% \u2013 naros\u0142o wok\u00f3\u0142 niego du\u017co mit\u00f3w. Ale to jest historia, nie wraca\u0142bym do tego, przyznaj\u0119 panu tutaj generalnie racj\u0119.<\/p>\n\n\n\n<p class=\"wp-block-paragraph\">Wi\u0119ksza poda\u017c, co to znaczy? Po pierwsze, ni\u017csze koszty finansowania. Po drugie, prefabrykacja. Po trzecie, deregulacja, uwaga, ale nie taka jak pan m\u00f3wi\u0142 o patodeweloperce, tylko taka, jak\u0105 wprowadzili\u015bmy my. Deregulacja na przyk\u0142ad pod tytu\u0142em: mieszkania, domy budowane o podstawie do 70 metr\u00f3w kwadratowych tylko na zg\u0142oszenie. To by\u0142a dobra deregulacja. Tysi\u0105ce dom\u00f3w w ten spos\u00f3b powsta\u0142o bardzo szybko. Bez \u017cadnych formalno\u015bci. Tysi\u0105ce czy dziesi\u0105tki tysi\u0119cy, jak niekt\u00f3rzy informuj\u0105. Wi\u0119c dalsza deregulacja i udost\u0119pnienie w planach zagospodarowania przestrzennego teren\u00f3w pod budownictwo mieszkaniowe, ale \u2013 w\u0142a\u015bnie z uwzgl\u0119dnieniem wszystkich odpowiednich obiekt\u00f3w publicznych, czyli \u015bcie\u017cki, tereny zielone, place zabaw, \u017c\u0142obki, przedszkola, szko\u0142y. To jest w naszym planie.<\/p>\n\n\n\n<p class=\"wp-block-paragraph\">I to jest pierwsza cz\u0119\u015b\u0107 odpowiedzi na to pytanie. A druga, poniewa\u017c pan m\u00f3wi\u0142 o m\u0142odych ludziach, o demografii, chc\u0119 dzisiaj powiedzie\u0107 kr\u00f3tko o naszym programie na demografi\u0119. Szanowni pa\u0144stwo, to fundamentalny problem dla wszystkich Polak\u00f3w. Polska wymiera. I to jest fakt. Niestety w ci\u0105gu kilku najbli\u017cszych dekad b\u0119dzie nas o po\u0142ow\u0119 mniej. R\u00f3\u017cne s\u0105 statystyki, ale jest to wymieranie narodu polskiego. Staniemy si\u0119 jakim\u015b ma\u0142ym narodkiem i tu mi serce krwawi. I absolutnie nie chc\u0119 si\u0119 poddawa\u0107. Chc\u0119 zaproponowa\u0107 w ramach naszej przysz\u0142ej formacji konkretny plan. I ten plan przedstawiony na naszym pikniku merytorycznym sk\u0142ada si\u0119 z kilku cz\u0119\u015bci.<\/p>\n\n\n\n<p class=\"wp-block-paragraph\">Pokr\u00f3tce o nich powiem. Zach\u0119cam do si\u0119gni\u0119cia na nasz\u0105 stron\u0119. Pierwsza kwestia to pensja rodzicielska. Czyli pensja macierzy\u0144ska albo tacierzy\u0144ska. Minimalne wynagrodzenie na poziomie aktualnego w danym roku poziomu regulacji dotycz\u0105cej pensji minimalnej: 4800 brutto, to jest ponad 3600 z\u0142 netto. Z jednoczesnym zej\u015bciem z tych wszystkich dodatk\u00f3w, kt\u00f3re dzisiaj s\u0105, ale kt\u00f3re b\u0119d\u0105 mniejsz\u0105 korzy\u015bci\u0105 ni\u017c to, co proponujemy. I ta propozycja ma dotyczy\u0107 wszystkich dzieci do trzeciego roku \u017cycia. Czyli przez trzy lata ka\u017cde dziecko po to, \u017ceby w najtrudniejszym okresie, kiedy kobieta podejmuje t\u0119 decyzj\u0119, czy wr\u00f3ci\u0107 na rynek pracy, czy zostawi\u0107 dziecko w \u017c\u0142obku, czy szuka\u0107 niani, czy samej zosta\u0107 z dzieckiem \u2013 co zwykle najlepiej dzieciom robi \u2013 ale wiadomo, \u017ce kobiety maj\u0105 swoje plany. Nikomu nie chcemy narzuca\u0107 modelu \u017cycia, modelu rodzinnego. Ale chcemy zach\u0119ci\u0107 za wszelk\u0105 cen\u0119 do tego, \u017ceby polski nar\u00f3d nie wymar\u0142, \u017ceby Polacy byli kiedy\u015b jeszcze wielkim tak\u017ce liczebnie narodem.<\/p>\n\n\n\n<p class=\"wp-block-paragraph\">Ale mamy jeszcze jeden bardzo ciekawy pomys\u0142, kt\u00f3ry przyj\u0105\u0142 si\u0119 z bardzo dobrym odbiorem na naszym pikniku idei. Ot\u00f3\u017c cz\u0119\u015b\u0107 sk\u0142adki emerytalnej p\u0142aconej przez osoby pracuj\u0105ce powinna by\u0107 przeznaczona dla \u017cyj\u0105cych rodzic\u00f3w. Przecie\u017c mama, tata, jak maj\u0105 dziecko, to mama zwykle ponosi wielki koszt, wielki wysi\u0142ek. My m\u0119\u017cczy\u017ani nie zdajemy sobie sprawy z tego \u2013 ci\u0105\u017ca, por\u00f3d, po\u0142\u00f3g, wszystkie oko\u0142oporodowe sprawy. I potem powr\u00f3t na rynek pracy. Trzeba kobietom maksymalnie pomaga\u0107 w tym okresie.<\/p>\n\n\n\n<p class=\"wp-block-paragraph\">St\u0105d ta propozycja pensji minimalnej, ale st\u0105d r\u00f3wnie\u017c propozycja, aby dzieci pracuj\u0105ce, cz\u0119\u015b\u0107 swojej sk\u0142adki oddawa\u0142y rodzicom, bo rodzice w ten spos\u00f3b, jak posiadaj\u0105 dzieci, tworz\u0105 wielk\u0105 warto\u015b\u0107 dla ca\u0142ego spo\u0142ecze\u0144stwa, tak\u017ce dla gospodarki. Dzieci s\u0105 oczywi\u015bcie wielk\u0105 mi\u0142o\u015bci\u0105, dzieci s\u0105 pragnieniem wi\u0119kszo\u015bci rodzic\u00f3w, dzieci s\u0105 najwspanialsze, najpi\u0119kniejsze i dzieci s\u0105 przysz\u0142o\u015bci\u0105 narodu, ale w warto\u015bciach potem przek\u0142adanych na rynek pracy, no to jak one nie b\u0119d\u0105 pracowa\u0107, to kto b\u0119dzie pracowa\u0142 na wasze przysz\u0142e emerytury? Jak nie ma dzieci, to nie b\u0119dzie przysz\u0142ych emerytur.<\/p>\n\n\n\n<p class=\"wp-block-paragraph\">W zwi\u0105zku z tym trzeba zaproponowa\u0107 bardzo ostry program prodemograficzny, proludno\u015bciowy, prorodzinny i to jest program Rozwoju Plus. I do tego jeszcze jest kilka dodatkowych impuls\u00f3w, kt\u00f3re bardzo prosz\u0119, \u017ceby\u015bcie pa\u0144stwo \u015bci\u0105gn\u0119li ten link, \u017ceby\u015bcie pos\u0142ali znajomym. Ale opr\u00f3cz tej demografii, oczywi\u015bcie opr\u00f3cz mieszka\u0144, mieszka\u0144 dla m\u0142odych, wa\u017cne jest te\u017c to, \u017ceby by\u0142a dost\u0119pno\u015b\u0107 pracy. Ja o pracy bardzo du\u017co m\u00f3wi\u0119. Jak b\u0119d\u0105 tutaj pytania, to do tego jeszcze nawi\u0105\u017c\u0119. A teraz prosz\u0119 o nast\u0119pne pytanie.<\/p>\n\n\n\n<p class=\"wp-block-paragraph\"><strong>Pytanie 2: Dzie\u0144 dobry, nazywam si\u0119 Damian Kowalewski. R\u00f3wnie\u017c pochodz\u0119 z Wroc\u0142awia jak pan. Jestem sekretarzem Nowej Fali prof. Senyszyn. Przyby\u0142em tutaj, \u017ceby rozmawia\u0107, bo z ka\u017cdym nawi\u0105zujemy dialog. Mam 4 pytania. Jedno mo\u017ce by\u0107 troch\u0119 kontrowersyjne. Chcia\u0142bym zapyta\u0107, czy co\u015b ma pan dla os\u00f3b homoseksualnych, tak jak ja. Wiem, \u017ce jest pan du\u017cym obro\u0144c\u0105 ma\u0142\u017ce\u0144stwa jako zwi\u0105zku kobiety i m\u0119\u017cczyzny. To w pe\u0142ni szanuj\u0119, bo jest pan katolikiem. Ale mi si\u0119 prywatnie przydarzy\u0142a taka rzecz, \u017ce mi odm\u00f3wiono dost\u0119pu do dokumentacji medycznej, kiedy m\u00f3j partner by\u0142 nieprzytomny. Czy chocia\u017c jak\u0105kolwiek nut\u0119 pan przewiduje prawn\u0105, \u017cebym ja si\u0119 czu\u0142 bezpiecznie? Bo ja te\u017c jestem patriot\u0105 i chc\u0119 \u017cy\u0107 w tym kraju. To jest pierwsze pytanie. A drugie, czy ma pan co\u015b na reform\u0119 NFZ? I tutaj ju\u017c pan zada\u0142 pytanie o mieszkania, wi\u0119c te\u017c jestem ciekaw, co pan widzi. No bo tutaj bardzo wiele os\u00f3b bierze kredyty na p\u00f3\u0142 swojego \u017cycia. I ostatnie, jak pan widzi koalicj\u0119 z Braunem, czy z PiS, bo jestem ciekaw, dlaczego pan w og\u00f3le odszed\u0142 od Jaros\u0142awa Kaczy\u0144skiego i czy w razie czego si\u0119 pa\u0144stwo po\u0142\u0105cz\u0105?<\/strong><\/p>\n\n\n\n<p class=\"wp-block-paragraph\">Mateusz Morawiecki: Dzi\u0119kuj\u0119 bardzo. Jak wida\u0107, s\u0105 tutaj osoby z najr\u00f3\u017cniejszych stron sceny politycznej. Dzi\u0119kuj\u0119 za pytania. Pierwsze, rzeczywi\u015bcie ja uwa\u017cam, r\u00f3wnie\u017c ze wzgl\u0119d\u00f3w ideowych, demograficznych, ale tak\u017ce z moich wewn\u0119trznych przekona\u0144, \u017ce powinni\u015bmy si\u0119 trzyma\u0107 konstytucji polskiej. W konstytucji mamy artyku\u0142, kt\u00f3ry wyra\u017anie m\u00f3wi, \u017ce ma\u0142\u017ce\u0144stwo to jest zwi\u0105zek kobiety i m\u0119\u017cczyzny. I dla mnie ma\u0142\u017ce\u0144stwo to jest zwi\u0105zek kobiety i m\u0119\u017cczyzny. W sytuacji takiej, jaka pana spotka\u0142a, uwa\u017cam, \u017ce wystarczy po prostu umowa notarialna, aby dwie osoby \u017cyj\u0105ce ze sob\u0105 w zwi\u0105zku homoseksualnym ustali\u0142y tego typu relacje.<\/p>\n\n\n\n<p class=\"wp-block-paragraph\">Jednocze\u015bnie te\u017c absolutnie zgadzam si\u0119 z Panem Prezydentem, je\u015bli chodzi o t\u0119 ostatni\u0105 ustaw\u0119. Wiecie pa\u0144stwo te\u017c dlaczego? Dlatego, \u017ce ona tworzy\u0142a mo\u017cliwo\u015bci podatkowe dla os\u00f3b \u017cyj\u0105cych w zwi\u0105zku homoseksualnym na poziomie praktycznie identycznym jak ma\u0142\u017ce\u0144stwo. A przecie\u017c ma\u0142\u017ce\u0144stwo ma szczeg\u00f3ln\u0105 rol\u0119, jest t\u0105 szczeg\u00f3ln\u0105 kom\u00f3rk\u0105 spo\u0142eczn\u0105. No ludzie, naprawd\u0119 nikomu nie zagl\u0105dajmy do dom\u00f3w, do alkowy, ale ma\u0142\u017ce\u0144stwo jest fundamentem, rodzina jest fundamentem ka\u017cdego spo\u0142ecze\u0144stwa. Tak musimy na to patrze\u0107. Przynajmniej ja w to g\u0142\u0119boko wierz\u0119. Polska rodzina.<\/p>\n\n\n\n<p class=\"wp-block-paragraph\">Drugie pytanie by\u0142o o NFZ, to jest temat rzeka. Mog\u0119 powiedzie\u0107 tak, \u017ce krystalizuje si\u0119 u nas bardzo konkretny program. To pos\u0142owie Stowarzyszenia Rozw\u00f3j Plus byli najbardziej aktywni po ujawnieniu afery w Szpitalu Po\u0142udniowym: Janusz Cieszy\u0144ski, Ania Kwiecie\u0144, \u0141ukasz Kmita i kilkoro innych, byli\u015bmy na wizytach w Szpitalu Po\u0142udniowym. Odkrywali\u015bmy kolejne patologie \u2013 prosektorium, rozliczenia pana Kacprzyka, rozliczenia innych. I dlaczego o tym m\u00f3wi\u0119? Bo mamy wiele konkretnych pomys\u0142\u00f3w, spr\u00f3buj\u0119 je bardzo szybko wymieni\u0107.<\/p>\n\n\n\n<p class=\"wp-block-paragraph\">Po pierwsze rejestr ofert na zasadzie dost\u0119pnej w ca\u0142ej Polsce, aby zwi\u0119kszy\u0107 konkurencj\u0119. Punkt drugi. Agencja Oceny Technologii Medycznej i Taryfikacji powinna mie\u0107 repozytorium wszystkich um\u00f3w i kontrakt\u00f3w. Nie ma tak, \u017ce Kacprzyk zawiera sobie umow\u0119 z dyrektorem szpitala, a potem z nast\u0119pnym dyrektorem szpitala, a potem jeszcze z nast\u0119pnym i tydzie\u0144 ma dla niego 9 dni, a miesi\u0105c 37. Ja nie \u017cartuj\u0119, s\u0105 tacy, kt\u00f3rzy pracuj\u0105 1200 godzin w miesi\u0105cu. No fenomenalnie, tylko, \u017ce w miesi\u0105cu nie ma tylu godzin. Nast\u0119pny punkt. Nie mo\u017ce by\u0107 tak, \u017ce na dy\u017curze sobie siedzi lekarz \u2013 super specjali\u015bci, wszystkich lekarzy kochamy, a zw\u0142aszcza wszystkich porz\u0105dnych lekarzy, ale nie mo\u017ce by\u0107 tak, \u017ce \u2013 jednocze\u015bnie jest dost\u0119pny dla kilku szpitali i bardzo du\u017ca stawka jest godzinowa na dy\u017curze telefonicznym, na pracy zdalnej. Okre\u015blenie g\u00f3rnej granicy w tym przypadku by si\u0119 przyda\u0142o. I takich pomys\u0142\u00f3w mamy bardzo wiele. Zach\u0119cam Pa\u0144stwa, \u017ceby\u015bcie zerkn\u0119li do raportu przygotowanego przez nasz zesp\u00f3\u0142, kt\u00f3ry si\u0119 zajmuje s\u0142u\u017cb\u0105 zdrowia. Jest te\u017c link dost\u0119pny na stronie Stowarzyszenia Rozw\u00f3j Plus.<\/p>\n\n\n\n<p class=\"wp-block-paragraph\">Ale t\u0119 klamr\u0119 chcia\u0142bym te\u017c przedstawi\u0107 i ona jest taka, \u017ce coraz bardziej mi si\u0119 wydaje, \u017ce nie b\u0119dzie zasadniczego uzdrowienia s\u0142u\u017cby zdrowia bez umiej\u0119tnego rozdzielenia prywatnej od publicznej s\u0142u\u017cby zdrowia. Chcesz prywatnie leczy\u0107? Lecz, tw\u00f3j sprz\u0119t, wszystko prywatne. Ale niech nie b\u0119dzie takiego wykorzystywania \u015brodk\u00f3w publicznych, kt\u00f3re prowadz\u0105 do prywatyzacji zysk\u00f3w i uspo\u0142ecznienia straty, uspo\u0142ecznienia koszt\u00f3w. No bo to jest niezdrowe.<\/p>\n\n\n\n<p class=\"wp-block-paragraph\">Jeszcze jedno pytanie by\u0142o, sk\u0105d si\u0119 wzi\u0119\u0142o, \u017ce jeste\u015bmy tutaj osobno? Ju\u017c odpowiadam. Szanowni pa\u0144stwo, rok temu, nie wiem, czy to interesuje tych z was, kt\u00f3rzy s\u0105 jakby spoza politycznej ba\u0144ki, ale powiem szybciutko. Rok temu moi byli koledzy z Solidarnej Polski opanowali Prawo i Sprawiedliwo\u015b\u0107 i komunikacj\u0119 PiS. I zacz\u0119li\u015bmy coraz ostrzej formu\u0142owa\u0107 postulaty, podobnie jak Konfederacja Grzegorza Brauna. Zacz\u0119li\u015bmy obchodzi\u0107 Grzegorza Brauna od prawej. No i w zwi\u0105zku z tym zacz\u0119li\u015bmy traci\u0107. No bo jak nasi pos\u0142owie m\u00f3wi\u0105, ci z Solidarnej Polski i bliscy im ideowo, \u017ce w\u0142a\u015bciwie to ten rz\u0105d PiS nie mia\u0142 racji, to wy\u015bcie mieli racj\u0119 do Konfederacji, jednej, drugiej, trzeciej \u2013 bo tam s\u0105 trzy konfederacje: Mentzena, Bosaka i Brauna. I teraz PiS formu\u0142uje podobnie swoje postulaty, to ludzie wychodz\u0105 od nas i z 35% czy z 32% robi si\u0119 25 albo 23%. No to ja m\u00f3wi\u0119, na naszych konwentyklach partyjnych, s\u0142uchajcie, powinni\u015bmy co\u015b z tym zrobi\u0107, mo\u017ce jakie\u015b drugie p\u0142uco.<\/p>\n\n\n\n<p class=\"wp-block-paragraph\">No dobra, no to robimy drugie p\u0142uco, takie bardziej to\u017csamo\u015bciowo rozwojowe, polski biznes, pracownicy, zajmijmy si\u0119 tymi tematami. No i wszystko w miar\u0119 sz\u0142o dobrze, sonda\u017ce si\u0119 ustabilizowa\u0142y, nawet nam zacz\u0119\u0142o troszk\u0119 rosn\u0105\u0107, ale Konfederacja i Konfederacja pana Grzegorza Brauna r\u00f3wnie\u017c im zacz\u0119\u0142o rosn\u0105\u0107. W zwi\u0105zku z tym, \u017ceby przykry\u0107 t\u0105 pora\u017ck\u0119 swojej strategii, moi wewn\u0119trzni adwersarze rozp\u0119tali czwart\u0105 wojn\u0119 punick\u0105, no i zacz\u0119\u0142a si\u0119 historia wypychania nas \u2013 nakaz\u00f3w podpisywania upokarzaj\u0105cych lojalek. Ja m\u00f3wi\u0142em, \u017ce tutaj we Wroc\u0142awiu by\u0142em chyba na kilkudziesi\u0119ciu przes\u0142uchaniach, \u017cadnego nie podpisa\u0142em, tak jak chcieli esbecy, i nie b\u0119d\u0119 niczego podpisywa\u0142, \u017cadnej lojalki. Wszyscy pos\u0142owie zadecydowali podobnie.<\/p>\n\n\n\n<p class=\"wp-block-paragraph\">I mo\u017cna powiedzie\u0107, sytuacja si\u0119 w ten spos\u00f3b potoczy\u0142a, \u017ce jak kto\u015b nas wypchn\u0105\u0142, no to jeste\u015bmy wypchni\u0119ci, jak kto\u015b spowodowa\u0142, \u017ce cz\u0142onkostwo jest wymar\u0142e, no to jest wymar\u0142e. W zwi\u0105zku z tym mog\u0119 tutaj powiedzie\u0107 \u2013 b\u0119dziemy tworzyli parti\u0119 polityczn\u0105, nasz\u0105 formacj\u0119 polityczn\u0105.<\/p>\n\n\n\n<p class=\"wp-block-paragraph\"><strong>Pytanie 3: Dzie\u0144 dobry, mam na imi\u0119 Mateusz, jestem pana imiennikiem, mam 24 lata, moje pytanie jest proste i dotyczy tego, jakie podatki pan obni\u017cy po doj\u015bciu do w\u0142adzy, jakie pan podwy\u017cszy oraz jak pan widzi wsp\u00f3\u0142prac\u0119 ze S\u0142awomirem Mentzenem. Dzi\u0119kuj\u0119.<\/strong><\/p>\n\n\n\n<p class=\"wp-block-paragraph\">Mateusz Morawiecki: Dzi\u0119kuj\u0119 bardzo. Szanowni pa\u0144stwo, tutaj przede wszystkim chc\u0119 powiedzie\u0107 \u2013 co mo\u017ce dla niekt\u00f3rych z pa\u0144stwa by\u0107 pewnym zdziwieniem \u2013 Polska ma najni\u017csze podatki w\u015br\u00f3d wszystkich unijnych kraj\u00f3w OECD. Zajrzyjcie sobie na t\u0119 stron\u0119 i zobaczycie, \u017ce mamy najni\u017cszy klin podatkowy. Nie wszyscy si\u0119 Pa\u0144stwo tego spodziewali. Bo cz\u0119sto si\u0119 w Polsce m\u00f3wi: wysokie podatki. Prosz\u0119? A prosz\u0119 sprawdzi\u0107! To jest absolutna prawda. Nie, wszystkie razem elementy podatkowe, wszystkie sk\u0142adki, ZUS-y, wszystko si\u0119 liczy razem. Zach\u0119cam, \u017ceby Pan teraz nawet zerkn\u0105\u0142 na stron\u0119 OECD, \u017ce w\u015br\u00f3d kraj\u00f3w \u2013 uwaga \u2013 unijnych OECD, nie wszystkie unijne kraje tam s\u0105, jest ich 22 \u2013 mamy najni\u017csze podatki. Ale teraz tak: przede wszystkim ja jestem za progresj\u0105. Dla mi\u0119dzynarodowych korporacji, zobaczcie sobie co zrobi\u0142em, jak by\u0142em ministrem finans\u00f3w i premierem. Mog\u0119 tu pokaza\u0107 Pa\u0144stwu, a w szczeg\u00f3lno\u015bci Panu poka\u017c\u0119, co zrobili\u015bmy z podatkami dla korporacji mi\u0119dzynarodowych. Tutaj jest 8 lat naszych rz\u0105d\u00f3w, w jaki spos\u00f3b my\u015bmy opodatkowali wielkie korporacje. Dla ma\u0142ych i \u015brednich biznes\u00f3w chcemy lepsze, prostsze, ni\u017csze podatki.<\/p>\n\n\n\n<p class=\"wp-block-paragraph\">Teraz druga cz\u0119\u015b\u0107 pytania. Szanowni Pa\u0144stwo, ja przyjecha\u0142em tutaj z przekazem, \u017ce tak powiem zdolno\u015bci do wsp\u00f3\u0142pracy ze wszystkimi, kt\u00f3rzy s\u0105 cz\u0119\u015bci\u0105 obozu patriotycznego. Ja uwa\u017cam, \u017ce pan S\u0142awomir Mentzen jest jak najbardziej cz\u0119\u015bci\u0105 obozu patriotycznego. Wyobra\u017cam sobie wsp\u00f3\u0142prac\u0119 jak najbardziej z nim. Nie wiem, czy on sobie wyobra\u017ca ze mn\u0105, ale ja jestem otwarty na wsp\u00f3\u0142prac\u0119 z ca\u0142\u0105 Konfederacj\u0105.<\/p>\n\n\n\n<p class=\"wp-block-paragraph\"><strong>Pytanie 4: Dzie\u0144 dobry. Moje nazwisko Janusz Witrychus. Ja nie jestem LGBT, to nawi\u0105zuj\u0105c do poprzednich wypowiedzi, ale mam wielk\u0105 pro\u015bb\u0119. Prosz\u0119 nigdy nie m\u00f3wi\u0107 nic o panu prezesie. Ani dobrze, ani \u017ale. Pan prezes Kaczy\u0144ski jest dla mnie wizjonerem, super facetem, zmieni\u0142 Polsk\u0119 i jakiekolwiek odnoszenie do niego \u2013 tam dywagacje, co by\u0142o w pandemii, kto by\u0142 za przymusowym szczepieniem, kto nie \u2013 nie maj\u0105 sensu. Super, \u017ce s\u0105 dwie partie. To jest pi\u0119kna sprawa, bo cz\u0119\u015b\u0107 os\u00f3b naprawd\u0119 tak nienawidzi prezesa Kaczy\u0144skiego, \u017ce nawet je\u017celi pan premier Tusk b\u0119dzie im robi\u0142 wszystko \u017ale, to b\u0119d\u0105 g\u0142osowa\u0107 na cokolwiek, byle nie na kaczora dyktatora. Dlatego uwa\u017cam, \u017ce ten ruch, kt\u00f3ry pan teraz robi jest doskona\u0142y, tylko bardzo prosz\u0119. Wszyscy jeste\u015bmy Polakami i patriotami. I nie odbieram te\u017c patriotyzmu pani Senyszyn, czy komu\u015b, kto wyst\u0119powa\u0142. Natomiast ta wizja Polski, kt\u00f3r\u0105 wy macie, jest jednolita i sp\u00f3jna i warto, \u017ceby\u015bcie nie psuli sobie obrazu. Dzi\u0119kuj\u0119 bardzo.<\/strong><\/p>\n\n\n\n<p class=\"wp-block-paragraph\">Mateusz Morawiecki: Dzi\u0119kuj\u0119.<\/p>\n\n\n\n<p class=\"wp-block-paragraph\">Miros\u0142awa Stachowiak-R\u00f3\u017cecka: Ja chcia\u0142abym zapyta\u0107, czy w\u015br\u00f3d Pa\u0144stwa jest kto\u015b, kto wtedy, w ten wiecz\u00f3r, a nawet noc, w 2023 roku sta\u0142 w tej kolejce i chce dzisiaj nam powiedzie\u0107, dlaczego. Bo naprawd\u0119 chcieliby\u015bmy to skonfrontowa\u0107. Jest pan gotowy do zadania takiego pytania i opowiedzenia o tym wieczorze? Sta\u0142 pan w tej kolejce w 2023 roku. Pizza by\u0142a tamta lepsza czy nasza?<\/p>\n\n\n\n<p class=\"wp-block-paragraph\"><strong>Pytanie 5: Nie jad\u0142em ani jednej, ani drugiej. Ale dzi\u0119kuj\u0119 za pocz\u0119stunek. Tak zupe\u0142nie powa\u017cnie to opr\u00f3cz spraw pogl\u0105dowych, dla kt\u00f3rych sta\u0142em w tej kolejce, sta\u0142em tak\u017ce z przyczyn ekonomicznych, poniewa\u017c Nowy \u0141ad uszczupli\u0142 bud\u017cet domowy naszej rodziny o 27 tys. z\u0142 rocznie. Wiem, \u017ce obni\u017cy\u0142 Pan podatki i progi, ale brak mo\u017cliwo\u015bci odliczenia sk\u0142adki zdrowotnej spowodowa\u0142 to, \u017ce za dzia\u0142alno\u015b\u0107 gospodarcz\u0105 jak p\u0142aci\u0142em 53 z\u0142, to teraz p\u0142ac\u0119 ponad 1400 z\u0142. A kwota za nasze umowy o prac\u0119, to to ju\u017c w og\u00f3le s\u0105 horrendalne kwoty, wi\u0119c obecnie p\u0142ac\u0119 4 tysi\u0105ce miesi\u0119cznie prawie za dwie sk\u0142adki zdrowotne, a s\u0142u\u017cba zdrowia, nie od wczoraj jest jaka jest, p\u0142ac\u0119 za ni\u0105 dwa razy, nie korzystam z niej wcale. Dobrze, ale 27 tys. z\u0142 wi\u0119cej p\u0142ac\u0119 ni\u017c p\u0142aci\u0142em wcze\u015bniej, a wcze\u015bniej te\u017c odprowadza\u0142em sk\u0142adki zdrowotne. Natomiast te 27 tysi\u0119cy z\u0142otych to jest du\u017co i chcia\u0142bym zapyta\u0107, w jaki spos\u00f3b m\u00f3g\u0142by pan premier przekona\u0107 nas, tutaj ludzi z Jagodna, bo wiem, \u017ce PiS podliza\u0142 si\u0119 klasie, kt\u00f3ra zarabia\u0142a troch\u0119 mniej. Natomiast jeste\u015bmy na Jagodnie we Wroc\u0142awiu, ludzie s\u0105 wykszta\u0142ceni, \u015bwiatowi, b\u0119d\u0105 zarabia\u0107 du\u017co wi\u0119cej w korporacjach i to nie jest elektorat, kt\u00f3ry da si\u0119 tej propagandzie zrobi\u0107 w bambuko, tylko licz\u0105 si\u0119 realne pieni\u0105dze, kt\u00f3re z tych kont naszych tu p\u0142yn\u0119\u0142y. Dzi\u0119kuj\u0119.<\/strong><\/p>\n\n\n\n<p class=\"wp-block-paragraph\">Mateusz Morawiecki: Dzi\u0119kuj\u0119, ju\u017c odpowiadam, ale najpierw zaczn\u0119 takim por\u00f3wnaniem dla wszystkich pa\u0144stwa, ale tak\u017ce dla pana. \u017byjemy w jednym unitarnym pa\u0144stwie, w jednym spo\u0142ecze\u0144stwie, z jedn\u0105 s\u0142u\u017cb\u0105 zdrowia. Jest prawnik albo bardzo dobry architekt, geodeta, ekonomista i zarabia \u2013 ja m\u00f3wi\u0119 autentyczne liczby teraz \u2013 miesi\u0119cznie 60-70 tysi\u0119cy z\u0142otych. P\u0142aci\u0142 wcze\u015bniej sk\u0142adki zdrowotnej \u2013 uwaga \u2013 53 z\u0142ote. Jego sekretarka czy asystent, czy sekretarz zarabia 5 albo 6 tysi\u0119cy i sk\u0142adki p\u0142aci 500 z\u0142otych, 450 z\u0142. Czy to jest w porz\u0105dku? Czy to jest dobry system? Pytam pa\u0144stwa. To nie jest dobry system. Z takich przes\u0142anek wyszli\u015bmy, \u017ce nie mo\u017ce by\u0107 taki system, \u017ce jak kto\u015b zarabia 10 razy wi\u0119cej, to p\u0142aci 10 razy mniejsz\u0105 sk\u0142adk\u0119. Co\u015b jest tu chyba nie tak. Ale to jest zarysowanie t\u0142a, dlaczego w og\u00f3le to zrobili\u015bmy. Bo druga cz\u0119\u015b\u0107 jest troch\u0119 zwi\u0105zana z tym, o co mnie tutaj kolega zapyta\u0142. Nie wiem, w jakim jest pan przedziale zarobkowym i w og\u00f3le o to nie pytam, tylko chc\u0119 powiedzie\u0107, \u017ce r\u00f3wnie\u017c w odniesieniu do wszystkich sk\u0142adowych cz\u0119\u015bci klina podatkowego, w\u0142a\u015bnie tego, kt\u00f3ry mamy najni\u017cszy, tam te\u017c chc\u0119 zastosowa\u0107 progresj\u0119. Wi\u0119ksz\u0105 progresj\u0119. Ona jest ju\u017c dzisiaj. Mam przy sobie tabelk\u0119, jak chcia\u0142by kto\u015b zobaczy\u0107.<\/p>\n\n\n\n<p class=\"wp-block-paragraph\">Ale rzeczywi\u015bcie ca\u0142y czas nie ma w pe\u0142ni docenienia tych najmniejszych mikro przedsi\u0119biorc\u00f3w. Tak samo by\u0142 b\u0142\u0105d i do niego si\u0119 mog\u0119 przyzna\u0107 \u2013 sk\u0142adka zdrowotna od \u015brodk\u00f3w trwa\u0142ych. To w og\u00f3le nie powinno si\u0119 zdarzy\u0107. To by\u0142 b\u0142\u0105d. Wi\u0119c ja mog\u0119 powiedzie\u0107 tak, na si\u0142\u0119 nie chc\u0119 nikogo przekonywa\u0107, bo ja wierz\u0119 te\u017c w sprawiedliwy system gospodarczy. Nie tylko taki dla m\u0142odych, pi\u0119knych i z Jagodna. Ja wierz\u0119, \u017ce na Jagodnie te\u017c jest mn\u00f3stwo Polak\u00f3w, kt\u00f3rzy po prostu chc\u0105 sprawiedliwo\u015bci, chc\u0105 sprawiedliwego systemu, takiego, kt\u00f3ry nie tworzy takich dysproporcji. To \u017ce\u015bmy zmienili, ale pewn\u0105 progresj\u0119 i powr\u00f3t do tego, o co pan pyta, mog\u0119 obieca\u0107, ale nie powr\u00f3t taki, \u017ceby wr\u00f3ci\u0107 ca\u0142kowicie do tego stanu wcze\u015bniejszego. R\u00f3wnie\u017c obecnie rz\u0105dz\u0105cy, obiecali i nie wr\u00f3cili do tego stanu. Zobaczcie. I ja nie b\u0119d\u0119 gruszek na wierzbie obiecywa\u0142. Uwa\u017cam, \u017ce trzeba pewn\u0105 elementarn\u0105 sprawiedliwo\u015b\u0107 utrzymywa\u0107.<\/p>\n\n\n\n<p class=\"wp-block-paragraph\"><strong>Pytanie 6: M\u0142ody cz\u0142owiek, Janek. Z Opola przyjecha\u0142e\u015b, tak? Konkretnie z Krapkowic przyjecha\u0142em i ja do pana mam pytanie, bo w pewnych ostatnich pana wypowiedziach zauwa\u017cy\u0142em r\u00f3\u017cne sprzeczno\u015bci. Mianowicie chodzi mi tutaj o sytuacj\u0119 telewizji Republika i telewizji publicznej. Skrytykowa\u0142 pan s\u0142usznie to, co si\u0119 dzia\u0142o w telewizji publicznej w latach 2015-2023. Natomiast jednocze\u015bnie przed ca\u0142\u0105 sytuacj\u0105 ze Zjednoczon\u0105 Prawic\u0105 bardzo chwali\u0142 pan i nazywa\u0142 pan telewizj\u0119 Republika domem wolnego s\u0142owa. Czy uwa\u017ca pan po tym, co si\u0119 ostatnio dzia\u0142o w telewizji Republika, czy uwa\u017ca pan, \u017ce takie dziennikarstwo, jakie uprawiaj\u0105 dziennikarze telewizji Republika, pan K\u0142eczek, pani Holecka, pan Racho\u0144, kt\u00f3rzy to samo robili przez 8 lat w TVP, kt\u00f3re pan krytykowa\u0142, dalej mo\u017ce pan nazwa\u0107 telewizj\u0119 Republika domem wolnego s\u0142owa?<\/strong><\/p>\n\n\n\n<p class=\"wp-block-paragraph\">Mateusz Morawiecki: Tak jest. Szanowni pa\u0144stwo, w Republice to mnie krytykuj\u0105, ale te\u017c pokazuj\u0105 pewien prawdziwy obraz. W zwi\u0105zku z tym na pana pytanie odpowiadam: tak, mog\u0119 nazwa\u0107 Republik\u0119 domem wolnego s\u0142owa. Ale uwaga, nie wszystkich dziennikarzy rzeczywi\u015bcie bym nazwa\u0142 takimi dziennikarzami, kt\u00f3rzy temu wolnemu s\u0142owu ho\u0142duj\u0105. Natomiast jak najbardziej mam krytyczne zdanie co do t\u0119pej propagandy, kt\u00f3ra si\u0119 wylewa z telewizji publicznej dzisiaj. Wylewa\u0142a si\u0119 wcze\u015bniej. Nie podlega\u0142a mi bezpo\u015brednio. Mog\u0119 to powiedzie\u0107 uczciwie, niestety. Zreszt\u0105 by\u0142 program niszczenia mnie w telewizji publicznej za czas\u00f3w, jak by\u0142em premierem. Tak\u017ce i TVN i telewizja publiczna nie sprzyja\u0142y mi. Jestem przygotowany i przyzwyczajony do dzia\u0142ania w takich warunkach. Natomiast uwa\u017cam, \u017ce akurat pani redaktor Danuta Holecka jest bardzo porz\u0105dn\u0105 osob\u0105, przyzwoit\u0105. Natomiast wiem, \u017ce s\u0105 dziennikarze, kt\u00f3rzy dzia\u0142aj\u0105 bardziej, \u017ce tak powiem z poduszczenia, jak to poeta m\u00f3wi\u0142, innych szatan\u00f3w, ale nie chc\u0119 wchodzi\u0107 w personalia i zostan\u0119 przy tym zdaniu. Ale wyobra\u017acie sobie pa\u0144stwo, jak monotonny by\u0142by przekaz telewizyjny, gdyby nie by\u0142o Republiki.<\/p>\n\n\n\n<p class=\"wp-block-paragraph\"><strong>Pytanie 7: Dzie\u0144 dobry panie premierze. Ja chcia\u0142bym wr\u00f3ci\u0107 do tego pomys\u0142u, o kt\u00f3rym pan premier m\u00f3wi\u0142, dotycz\u0105cy 4800 z\u0142 dla rodziny do trzeciego roku \u017cycia dziecka. Dzisiaj pan Hora\u0142a w Radio Zet \u2013 ja zada\u0142em mu podobne pytanie przez X \u2013 powiedzia\u0142, \u017ce wyliczyli\u015bcie pa\u0144stwo po odj\u0119ciu podatku i z tych 4800, \u017ce to b\u0119dzie koszt oko\u0142o 14-15 miliard\u00f3w rocznie. Zak\u0142adaj\u0105c teraz te 4800, co roku waloryzacja, czyli co roku, czyli w kolejnym roku b\u0119dzie, zak\u0142adam 18, 20 mld. To je\u017celi prezydent Karol Nawrocki b\u0119dzie sta\u0142 przy tym, co podpisa\u0142 w Toruniu, to znaczy, \u017ce nie b\u0119dzie podpisywa\u0142 \u017cadnych podatk\u00f3w, danin, op\u0142at i tak dalej, to sk\u0105d na to we\u017amiecie pieni\u0105dze?<\/strong><\/p>\n\n\n\n<p class=\"wp-block-paragraph\">Mateusz Morawiecki: We\u017amiemy na to pieni\u0105dze przede wszystkim z tego, co tu cz\u0119\u015bciowo pokaza\u0142em \u2013 z wielkiego programu naprawy finans\u00f3w publicznych, uszczelnienia. Ju\u017c raz to zrobili\u015bmy w Ministerstwie Finans\u00f3w i potem jak by\u0142em premierem. Popatrzcie sobie na akcyz\u0119, na PIT, na CIT, na VAT \u2013 cztery g\u0142\u00f3wne podatki. Popatrzcie \u2013 wykonanie bud\u017cetu 2025 roku \u2013 ich bud\u017cetu: akcyza na minusie 6,5 miliarda, PIT na minusie 2800, VAT na minusie 27-28 mld i CIT na minusie 5-6 miliard\u00f3w, czyli nawet ich za\u0142o\u017cenia zosta\u0142y tak rozszczelnione, \u017ce naprawd\u0119 jest co tam zbiera\u0107. Ju\u017c nawet w tym, co teraz powiedzia\u0142em, to jest oko\u0142o 40 miliard\u00f3w z\u0142. W tym, co oni si\u0119 niejako po\u015brednio przyznali, \u017ce to musi by\u0107 jaka\u015b bie\u017c\u0105ca luka, skoro wzrost gospodarczy jest taki, jaki mniej wi\u0119cej za\u0142o\u017cyli w ustawie bud\u017cetowej. Inflacja jest mniej wi\u0119cej taka, jak\u0105 za\u0142o\u017cyli w ustawie bud\u017cetowej, a podatki \u2013 40 miliard\u00f3w mniej. Ju\u017c raz wdra\u017cali\u015bmy rozwi\u0105zania JPK, SEND, STEER, pakiet paliwowy, pakiet elektroniczny, pakiety bran\u017cowe poszczeg\u00f3lne. Potrafimy to zrobi\u0107, pokazali\u015bmy i buduj\u0119 program wielkiego uszczelnienia systemu finansowego z ca\u0142\u0105 ekip\u0105, z kt\u00f3r\u0105 robili\u015bmy to w latach 2016-2020.<\/p>\n\n\n\n<p class=\"wp-block-paragraph\">Szanowni Pa\u0144stwo, teraz powiem co\u015b matematycznie mocnego, ale mo\u017cecie to sobie sprawdzi\u0107 w 5 sekund. Mimo naszych wielkich wydatk\u00f3w spo\u0142ecznych, 500+, potem 800+, 13, 14 emerytura, wielkie wydatki na armi\u0119, ponad 100 miliard\u00f3w na drogi, na szpitale, \u017c\u0142obki, przedszkola, inwestycje, jakich nie by\u0142o w Polsce przez 30 lat. Mimo tego wszystkiego, aha i mimo najwi\u0119kszej, uwaga, to dla kolegi, obni\u017cki podatku \u2013 st\u0105d mamy najni\u017cszy klin podatkowy w\u015br\u00f3d unijnych kraj\u00f3w OECD \u2013 \u017ce\u015bmy obni\u017cyli podatki. Kwota wolna do 30 tysi\u0119cy, a m\u00f3j nast\u0119pca obieca\u0142 do 60, nic nie zrobi\u0142, nie? Do 30 tysi\u0119cy z\u0142otych podniesiona kwota wolna i podatek, stawka podatkowa obni\u017cona z 18 na 12. Z 18 na 17, potem 17 na 12, tak? Czyli by\u0142a wielka obni\u017cka podatku, tak?<\/p>\n\n\n\n<p class=\"wp-block-paragraph\">I teraz puenta. Mimo tego wszystkiego \u2013 d\u0142ug publiczny w relacji do PKB, a to jest jedyna miara, kt\u00f3r\u0105 si\u0119 ekonomi\u015bci pos\u0142uguj\u0105, spad\u0142 z 51 do 49%. To gdzie macie zad\u0142u\u017canie pa\u0144stwa w czasach PiS?! W czasach, kiedy ja odpowiada\u0142em za polityk\u0119 finansow\u0105 i za polityk\u0119 gospodarcz\u0105, skoro d\u0142ug publiczny spada z 51 do 49%. Nie by\u0142o \u017cadnych dw\u00f3ch bud\u017cet\u00f3w, ja m\u00f3wi\u0119 o finansach publicznych, ja m\u00f3wi\u0119 \u0142\u0105cznie te finanse, wszystkie fundusze. Rynki kapita\u0142owe, rynki finansowe, Komisja Europejska, agencje ratingowe i tak patrz\u0105 na sum\u0119 tego wszystkiego. I ja m\u00f3wi\u0119 o sumie. Suma spad\u0142a z 51 do 49%.<\/p>\n\n\n\n<p class=\"wp-block-paragraph\">A teraz ostatnie zdanie: m\u00f3j nast\u0119pca, pan premier obecny, tak nas zad\u0142u\u017ca, \u017ce w trzy lata jest wzrost d\u0142ugu publicznego z 49% \u2013 bo odziedziczy\u0142 tak\u0105 liczb\u0119 \u2013 do 66-67%. W trzy lata tylko. Tak nas zad\u0142u\u017cy\u0142 i gdzie to jest? Gdzie s\u0105 te inwestycje? Mo\u017ce tu u was na Jagodnie s\u0105 te pieni\u0105dze. Gdzie one s\u0105 te pieni\u0105dze? Z tego deficytu. Tak\u017ce to jest przyd\u0142uga odpowied\u017a na pana pytanie.<\/p>\n\n\n\n<p class=\"wp-block-paragraph\"><strong>Pytanie 8: Tutaj naj\u0142agodniej jest problem z komunikacj\u0105 miejsk\u0105. Czekali\u015bmy rok, kiedy minister infrastruktury wyda rozporz\u0105dzenie, jak musz\u0105 wygl\u0105da\u0107 skrzy\u017cowania pomi\u0119dzy tramwajem a poci\u0105giem. A wi\u0119c jeszcze pan Kosiniak Kamysz proponowa\u0142, \u017ceby w dziesi\u0119ciu najwi\u0119kszych miastach w Polsce powsta\u0142o metro i tak dalej. I jakie pana ugrupowanie ma rozwi\u0105zania na ten problem z komunikacj\u0105 miejsk\u0105? I jak pan mo\u017ce odnie\u015b\u0107 si\u0119 do tego pomys\u0142u z metrem w wielkich miastach?<\/strong><\/p>\n\n\n\n<p class=\"wp-block-paragraph\">Mateusz Morawiecki: Wi\u0119c tak, pierwsza rzecz, je\u015bli chodzi o program, to nie chcia\u0142bym tylko m\u00f3wi\u0107 o jednym skrzy\u017cowaniu w Jagodnie, bo my\u015bl\u0119, \u017ce najwa\u017cniejsze b\u0119dzie, co powiem o wszystkich tego typu skrzy\u017cowaniach i o wydawanych zgodach. Zach\u0119cam pa\u0144stwa, \u017ceby\u015bcie zerkn\u0119li do naszego programu <em>Powered by Poland<\/em>. W tamtym programie proponujemy takie przyspieszenie procedur wydawania zg\u00f3d \u015brodowiskowych, inwentaryzacji \u015brodowiskowej, zg\u00f3d administracyjnych, \u017ceby mieszka\u0144cy, tak\u017ce Jagodna, nie czekali latami na te zgody.<\/p>\n\n\n\n<p class=\"wp-block-paragraph\">Uwaga, administracja pa\u0144stwowa, samorz\u0105dowa te\u017c zreszt\u0105, musi by\u0107 przebudowana bardzo g\u0142\u0119boko tak, \u017ceby firma czy obywatel nie byli petentami, tylko \u017ceby byli partnerami. Bo dzisiaj mamy do czynienia z tym, \u017ce cz\u0142owiek przychodzi do urz\u0119du i bardzo cz\u0119sto niestety jest traktowany jak petent, a musi by\u0107 traktowany jak partner. W\u0142a\u015bciciel firmy powinien by\u0107 traktowany jako ten, kt\u00f3ry p\u0142aci podatki, te\u017c pomaga w rozwoju kraju, prawda? I to w tym <em>Powered by Poland<\/em> mamy rozpisane, w jaki spos\u00f3b chcemy doprowadzi\u0107 do tego przyspieszenia gospodarczego. Co do programu budowy metra, musia\u0142bym si\u0119 przypatrzy\u0107 temu, co pokaza\u0142 PSL, bo widzia\u0142em tylko has\u0142o rok temu, ale has\u0142o to ka\u017cdy sobie mo\u017ce rzuci\u0107, prawda? Na razie to ja widz\u0119 tylko rosn\u0105c\u0105 dziur\u0119 bud\u017cetow\u0105 i widz\u0119 mniej inwestycji i widz\u0119 ci\u0119te inwestycje w regionach, powiatach, gminach, miastach.<\/p>\n\n\n\n<p class=\"wp-block-paragraph\">Nie macie pa\u0144stwo tych inwestycji, kt\u00f3re by\u0142y w czasie, jak ja by\u0142em premierem, mo\u017cna sobie to zobaczy\u0107 w danych Ministerstwa Finans\u00f3w. W zwi\u0105zku z tym ja tutaj gruszek na wierzbie nie obiecuj\u0119, trzeba popatrze\u0107, gdzie to ma najwi\u0119kszy sens, tam trzeba budowa\u0107 metro. Mam nadziej\u0119, \u017ce Wroc\u0142aw do takich miast b\u0119dzie nale\u017ca\u0142, bo to moje rodzinne, kochane miasto, tutaj niedaleko st\u0105d przy ulicy Krynickiej wiele lat mieszka\u0142em, tak\u017ce mam szczeg\u00f3lny sentyment.<\/p>\n\n\n\n<p class=\"wp-block-paragraph\">Miros\u0142awa Stachowiak-R\u00f3\u017cecka: Dzi\u0119kuj\u0119. Mateuszu, jedno zdanie o Jagodnie, mog\u0119? Bus-pas to dzi\u0119ki twojemu programowi inwestycji strategicznych, to, \u017ce on w og\u00f3le jest \u2013 i mam nadziej\u0119, \u017ce pojedzie jednak w ko\u0144cu tramwaj \u2013 to by\u0142o sfinansowane z funduszu inwestycji strategicznych, niemal w stu procentach. \u017be w og\u00f3le tutaj cho\u0107 troch\u0119 mo\u017cna si\u0119 przemieszcza\u0107, to zas\u0142uga premiera Mateusza Morawieckiego, jego wizji i jego programu. Prosz\u0119, m\u0142odzi ludzie.<\/p>\n\n\n\n<p class=\"wp-block-paragraph\"><strong>Pytanie 9: Dzie\u0144 dobry panie premierze, ja mam takie pytanie odno\u015bnie konstytucji, bo z tego co s\u0142ysza\u0142am, pan pose\u0142 Szczucki ju\u017c pisze j\u0105, a konkretnie interesuje mnie sprawa za\u0142atwienia systemu sprawiedliwo\u015bci i Trybuna\u0142u Konstytucyjnego, bo powiem panu szczerze, bardzo mi si\u0119 to nie podoba, \u017ce s\u0119dziowie, kt\u00f3rzy powinni by\u0107 autorytetem dla nas wszystkich, teraz w\u0142a\u015bciwie nic nie znacz\u0105. Wyroki s\u0105 cofane, cz\u0142owiek nie wie, kt\u00f3ry uznaje si\u0119 wyrok, a kt\u00f3ry nie.<\/strong><\/p>\n\n\n\n<p class=\"wp-block-paragraph\">Mateusz Morawiecki: To jest bardzo wa\u017cne pytanie, dzi\u0119kuj\u0119, nawet z tymi wyrokami to jest jeszcze gorzej, bo to nie tylko Trybuna\u0142 Konstytucyjny, ale s\u0105dy apelacyjne odsy\u0142aj\u0105 do ponownego rozpatrzenia wyroki ju\u017c w bardzo wa\u017cnych sprawach, tylko dlatego, \u017ce w sk\u0142adzie s\u0119dziowskim by\u0142 s\u0119dzia powo\u0142any przez pana prezydenta Dud\u0119 albo prezydenta Nawrockiego. To jest straszny skandal i z tego powodu si\u0119 tworzy gigantyczny chaos w Polsce, ale pytanie by\u0142o o Trybuna\u0142 Konstytucyjny.<\/p>\n\n\n\n<p class=\"wp-block-paragraph\">Ja osobi\u015bcie jestem zwolennikiem pe\u0142nego <em>resetu<\/em> Trybuna\u0142u Konstytucyjnego. W og\u00f3le rzeczywi\u015bcie Krzysztof Szczucki i wielu innych ludzi przyst\u0119puj\u0105 do opracowywania nowych zr\u0119b\u00f3w konstytucji w nadziei, \u017ce b\u0119dziemy mieli moment konstytucyjny, ale do tego potrzebujemy dwie trzecie w parlamencie. Szeroki konsensus spo\u0142eczny, referendum, jakie\u015b wymuszenie przez nar\u00f3d, ale to ci\u0119\u017cko mi sobie wyobrazi\u0107. Jednak jestem bardzo podobnego zdania jak pani, \u017ce dzisiaj po tym, co si\u0119 sta\u0142o w tych s\u0105dach w ca\u0142ym wymiarze sprawiedliwo\u015bci by\u0142bym zwolennikiem bardzo g\u0142\u0119bokiej zmiany tego systemu. Niestety s\u0119dziowie bardzo sprytnie, zw\u0142aszcza tych wy\u017cszych instancji, s\u0105d\u00f3w apelacyjnych, s\u0105du najwy\u017cszego no i Trybuna\u0142u Konstytucyjnego \u2013 kt\u00f3ry jest osobn\u0105 instytucj\u0105 \u2013 kurczowo trzymaj\u0105 si\u0119 obecnych regulacji.<\/p>\n\n\n\n<p class=\"wp-block-paragraph\">Co si\u0119 dzia\u0142o w czasach jak my\u015bmy rz\u0105dzili w tak zwanej reformie wymiaru sprawiedliwo\u015bci, no to wszyscy pa\u0144stwo wiecie, nie b\u0119d\u0119 tego opowiada\u0142. Jednak mam nadziej\u0119, \u017ce nowy parlament b\u0119dzie na tyle odpowiedzialny, \u017ceby dokona\u0107 <em>resetu<\/em> przynajmniej tych paru instytucji. Jak si\u0119 nie da wszystkiego naprawi\u0107, naprawmy chocia\u017c troch\u0119. W\u0142a\u015bnie tak jak pani m\u00f3wi \u2013 Trybuna\u0142 Konstytucyjny, bo jest to oburzaj\u0105ce, co si\u0119 generalnie dzieje. No i <em>reset<\/em> to <em>reset<\/em>. Znaczy od nowa, niech si\u0142y polityczne si\u0119 dogadaj\u0105 i wybior\u0105 od nowa s\u0119dzi\u00f3w, prawda? Bo tam do skandalicznych scen dochodzi, autorytet tej instytucji jest bardzo niski. Ubolewam nad tym, by\u0142bym za g\u0142\u0119bokim <em>resetem<\/em> konstytucyjnym. Albo w og\u00f3le <em>resetem<\/em>, bo konstytucyjny zak\u0142ada zmiany w konstytucji, mo\u017ce nie by\u0107 wi\u0119kszo\u015bci dla zmian w konstytucji, ja i tak jestem za <em>resetem<\/em>. Nawet bez zmian w konstytucji po prostu, \u017ceby si\u0119 tylko wystarczaj\u0105ca liczba pos\u0142\u00f3w dogada\u0142a.<\/p>\n\n\n\n<p class=\"wp-block-paragraph\"><strong>Pytanie 10: Dzie\u0144 dobry panie premierze. Nazywam si\u0119 Kacper, pochodz\u0119 z niedaleka i w przysz\u0142ym roku b\u0119d\u0105 moje pierwsze wybory. Mam konkretnie dwa pytania. Pierwsze, bo tak pan m\u00f3wi, \u017ceby pogoni\u0107 rz\u0105d Donalda Tuska i ten nierz\u0105d, jak tam nieraz media okre\u015blaj\u0105. Mam pytanie, czy jest co\u015b, co zrealizowa\u0142 ten rz\u0105d lub zaczyna realizowa\u0107, co uwa\u017ca pan za dobre i potrzebne dla Polski? Oraz kolejna sprawa, gdyby zosta\u0142 pan premierem dzi\u015b, co by by\u0142o pierwsz\u0105 z tych kwestii, kt\u00f3re tutaj pan poruszy\u0142, kt\u00f3r\u0105 by chcia\u0142 pan zrealizowa\u0107 jako co\u015b takiego szybkiego?<\/strong><\/p>\n\n\n\n<p class=\"wp-block-paragraph\">Mateusz Morawiecki: Dzi\u0119kuj\u0119. Szanowni pa\u0144stwo, pewnie rozszerzenie tego programu rodzinny kapita\u0142 opieku\u0144czy \u2013 to by\u0142a rzecz id\u0105ca w dobrym kierunku. My\u015bmy wprowadzili ten program: rodzinny kapita\u0142 opieku\u0144czy, nasi nast\u0119pcy go rozwin\u0119li. Kontynuacja cz\u0119\u015bci program\u00f3w zbrojeniowych, tak samo. My jeste\u015bmy krytyczni wobec tego, poniewa\u017c teraz wojna na Ukrainie pokazuje, \u017ce jeste\u015bmy w innej fazie. Ja w tym programie bardzo ostry nacisk k\u0142ad\u0119 na to, \u017ceby budowa\u0107 polski przemys\u0142 zbrojeniowy. I tego ca\u0142y czas nie widz\u0119, ale generalnie cz\u0119\u015b\u0107 kontrakt\u00f3w jest realizowana i id\u0105 w dobrym kierunku.<\/p>\n\n\n\n<p class=\"wp-block-paragraph\">To drugie pytanie, co bym zrobi\u0142? Podam taki przyk\u0142ad \u2013 mo\u017ce si\u0119 zdziwicie, bo gdzie Wroc\u0142aw, a gdzie porty polskie \u2013 ale podam, bo my\u015bl\u0119, \u017ce wszyscy szybko zrozumiecie dlaczego. My\u015bmy zostawili naszym nast\u0119pcom supergotowy produkt pt. port kontenerowy w \u015awinouj\u015bciu. Konsorcjum belgijsko-katarskie, \u015bwietnie si\u0119 znaj\u0105ce na temacie: Belgowie na kontenerach, Katarczycy na towarach sypkich, p\u0142ynnych. Z bud\u017cetu pa\u0144stwa polskiego niewiele pieni\u0119dzy by\u0142o potrzeba. Po paru latach realizacji netto do bud\u017cetu pa\u0144stwa polskiego z VAT, CIT i akcyzy wp\u0142ywa\u0142oby mi\u0119dzy 4 a 8 miliard\u00f3w netto. Tyle by\u015bmy wszyscy zarabiali jako Polacy.<\/p>\n\n\n\n<p class=\"wp-block-paragraph\">Tu kto\u015b pyta\u0142 mnie, sk\u0105d 14 miliard\u00f3w. Tu macie z jednego portu 4, 6, 8 miliard\u00f3w. A na poparcie mojej tezy powiem wam to, co zrobili\u015bmy ju\u017c. Bo ja chc\u0119, \u017ceby to wszystko by\u0142o ugruntowane na fundamencie wiarygodno\u015bci. Rozwin\u0119li\u015bmy port kontenerowy DCT w Gda\u0144sku, port w Gdyni, pog\u0142\u0119bili\u015bmy tor wodny w Szczecinie: 12,5 metra, \u017ceby statki g\u0142\u0119bsze, oceaniczne mog\u0142y wp\u0142ywa\u0107. I dzi\u0119ki temu w ci\u0105gu 8 lat wzrost prze\u0142adunk\u00f3w by\u0142 ponad 100%, a VAT, CIT i akcyza z 18 miliard\u00f3w nast\u0105pi\u0142 wzrost do 58 miliard\u00f3w. Tylko i wy\u0142\u0105cznie z handlu, tyle Polacy zarobili\u015bmy. No wi\u0119c zostawiam mojemu nast\u0119pcy port w \u015awinouj\u015bciu, my\u015bl\u0105c sobie, no, b\u0119dziecie mieli wspania\u0142\u0105 pere\u0142k\u0119 do pochwalenia si\u0119.<\/p>\n\n\n\n<p class=\"wp-block-paragraph\">S\u0142uchajcie \u2013 konsorcjum pogonili, nie ma ju\u017c tego konsorcjum, teraz zaczynaj\u0105 co\u015b po 2,5 roku przeb\u0105kiwa\u0107, \u017ce wr\u00f3c\u0105 do tego projektu. No cholera mnie bierze, bo nie m\u00f3wimy o drobnych pieni\u0105dzach. Po paru latach ten obr\u00f3t handlowy wp\u0142ywa do Roztoku, Hamburga, do Amsterdamu, Antwerpii i oni tam zarabiaj\u0105, a transport wje\u017cd\u017ca na ko\u0142ach przez autostrady, rozje\u017cd\u017ca nasze, prawda? To my mogliby\u015bmy by\u0107 jeszcze wi\u0119kszym <em>hubem<\/em> dla Czech, S\u0142owacji, W\u0119gier, dla Ukrainy, Bia\u0142orusi, Litwy. Zobaczcie na te dane, w Hamburgu obroty zmala\u0142y w porcie przez te 8 lat naszych rz\u0105d\u00f3w ze 123 milion\u00f3w ton na 106 milion\u00f3w ton. A u nas wzros\u0142y, we wszystkich portach, z 60 na ponad 120 mln ton. Zabrali\u015bmy i chcia\u0142em jeszcze wi\u0119cej zabra\u0107 z tego Hamburga, Amsterdamu, Antwerpii. No to oni zaorali ten projekt. Wi\u0119c odpowiadaj\u0105c na to pytanie \u2013 natychmiast bym wr\u00f3ci\u0142 do tego projektu, \u017ceby Polska by\u0142a jeszcze wi\u0119ksza, bo my si\u0119 stali\u015bmy ju\u017c takim ma\u0142ym <em>hubem<\/em> transportowym. Te\u017c S3 wybudowali\u015bmy do ko\u0144ca, A1, S19 budowane jest, czyli te wertykalne po\u0142\u0105czenia Mi\u0119dzymorza: p\u00f3\u0142noc \u2013 po\u0142udnie. To jest wielka szansa dla Polski. Ale zabieramy kas\u0119 Niemcom i Holendrom. To mo\u017ce si\u0119 to komu\u015b nie podoba. Wi\u0119c zdecydowanie bym ruszy\u0142 w\u0142a\u015bnie w taki cykl inwestycji.<\/p>\n\n\n\n<p class=\"wp-block-paragraph\">I uwaga, tu nie ma potrzeby wielkich pieni\u0119dzy bud\u017cetowych. Bo jest dziura bud\u017cetowa, to nie jest tak, \u017ce cudownie po zmianie rz\u0105du nie b\u0119dzie dziury bud\u017cetowej. To trzeba rok, dwa lata popracowa\u0107 nad tymi systemami, o kt\u00f3rych m\u00f3wi\u0142em. Ale tam, gdzie mo\u017cna zrobi\u0107 monta\u017c linii finansowo-derywatowo-kredytowych pod realizacj\u0119 projekt\u00f3w infrastrukturalnych, to potrafimy to zrobi\u0107, bo ju\u017c to robili\u015bmy.<\/p>\n\n\n\n<p class=\"wp-block-paragraph\"><strong>Pytanie 11: Panie premierze, ja zawsze by\u0142em zwolennikiem pana rz\u0105d\u00f3w. I mocno wierz\u0119 w to, \u017ce zwyci\u0119\u017cymy i ponownie pan zostanie premierem. Czy mo\u017ce pan obieca\u0107, \u017ce je\u017celi pan b\u0119dzie premierem, pan rozliczy tych, kt\u00f3rzy w tej chwili \u0142ami\u0105 prawo od Sienkiewicza po \u017burka?<\/strong><\/p>\n\n\n\n<p class=\"wp-block-paragraph\">Mateusz Morawiecki: Szanowni pa\u0144stwo, b\u0119dziemy oczywi\u015bcie starali si\u0119 wszystkie te akty \u0142amania praworz\u0105dno\u015bci rozliczy\u0107. Oczywi\u015bcie, \u017ce tak, ale jeste\u015bmy, przynajmniej chcia\u0142bym, \u017ceby\u015bmy \u017cyli w kraju praworz\u0105dnym, nie w demokracji walcz\u0105cej i w prawie, tak jak premier to prawo rozumie \u2013 jak m\u00f3j nast\u0119pca powiedzia\u0142. No i wszelkimi legalnymi metodami b\u0119dziemy si\u0119 starali rozliczy\u0107 te wszystkie oszustwa, z\u0142odziejstwa i \u0142amanie praworz\u0105dno\u015bci. Zdecydowanie tak.<\/p>\n\n\n\n<p class=\"wp-block-paragraph\"><strong>Pytanie 12: Dzie\u0144 dobry, panie premierze. Pawe\u0142. Ja mam takie pytanie. Pan Kacper chyba wspomnia\u0142 o tym, \u017ce to b\u0119d\u0105 jego pierwsze wybory. I z ciekawo\u015bci sprawdzi\u0142em, ile takich os\u00f3b b\u0119dzie. Mamy ich oko\u0142o p\u00f3\u0142tora miliona, dla kt\u00f3rych te wybory w przysz\u0142ym roku to b\u0119d\u0105 pierwsze wybory. I zak\u0142adam, \u017ce nie chce pan odda\u0107 walkowerem tej grupy. Rzuci\u0142em okiem na dziesi\u0119\u0107 filar\u00f3w. Co z tych filar\u00f3w by\u0142oby tym, co te p\u00f3\u0142tora miliona ludzi, kt\u00f3rzy zag\u0142osuj\u0105 w przysz\u0142ym roku po raz pierwszy, czym chcia\u0142by pan przekona\u0107?<\/strong><\/p>\n\n\n\n<p class=\"wp-block-paragraph\">Mateusz Morawiecki: Po pierwsze, cz\u0119\u015bciowo ju\u017c odpowiada\u0142em tutaj na te pytania. M\u0142odzi ludzie potrzebuj\u0105 pracy, godnej p\u0142acy, ale potrzebuj\u0105 te\u017c mieszka\u0144. Potrzebuj\u0105 te\u017c wsparcia pa\u0144stwa w najtrudniejszym momencie, czyli jak si\u0119 rodzi dziecko. I finanse s\u0105 najmocniej nadwyr\u0119\u017cone. St\u0105d ten program demograficzny, kt\u00f3ry zaproponowali\u015bmy. Praca, p\u0142aca, mieszkania. To s\u0105 dla m\u0142odych ludzi najwa\u017cniejsze rzeczy, z tych rzeczy materialnych.<\/p>\n\n\n\n<p class=\"wp-block-paragraph\">A z rzeczy pozamaterialnych m\u0142odzi ludzie kochaj\u0105 wolno\u015b\u0107 i s\u0105dz\u0119, \u017ce w\u0142a\u015bnie nasza formacja polityczna tworz\u0105ca si\u0119 teraz, b\u0119dzie wyrazicielem tej wolno\u015bci. Nie swawoli, ale po\u0142\u0105czenia wiary w nasz\u0105 ojczyzn\u0119, po\u0142\u0105czenia patriotyzmu. My\u015bl\u0119, \u017ce m\u0142odzi maj\u0105 w sercach ojczyzn\u0119 nasz\u0105. Naprawd\u0119 maj\u0105 Polsk\u0119 w sercach. I po\u0142\u0105czenia tych dw\u00f3ch w\u0105tk\u00f3w, \u017ce Polska mo\u017ce by\u0107 wielka, mo\u017ce by\u0107 silna, ale nie musi pozbywa\u0107 si\u0119 swojej wiary, tradycji, swojej kultury, tak jak to cz\u0119sto libera\u0142owie albo liberalne media, forsuj\u0105, promuj\u0105, propaguj\u0105. Ja wierz\u0119 w to, \u017ce w\u0142a\u015bnie m\u0142odzi ludzie ze wszystkich grup spo\u0142ecznych mog\u0105 by\u0107 patriotami ze wszystkich partii politycznych, ale \u017ce s\u0105 szczeg\u00f3lnie nastawieni r\u00f3wnie\u017c na to, czy ta wizja rozwoju, czy jak b\u0119d\u0119 o 10 lat starszy, starsza, czy b\u0119d\u0119 chcia\u0142 w tej ojczy\u017anie dalej \u017cy\u0107, czy b\u0119d\u0119 z niej dumny, z jej osi\u0105gni\u0119\u0107 w \u015bwiecie kultury, sportu. Marzy mi si\u0119, \u017ceby polskie dru\u017cyny zdobywa\u0142y mistrzostwo \u015bwiata nie tylko w siatk\u00f3wce, ale r\u00f3wnie\u017c w innych dziedzinach, zw\u0142aszcza w pi\u0142ce no\u017cnej.<\/p>\n\n\n\n<p class=\"wp-block-paragraph\">Czyli tak bym szeroko odpowiedzia\u0142 na te pytania. Przede wszystkim powiem te\u017c, podsumowuj\u0105c tak: tam jest oko\u0142o 1,5 miliona tych, kt\u00f3rzy nie g\u0142osowali 4 lata temu, a mog\u0105 g\u0142osowa\u0107 teraz. Chcia\u0142em, \u017ceby Rozw\u00f3j Plus by\u0142 dobr\u0105 ofert\u0105 polityczn\u0105, spo\u0142eczn\u0105, gospodarcz\u0105, patriotyczn\u0105 w\u0142a\u015bnie dla m\u0142odych ludzi. Chcia\u0142em, \u017ceby wszyscy m\u0142odzi polscy patrioci byli z nami. To chyba dobra puenta, je\u015bli chodzi o t\u0119 oficjaln\u0105 cz\u0119\u015b\u0107.<\/p>\n\n\n\n<p class=\"wp-block-paragraph\">Bardzo dzi\u0119kuj\u0119 Pa\u0144stwu, \u017ce tu przyszli\u015bcie. Mam nadziej\u0119, \u017ce wsp\u00f3lnymi si\u0142ami sprawimy, \u017ce to Jagodno si\u0119 zazieleni bardziej ni\u017c tylko tutaj na tym skwerze. Obiecuj\u0119 Pa\u0144stwu, \u017ce b\u0119d\u0119 to \u015bledzi\u0107 i tego pilnowa\u0107, mo\u017cecie na nas liczy\u0107. Dzi\u0119kuj\u0119 Pa\u0144stwu.<\/p>\n","protected":false},"excerpt":{"rendered":"<p>Jagodno we Wroc\u0142awiu 7.08.2026 Szanowni Pa\u0144stwo! W\u0142adza to jest program, to jest plan, to jest mi\u0142o\u015b\u0107 do ojczyzny i to jest ci\u0119\u017cka praca. I dlatego w\u0142a\u015bnie z pewnym zamys\u0142em tutaj do was przyjecha\u0142em. Bo Jagodno rzeczywi\u015bcie sta\u0142o si\u0119 takim symbolem aktywno\u015bci obywatelskiej. Stali\u015bcie tutaj szanowni pa\u0144stwo do godziny kt\u00f3rej\u015b tam w nocy w nadziei na&hellip; <a class=\"more-link\" href=\"https:\/\/prawdajestciekawa.pl\/?p=7411\">Czytaj dalej <span class=\"screen-reader-text\">Ambicja plus to\u017csamo\u015b\u0107<\/span><\/a><\/p>\n","protected":false},"author":8,"featured_media":7413,"comment_status":"open","ping_status":"open","sticky":false,"template":"","format":"standard","meta":{"footnotes":""},"categories":[420],"tags":[],"class_list":["post-7411","post","type-post","status-publish","format-standard","has-post-thumbnail","hentry","category-nr-93","entry"],"_links":{"self":[{"href":"https:\/\/prawdajestciekawa.pl\/index.php?rest_route=\/wp\/v2\/posts\/7411","targetHints":{"allow":["GET"]}}],"collection":[{"href":"https:\/\/prawdajestciekawa.pl\/index.php?rest_route=\/wp\/v2\/posts"}],"about":[{"href":"https:\/\/prawdajestciekawa.pl\/index.php?rest_route=\/wp\/v2\/types\/post"}],"author":[{"embeddable":true,"href":"https:\/\/prawdajestciekawa.pl\/index.php?rest_route=\/wp\/v2\/users\/8"}],"replies":[{"embeddable":true,"href":"https:\/\/prawdajestciekawa.pl\/index.php?rest_route=%2Fwp%2Fv2%2Fcomments&post=7411"}],"version-history":[{"count":3,"href":"https:\/\/prawdajestciekawa.pl\/index.php?rest_route=\/wp\/v2\/posts\/7411\/revisions"}],"predecessor-version":[{"id":7431,"href":"https:\/\/prawdajestciekawa.pl\/index.php?rest_route=\/wp\/v2\/posts\/7411\/revisions\/7431"}],"wp:featuredmedia":[{"embeddable":true,"href":"https:\/\/prawdajestciekawa.pl\/index.php?rest_route=\/wp\/v2\/media\/7413"}],"wp:attachment":[{"href":"https:\/\/prawdajestciekawa.pl\/index.php?rest_route=%2Fwp%2Fv2%2Fmedia&parent=7411"}],"wp:term":[{"taxonomy":"category","embeddable":true,"href":"https:\/\/prawdajestciekawa.pl\/index.php?rest_route=%2Fwp%2Fv2%2Fcategories&post=7411"},{"taxonomy":"post_tag","embeddable":true,"href":"https:\/\/prawdajestciekawa.pl\/index.php?rest_route=%2Fwp%2Fv2%2Ftags&post=7411"}],"curies":[{"name":"wp","href":"https:\/\/api.w.org\/{rel}","templated":true}]}}