{"id":7408,"date":"2026-08-26T16:04:26","date_gmt":"2026-08-26T14:04:26","guid":{"rendered":"https:\/\/prawdajestciekawa.pl\/?p=7408"},"modified":"2026-08-26T16:04:26","modified_gmt":"2026-08-26T14:04:26","slug":"moze-byc-gorzej","status":"publish","type":"post","link":"https:\/\/prawdajestciekawa.pl\/?p=7408","title":{"rendered":"Mo\u017ce by\u0107 gorzej"},"content":{"rendered":"\n<p class=\"has-large-font-size wp-block-paragraph\">Jak na razie administracja 13 grudnia jest na dobrej drodze, by zdystansowa\u0107 rz\u0105dy \u201epierwszego Tuska\u201d, wobec czego elektorat nie protestuje.<\/p>\n\n\n\n<p class=\"wp-block-paragraph\">Mo\u017cna by\u0142o wybra\u0107 na prezydenta pa\u0144stwa polskiego komunistycznego zbrodniarza, mo\u017cna te\u017c wybra\u0107 pezetpeerowskiego aparatczyka na rotacyjnego marsza\u0142ka sejmowego, kt\u00f3remu wydaje si\u0119, \u017ce ma prawo weta. W ko\u0144cu mo\u017cna przecie\u017c wybra\u0107 aktywistk\u0119 \u201ena granicy\u201d, reklamuj\u0105c\u0105 osiem gwiazdek, szturmuj\u0105c\u0105 media publiczne, apeluj\u0105c\u0105 do UE, by zablokowa\u0142a nale\u017cne Polsce \u015brodki unijne \u2013 na rzecznika praw obywatelskich.<\/p>\n\n\n\n<p class=\"wp-block-paragraph\">Po to jest demokracja, by j\u0105 kompromitowa\u0107. W patodemokracji nie ma odpowiedzialno\u015bci, a o rozliczeniach mo\u017cna sobie pogada\u0107. W\u0142a\u015bnie Tusk rozwi\u0105za\u0142 komisj\u0119 (11 os\u00f3b) ds. wyja\u015bnienia mechanizm\u00f3w represji wobec organizacji spo\u0142ecze\u0144stwa obywatelskiego oraz dzia\u0142aczy spo\u0142ecznych w latach 2015-2023. Funkcjonowa\u0142a ponad rok, podatnicy zap\u0142acili 2,5 mln z\u0142. Na czele obecna RPO.<\/p>\n\n\n\n<p class=\"wp-block-paragraph\">Tusk twierdzi, \u017ce do wr\u0119czenia nominacji asesorskich przez prezydenta, potrzeba jego kontrasygnaty. To wbrew zapisom konstytucyjnym, wbrew orzeczeniom TK i stanowisku SN, ale zgodnie z jego rozumieniem prawa. Minister sprawiedliwo\u015bci straszy kodeksem karnym, kt\u00f3rego nie zna, oraz straszy Trybuna\u0142em Stanu, w kt\u00f3rym administracja 13 grudnia nie ma wi\u0119kszo\u015bci. Niezale\u017cnie od tego \u2013 jak wynika z kontroli NIK \u2013 resort sprawiedliwo\u015bci zabawia si\u0119 za publiczne pieni\u0105dze, m.in. wydaj\u0105c 160 tys. z\u0142 na basen z kulkami. I tylko KE uwa\u017ca, \u017ce w naszym kraju dwukrotnie zwi\u0119kszy\u0142o si\u0119 zaufanie obywateli i przedsi\u0119biorc\u00f3w do wymiaru sprawiedliwo\u015bci, gdy nasta\u0142a administracja 13 grudnia (co tam neos\u0119dziowie, manipulacje przy sk\u0142adach s\u0119dziowskich, czy nieuznawanie TK i niepublikowanie jego orzecze\u0144).<\/p>\n\n\n\n<p class=\"wp-block-paragraph\"><strong>Instytucjonalizacja g\u0142upoty<\/strong><\/p>\n\n\n\n<p class=\"wp-block-paragraph\">Kto nie wierzy w globalne ocieplenie i krytykuje unijn\u0105 polityk\u0119 klimatyczn\u0105 \u2013 jest niebezpiecznym g\u0142upcem \u2013 uwa\u017ca wiceprzewodnicz\u0105ca KE, hiszpanka Teresa Ribera, komisarz ds. czystej transformacji. I co tu robi\u0107 z tak\u0105 instytucjonalizacj\u0105 g\u0142upoty. Podobno ostatni nowy typ po\u017car\u00f3w las\u00f3w \u015bwiadczy o zmianie klimatu (o podpalaczach nie wspomina si\u0119). Nie bez racji wi\u0119c, krajowy resort \u015brodowiska dysponuje funduszami do zwalczania \u201edezinformacji klimatycznej\u201d. Mo\u017ce polemizowa\u0107 i reklamowa\u0107 si\u0105 za publiczne pieni\u0105dze.<\/p>\n\n\n\n<p class=\"wp-block-paragraph\">10 mln obywateli jest nadal wykluczonych komunikacyjnie, bo administracja 13 grudnia okroi\u0142a plan CPK. I tak ju\u017c pozostanie, dop\u00f3ki b\u0119dzie obecna w\u0142adza. Tymczasem Niemcom przestaje si\u0119 op\u0142aca\u0107 tankowanie w Polsce, co zapewne pogoni resort finans\u00f3w do obni\u017cki cen paliwa. Niezale\u017cnie od tego brak zam\u00f3wie\u0144 MON w PZL Mielec grozi zwolnieniem 7 tys. pracownik\u00f3w. Perspektywy rozwojowe maj\u0105 natomiast patohotele, zajmuj\u0105ce \u015br\u00f3dmie\u015bcia miast. Narzekaj\u0105cy na utrudnienia i ha\u0142asy mieszka\u0144cy mog\u0105 si\u0119 wyprowadzi\u0107 na przedmie\u015bcia. Natomiast handluj\u0105cy odzie\u017c\u0105 b\u0119d\u0105 \u015bledzeni elektronicznie, nawet z kosmosu za pomoc\u0105 \u0142\u0105czno\u015bci satelitarnej. Takie w\u0142a\u015bnie rozporz\u0105dzenie \u2013 bez precedensu w skali \u015bwiatowej \u2013 wyda\u0142 resort finans\u00f3w.<\/p>\n\n\n\n<p class=\"wp-block-paragraph\"><strong>Strategia niedorozwoju<\/strong><\/p>\n\n\n\n<p class=\"wp-block-paragraph\">Ludzie nie ust\u0119puj\u0105. Nie chc\u0105 mie\u0107 wiatrak\u00f3w w pobli\u017cu swojej ziemi. Dewastuj\u0105 one otoczenie, obni\u017caj\u0105 warto\u015b\u0107 nieruchomo\u015bci. W tej sytuacji inwestorzy usi\u0142uj\u0105 przekupywa\u0107 w\u0142a\u015bcicieli grunt\u00f3w. Nie idzie to \u0142atwo. Resort klimatu spieszy z pomoc\u0105, nadal forsuj\u0105c wiatraki, nie bacz\u0105c, \u017ce to kontrowersyjne \u017ar\u00f3d\u0142o energii (kosztowne, zawodne). Teraz proponuje rodzaj \u0142ap\u00f3wki. Mieszkaj\u0105cy w pobli\u017cu turbin (w promieniu 1000 metr\u00f3w) dostawaliby pieni\u0105dze ze specjalnego funduszu. Przekupywanie spo\u0142ecze\u0144stwa \u2013 jako forma polityki energetycznej \u2013 tego jeszcze nie by\u0142o, ale przecie\u017c przekonanie ludzi, \u017ce wiatrak 700 metr\u00f3w od domu to dobrodziejstwo \u2013 wci\u0105\u017c pozostaje celem resortu. Natomiast poza jego refleksj\u0105 pozostaje prosty rachunek. Gdyby przeznaczy\u0107 \u015brodki na wiatraki na rozw\u00f3j stabilnych \u017ar\u00f3de\u0142 energii, to zwi\u0119kszy\u0142oby si\u0119 bezpiecze\u0144stwo energetyczne kraju.<\/p>\n\n\n\n<p class=\"wp-block-paragraph\">Administracja 13 grudnia post\u0119puje tak, jakby sabotowa\u0142a w\u0142asne pa\u0144stwo. Podczas gdy inne pa\u0144stwa unijne zajmuj\u0105 zdrowy dystans (\u017ceby nie powiedzie\u0107 \u2013 sceptycyzm) do dekarbonizacji (Niemcy zwi\u0119kszaj\u0105 zu\u017cycie w\u0119gla w energetyce), to administracja 13 grudnia nalega na transformacj\u0119 energetyczn\u0105. Niemniej do\u015bwiadczenia innych kraj\u00f3w pokazuj\u0105, \u017ce oparcie si\u0119 na niestabilnych \u017ar\u00f3d\u0142ach energii grozi <em>blackoutem<\/em>. Tymczasem zwi\u0105zkowcy przekonuj\u0105, \u017ce nie mo\u017cna rezygnowa\u0107 z energetyki w\u0119glowej, gdy nie ma odpowiedniej mocy w si\u0142owniach j\u0105drowych. Sp\u00f3r o likwidacj\u0119 polskiego w\u0119gla trwa, przy czym 60% ankietowanych negatywnie ocenia rz\u0105d Tuska.<\/p>\n\n\n\n<p class=\"wp-block-paragraph\">Rolnicy \u017cniwuj\u0105, pracownicy wczasuj\u0105, a cena paliw rekordowo ro\u015bnie. Nie trzeba wyobra\u017ani, by wnioskowa\u0107, \u017ce wi\u0119ksze koszty transportu, to wy\u017csze ceny \u017cywno\u015bci, w og\u00f3le produkcji towarowej. Niemniej administracja 13 grudnia zwleka. Mo\u017ce ludzie wr\u00f3c\u0105 jako\u015b z wakacji, przyzwyczaj\u0105 si\u0119 do wi\u0119kszych koszt\u00f3w \u017cywno\u015bci, transportu. W ka\u017cdym razie nie da si\u0119 t\u0142umaczy\u0107 wszystkiego sytuacj\u0105 geopolityczn\u0105. Nie wystarczy te\u017c po prostu obni\u017cy\u0107 cen\u0119 paliw, bo wtedy korzystaj\u0105 z tego wszyscy odbiorcy (tak\u017ce zagraniczni). Gdyby mo\u017cna preferowa\u0107 poszczeg\u00f3lne bran\u017ce (rolnictwo, transport), by\u0142oby wi\u0119cej po\u017cytku dla wszystkich, ale do tego potrzeba propa\u0144stwowego my\u015blenia. Nie wiadomo, czy wystarczy go do eksploatacji ropy i gazu ze z\u0142o\u017ca Wolin East (6 km od \u015awinouj\u015bcia), bo niemieccy ekologi\u015bci protestuj\u0105 i poskar\u017c\u0105 si\u0119 Brukseli. To odkrycie surowcowe (22 mln ton ropy i 5 mld metr\u00f3w sze\u015bciennych gazu) jest na skal\u0119 europejsk\u0105. Wzmocni\u0142oby gospodark\u0119 naszego kraju, gdyby administracja 13 grudnia pokona\u0142a op\u00f3r niemiecki i brukselski, tak jak nie uczyni\u0142a tego w przypadku port\u00f3w czy terminala kontenerowego.<\/p>\n\n\n\n<p class=\"wp-block-paragraph\"><strong>Bezpiecze\u0144stwo \u017cywno\u015bciowe<\/strong><\/p>\n\n\n\n<p class=\"wp-block-paragraph\">Preferowane konstytucyjnie gospodarstwa rodzinne s\u0105 rugowane przez transgraniczne agro-holdingi. Ukrai\u0144skie zbo\u017ce tranzytuje przez nasz kraj. Transporty s\u0105 plombowane, ale bez sankcji za ich zerwanie. Zatem nie mo\u017cna mie\u0107 pewno\u015bci, czy polski rynek nie jest zasilany ukrai\u0144skim zbo\u017cem. W\u0142a\u015bciwie rolnicy protestuj\u0105 permanentnie, ale sytuacja nie zmienia si\u0119. Ceny zb\u00f3\u017c jak 20 lat temu. Op\u0142acalno\u015b\u0107 produkcji w\u0105tpliwa (ceny paliw, nawoz\u00f3w), bo zawsze istnieje zagro\u017cenie importem substandardowej \u017cywno\u015bci ukrai\u0144skiej czy z kraj\u00f3w <em>Mercosur<\/em>. I zawsze dusi dyktat cenowy zagranicznych sieci handlowych.<\/p>\n\n\n\n<p class=\"wp-block-paragraph\">W\u0142a\u015bnie w okresie \u017cniw wzros\u0142y ceny paliwa, dope\u0142niaj\u0105c miary nieurodzaju (tak\u017ce pogoda). O dop\u0142atach do produkcji rolnej nie m\u00f3wi si\u0119. Tymczasem na polskim rynku coraz wi\u0119cej niemieckich nawoz\u00f3w. Podczas gdy nasz przemys\u0142 chemiczny jest bliski upadku, to niemiecki przeciwnie. Wykorzystuj\u0105c tanie rosyjskie surowce, zwi\u0119ksza produkcj\u0119. Co na to administracja 13 grudnia? Ano, nic. Natomiast opozycja domaga si\u0119 transparentno\u015bci rynku. Nasze pa\u0144stwo nie mo\u017ce nie wiedzie\u0107, kto jest producentem, z jakich surowc\u00f3w korzysta\u0142. Przecie\u017c polskie bezpiecze\u0144stwo \u017cywno\u015bciowe nie mo\u017ce zale\u017ce\u0107 od kombinacji zagranicznych producent\u00f3w nawoz\u00f3w.<\/p>\n\n\n\n<p class=\"wp-block-paragraph\">Tymczasem wydaje si\u0119, \u017ce administracj\u0119 13 grudnia bardziej absorbuj\u0105 zwierz\u0119ta, ni\u017c bezpiecze\u0144stwo \u017cywno\u015bciowe obywateli. Resort \u015brodowiska powo\u0142a\u0142 zesp\u00f3\u0142 ds. odstraszania nied\u017awiedzi (16 mln z\u0142). B\u0119dzie tak\u017ce obserwowa\u0142 inne drapie\u017cniki (ry\u015b, wilk), zgodnie z unijn\u0105 dyrektyw\u0105 ochrony r\u00f3\u017cnorodno\u015bci biologicznej do 2030 roku. Co tam ludzie. Dobrostan zwierz\u0105t wa\u017cniejszy. Nie przewiduje si\u0119 redukcji ich populacji. Co wi\u0119cej, resort \u015brodowiska rozpisa\u0142 przetarg na zak\u0142adanie sad\u00f3w dla nied\u017awiedzi (na obszarze 16 ha). Podobno nied\u017awiedzie \u2013 zaspokoiwszy popyt na witaminy \u2013 nie b\u0119d\u0105 nachodzi\u0142y siedzib ludzkich. I nie b\u0119dzie problemu z ich odstraszaniem, bo o ich redukcji nie ma nawet mowy. Dzi\u0119ki takiej polityce szacuje si\u0119, \u017ce w miastach jest ponad 60 tys. dzik\u00f3w (wi\u0119cej ni\u017c w lasach).<\/p>\n\n\n\n<p class=\"wp-block-paragraph\"><strong>Rozumienie prawa<\/strong><\/p>\n\n\n\n<p class=\"wp-block-paragraph\">Szed\u0142 za ni\u0105 od przystanku autobusowego. W bloku na wroc\u0142awskim osiedlu, na klatce schodowej zaatakowa\u0142 no\u017cem. Dopiero po jakim\u015b czasie policja poda\u0142a, \u017ce by\u0142 to Ukrainiec w wieku poborowym. Tzw. go\u0142ym okiem wida\u0107, \u017ce wi\u0119cej cudzoziemc\u00f3w, to wi\u0119cej przest\u0119pstw. Jednak tresura politycznej poprawno\u015bci sprawia, \u017ce najcz\u0119\u015bciej cudzoziemscy przest\u0119pcy s\u0105 anonimizowani. Wszak \u201eeuropejczycy\u201d s\u0105 tolerancyjni, r\u00f3\u017cnorodni, wielokulturowi, w og\u00f3le otwarci. Co innego jednak przemilczanie narodowo\u015bci przest\u0119pc\u00f3w, a co innego utajnienie um\u00f3w mi\u0119dzypa\u0144stwowych. Administracja 13 grudnia nie uwa\u017ca\u0142a za stosowne przekazanie obywatelom tre\u015bci umowy obronnej, zawartej z Niemcami. Uczyni\u0142a to strona niemiecka w swoim dzienniku urz\u0119dowym. W rzeczywisto\u015bci by\u0142o co ukrywa\u0107, bo interesy polskie nie s\u0105 w tej umowie dostatecznie zabezpieczone. Nasz kraj sprowadza si\u0119 do infrastruktury niezb\u0119dniej dla niemieckiej brygady formowanej na Litwie. Nie ma niemieckiego wsparcia dla polskich stara\u0144 w programach zbrojeniowych NATO.<\/p>\n\n\n\n<p class=\"wp-block-paragraph\">Nie bacz\u0105c na zapa\u015b\u0107 w s\u0142u\u017cbie zdrowia czy afery szpitalne, administracja 13 grudnia spreparowa\u0142a ustaw\u0119, kt\u00f3ra w intencji ma zabezpieczy\u0107 pacjent\u00f3w przed medycznymi oszustami, ale w praktyce przyznaje Rzecznikowi Praw Pacjenta prawo decydowania o zakazie stosowania praktyk medycznych, uznanych za niedozwolone. Niejasno\u015b\u0107 sformu\u0142owa\u0144 co do tzw. praktyk pseudomedycznych, czy dezinformacji medycznej, pozwoli rzecznikowi na podejmowanie autorytarnych rozstrzygni\u0119\u0107 oraz nak\u0142adanie kar (do 1 mln z\u0142), zanim zostanie przeprowadzona procedura odwo\u0142awcza. Nie m\u00f3wi\u0105c o tym, \u017ce mo\u017ce on ulega\u0107 lobby medyczno-farmaceutycznemu. Tak wi\u0119c, rzecznik b\u0119dzie zajmowa\u0142 si\u0119 \u015bciganiem us\u0142ug pseudomedycznych, kt\u00f3re sam zdefiniuje, przejmuj\u0105c funkcje prokuratora i s\u0105du, zamiast zadba\u0107 o dost\u0119p do opieki zdrowotnej oraz o wolno\u015b\u0107 pacjent\u00f3w do wyboru terapii.<\/p>\n\n\n\n<p class=\"wp-block-paragraph\"><strong>Pseudodemokraci<\/strong><\/p>\n\n\n\n<p class=\"wp-block-paragraph\">Mianuj\u0105 si\u0119 demokratami, ale nie chc\u0105 referendum. Kryptodyktatura 13 grudnia straszy <em>polexitem<\/em>, gdy obywatele chcieliby wyzwoli\u0107 si\u0119 z zielonego szale\u0144stwa. Ostatecznie senat odmawia obywatelom prawa do wyra\u017cenia ich pogl\u0105d\u00f3w. Jak to si\u0119 ma do demokracji \u2013 rzecznik praw obywatelskich nie reaguje. W ka\u017cdym razie, je\u017celi ETS ju\u017c przysparza niedogodno\u015bci naszej gospodarce (niekonkurencyjna), to ETS2 b\u0119dzie prawdziw\u0105 kl\u0119sk\u0105. Wzrost cen paliw do ogrzewania budynk\u00f3w i transportu \u2013 to ruina gospodarki i pauperyzacja obywateli. Senacka nieust\u0119pliwo\u015b\u0107 tym bardziej jest \u017cenuj\u0105ca, \u017ce decyzje ekologiczne UE z 2015 roku podejmowano wi\u0119kszo\u015bciowo, gdy mia\u0142o by\u0107 jednog\u0142o\u015bnie.<\/p>\n","protected":false},"excerpt":{"rendered":"<p>Jak na razie administracja 13 grudnia jest na dobrej drodze, by zdystansowa\u0107 rz\u0105dy \u201epierwszego Tuska\u201d, wobec czego elektorat nie protestuje. Mo\u017cna by\u0142o wybra\u0107 na prezydenta pa\u0144stwa polskiego komunistycznego zbrodniarza, mo\u017cna te\u017c wybra\u0107 pezetpeerowskiego aparatczyka na rotacyjnego marsza\u0142ka sejmowego, kt\u00f3remu wydaje si\u0119, \u017ce ma prawo weta. W ko\u0144cu mo\u017cna przecie\u017c wybra\u0107 aktywistk\u0119 \u201ena granicy\u201d, reklamuj\u0105c\u0105 osiem&hellip; <a class=\"more-link\" href=\"https:\/\/prawdajestciekawa.pl\/?p=7408\">Czytaj dalej <span class=\"screen-reader-text\">Mo\u017ce by\u0107 gorzej<\/span><\/a><\/p>\n","protected":false},"author":26,"featured_media":7409,"comment_status":"open","ping_status":"open","sticky":false,"template":"","format":"standard","meta":{"footnotes":""},"categories":[420],"tags":[],"class_list":["post-7408","post","type-post","status-publish","format-standard","has-post-thumbnail","hentry","category-nr-93","entry"],"_links":{"self":[{"href":"https:\/\/prawdajestciekawa.pl\/index.php?rest_route=\/wp\/v2\/posts\/7408","targetHints":{"allow":["GET"]}}],"collection":[{"href":"https:\/\/prawdajestciekawa.pl\/index.php?rest_route=\/wp\/v2\/posts"}],"about":[{"href":"https:\/\/prawdajestciekawa.pl\/index.php?rest_route=\/wp\/v2\/types\/post"}],"author":[{"embeddable":true,"href":"https:\/\/prawdajestciekawa.pl\/index.php?rest_route=\/wp\/v2\/users\/26"}],"replies":[{"embeddable":true,"href":"https:\/\/prawdajestciekawa.pl\/index.php?rest_route=%2Fwp%2Fv2%2Fcomments&post=7408"}],"version-history":[{"count":1,"href":"https:\/\/prawdajestciekawa.pl\/index.php?rest_route=\/wp\/v2\/posts\/7408\/revisions"}],"predecessor-version":[{"id":7410,"href":"https:\/\/prawdajestciekawa.pl\/index.php?rest_route=\/wp\/v2\/posts\/7408\/revisions\/7410"}],"wp:featuredmedia":[{"embeddable":true,"href":"https:\/\/prawdajestciekawa.pl\/index.php?rest_route=\/wp\/v2\/media\/7409"}],"wp:attachment":[{"href":"https:\/\/prawdajestciekawa.pl\/index.php?rest_route=%2Fwp%2Fv2%2Fmedia&parent=7408"}],"wp:term":[{"taxonomy":"category","embeddable":true,"href":"https:\/\/prawdajestciekawa.pl\/index.php?rest_route=%2Fwp%2Fv2%2Fcategories&post=7408"},{"taxonomy":"post_tag","embeddable":true,"href":"https:\/\/prawdajestciekawa.pl\/index.php?rest_route=%2Fwp%2Fv2%2Ftags&post=7408"}],"curies":[{"name":"wp","href":"https:\/\/api.w.org\/{rel}","templated":true}]}}