{"id":7399,"date":"2026-08-26T16:00:21","date_gmt":"2026-08-26T14:00:21","guid":{"rendered":"https:\/\/prawdajestciekawa.pl\/?p=7399"},"modified":"2026-08-26T16:00:21","modified_gmt":"2026-08-26T14:00:21","slug":"listy-od-czytelnikow","status":"publish","type":"post","link":"https:\/\/prawdajestciekawa.pl\/?p=7399","title":{"rendered":"Listy od Czytelnik\u00f3w"},"content":{"rendered":"\n<p class=\"wp-block-paragraph\"><strong>Drodzy Czytelnicy!<\/strong><\/p>\n\n\n\n<p class=\"wp-block-paragraph\"><strong>Ka\u017cdy numer PJC przynosi du\u017c\u0105 dawk\u0119 interesuj\u0105cych materia\u0142\u00f3w. To s\u0105 artyku\u0142y, felietony, szkice publicystyczne, noty dziennikarskie, wspomnienia, czasami literatura pi\u0119kna, wiersze i opowiadania. Ka\u017cdy Czytelnik mo\u017ce wybra\u0107 to, co mu si\u0119 podoba. Zwykle po przeczytaniu, nachodz\u0105 Drogiego Czytelnika jakie\u015b my\u015bli, refleksje, emocje, wra\u017cenia.<\/strong><\/p>\n\n\n\n<p class=\"wp-block-paragraph\"><strong>Zapraszamy do dzielenia si\u0119 swoimi opiniami, spostrze\u017ceniami, a tak\u017ce krytycznymi uwagami. Ch\u0119tnie je opublikujemy. A by\u0107 mo\u017ce masz, Drogi Czytelniku, jakie\u015b sprawy do poruszenia czy problemy, z kt\u00f3rymi si\u0119 borykasz. Napisz nam o nich, podziel si\u0119 swoimi troskami. Poni\u017cej znajdziesz listy i emaile od moich czytelnik\u00f3w, kt\u00f3rych do tej pory nie publikowa\u0142em. A wydaje mi si\u0119, \u017ce warto je upowszechni\u0107, bo opowiadaj\u0105 o tym, co ludzi zajmuje, niepokoi, zaciekawia, a by\u0107 mo\u017ce i dra\u017cni.<\/strong><\/p>\n\n\n\n<p class=\"wp-block-paragraph\"><strong>Dzielcie si\u0119 tak\u017ce z nami opiniami o naszym pi\u015bmie, co chcieliby\u015bcie przeczyta\u0107, mo\u017ce z kim przeprowadzi\u0107 wywiad, kogo\u015b przedstawi\u0107. S\u0142owem, zapraszamy do wsp\u00f3\u0142pracy.<\/strong><\/p>\n\n\n\n<p class=\"wp-block-paragraph\"><strong>WRA\u017bENIA Z LEKTURY<\/strong><\/p>\n\n\n\n<p class=\"wp-block-paragraph\">Szanowny Panie,<\/p>\n\n\n\n<p class=\"wp-block-paragraph\">pozwoli\u0142em sobie napisa\u0107 do Pana tych kilka liter i dopu\u015bci\u0107 do zmarnowania Pa\u0144skiego czasu na odczytanie ich. Ale prosz\u0119 mi wierzy\u0107 \u2013 nie mog\u0142em si\u0119 temu oprze\u0107. Wiele lat temu, b\u0119d\u0105c jeszcze ludzkim szczeni\u0119ciem natrafi\u0142em w ksi\u0119garni na ksi\u0105\u017ck\u0119, kt\u00f3rej tytu\u0142 z pewno\u015bci\u0105 nie jest Panu obcy \u2013 \u201eChrobaczki\u201d. Ksi\u0105\u017cka opas\u0142a z intryguj\u0105cym tytu\u0142em i ostrze\u017ceniem na wej\u015bciu. I pomimo tego, \u017ce daleko mi by\u0142o do wyznaczonego na obwolucie wieku (33 lat) \u2026 kupi\u0142em j\u0105 (nikt nie sprawdza\u0142). Co wi\u0119cej&#8230; przeczyta\u0142em&#8230; I to nie raz. I nawet poleci\u0142em bratu i przyjaci\u00f3\u0142ce. Wszyscy zostali\u015bmy naznaczeni tym, co tam, na kartach tej ksi\u0105\u017cki si\u0119 dzia\u0142o. A teraz, po tylu latach zn\u00f3w czytam. I w zasadzie wszystko, co chcia\u0142em, to pok\u0142oni\u0107 si\u0119 Panu i podzi\u0119kowa\u0107 za to niesamowite do\u015bwiadczenie, jakim jest zanurzenie si\u0119 w Pa\u0144sk\u0105 opowie\u015b\u0107. Te wszystkie lata temu nie przysz\u0142o mi do g\u0142owy, aby spisa\u0107 podobne s\u0142owa i wys\u0142a\u0107 listem do Pana. Ale teraz, w dobie skr\u00f3conego dystansu, pozwalam sobie na kr\u00f3tk\u0105 chwil\u0119 rozb\u0142ysn\u0105\u0107 w Panu tymi s\u0142owami. Dzi\u0119kuj\u0119 i pozdrawiam serdecznie \u2013 Marcus Von May.<\/p>\n\n\n\n<p class=\"has-yellow-background-color has-background wp-block-paragraph\"><strong>ODPOWIED\u0179<\/strong><br>Dzi\u0119kuj\u0119 za wra\u017cenia z ksi\u0105\u017cki. Jestem pe\u0142en uznania dla Pana i Pana bliskich, i\u017c si\u0119gacie po lektur\u0119 niezwykle trudn\u0105 i wydan\u0105 dawno temu. Dla autora to zaszczyt, i\u017c dzie\u0142o jego wci\u0105\u017c \u017cyje i dostarcza tak du\u017co wra\u017ce\u0144. Krytycy twierdzili, \u017ce \u201eChrobaczki\u201d s\u0105 najbardziej zagadkow\u0105 i najtrudniejsz\u0105 lektur\u0105 polsk\u0105. Tym bardziej podziwiam Pa\u0144stwa decyzje. Z pozdrowieniami. St. S.<\/p>\n\n\n\n<p class=\"has-text-align-center wp-block-paragraph\">***<\/p>\n\n\n\n<p class=\"wp-block-paragraph\">Poznali\u015bmy si\u0119 11 lipca na 81. rocznicy rzezi wo\u0142y\u0144skiej. Poprosi\u0142em w\u00f3wczas Pana o podpisanie ksi\u0105\u017cki Pana autorstwa. Powiedzia\u0142 Pan, \u017cebym jak sko\u0144cz\u0119 czyta\u0107, opisa\u0142 Panu swoje wra\u017cenia, odczucia na jej temat, wi\u0119c oto jestem i pisz\u0119. Zaczynaj\u0105c czyta\u0107 \u201eStrach\u201d, ju\u017c wiedzia\u0142em mniej wi\u0119cej, co b\u0119dzie si\u0119 w ksi\u0105\u017cce dzia\u0142o. Wiedzia\u0142em, \u017ce b\u0119d\u0105 krwawe mordy, okrutne zbrodnie i ludzka tragedia, jednak jak zacz\u0105\u0142em wg\u0142\u0119bia\u0107 si\u0119 w lektur\u0119 tej ksi\u0105\u017cki, by\u0142em w wielkim szoku, a czasami nie by\u0142em w stanie sobie wyobrazi\u0107 tych najbardziej brutalnych i szokuj\u0105cych rzeczy. Pierwsze, co mnie zdziwi\u0142o, poniewa\u017c nie mia\u0142em poj\u0119cia, \u017ce by\u0142o co\u015b takiego jak \u201epogrzeb Polski\u201d, nie mia\u0142em poj\u0119cia nawet i na my\u015bl mi nie przysz\u0142o, \u017ce kto\u015b kiedy\u015b wykopa\u0142 d\u00f3\u0142, wrzuci\u0142 flag\u0119, mundur i jeszcze to celebrowa\u0142. Kolejn\u0105 rzecz\u0105, kt\u00f3ra jest oburzaj\u0105ca i niewiarygodna wr\u0119cz, to to, co si\u0119 dzia\u0142o w ko\u015bciele i jakich rzeczy dokonywali w nim Ukrai\u0144cy, mam na my\u015bli fragment, w kt\u00f3rym dokonywali straszliwej zbrodni, \u201e\u015bwi\u0119tuj\u0105c walk\u0119 o niepodleg\u0142\u0105 Ukrain\u0119\u201d. Tak samo bardzo mnie zainteresowa\u0142 rozdzia\u0142 \u201elekcja anatomii\u201d. By\u0142em naprawd\u0119, ale to naprawd\u0119 bardzo poruszony. Czasami musia\u0142em przeczyta\u0107 jedno zdanie kilka razy, bo nie by\u0142em w stanie uwierzy\u0107 w dan\u0105 rzecz. Zbrodniarze nie do\u015b\u0107, \u017ce wymordowali tyle niewinnych ludzi, to jeszcze zostawili ogromny \u015blad na psychice chocia\u017cby tej kobiety, kt\u00f3ra osiwia\u0142a w tak kr\u00f3tkim czasie\u2026 Ja, maj\u0105c 15 lat uwa\u017cam, \u017ce ta ksi\u0105\u017cka powinna by\u0107 lektur\u0105 historyczn\u0105 dla 3 klasy technikum\/liceum, \u017ceby m\u0142odzi mieli \u015bwiadomo\u015b\u0107, \u017ce takie wydarzenia mia\u0142y miejsce. Jest mi ogromnie mi\u0142o, \u017ce mog\u0142em pozna\u0107 Pana osobi\u015bcie i pozna\u0107 bli\u017cej dzi\u0119ki Panu histori\u0119 tych ludzi. Histori\u0105 Kres\u00f3w jestem bardzo zainteresowany i jest mi ona bardzo bliska, poniewa\u017c moja rodzina w\u0142a\u015bnie z tych teren\u00f3w pochodzi, a konkretniej ze Lwowa, Ihrowicy i z tamtych teren\u00f3w. W mojej rodzinie zosta\u0142o zes\u0142anych 18 os\u00f3b na Syberi\u0119, wi\u0119c historie stamt\u0105d te\u017c s\u0105 mi bliskie. A wracaj\u0105c do tematu ksi\u0105\u017cki, uwa\u017cam, \u017ce ta ksi\u0105\u017cka jest jednym z wa\u017cniejszych dowod\u00f3w na krwawe wydarzenia, kt\u00f3re mia\u0142y miejsce na terenach Polski i uwa\u017cam, \u017ce ka\u017cdy powinien j\u0105 przeczyta\u0107, a zw\u0142aszcza w czasach poprawno\u015bci politycznej i aktualnej wojny. Ja pami\u0119tam, \u017ce w moim podr\u0119czniku od historii w \u00f3smej klasie by\u0142a malutka ramka z informacj\u0105, \u017ce taka zbrodnia mia\u0142a miejsce i by\u0142a dokonana przez Ukrai\u0144c\u00f3w. To stanowczo za ma\u0142o. Tak samo jak m\u00f3wimy o Ukrai\u0144cach, kt\u00f3rzy mordowali Polak\u00f3w w czasie Powstania Warszawskiego\u2026 Pozdrawiam serdecznie. Dominik<\/p>\n\n\n\n<p class=\"wp-block-paragraph\"><strong>JAKIE JEST MOJE POKOLENIE?<\/strong><\/p>\n\n\n\n<p class=\"wp-block-paragraph\">Na swoje pokolenie patrz\u0119 r\u00f3\u017cnie, dostrzegam zar\u00f3wno plusy jak i minusy. Na pewno podoba mi si\u0119 ambicja w moim pokoleniu, dostrzegam j\u0105 w gronie znajomych czy przyjaci\u00f3\u0142, podoba mi si\u0119, \u017ce ma rozmaite zainteresowania i potencja\u0142. Natomiast nie podobaj\u0105 mi si\u0119 ubytki w obszarze wiedzy og\u00f3lnej oraz widz\u0119 pot\u0119\u017cny minus, tym minusem jest to, \u017ce czasami ci\u0119\u017cko jest z komunikacj\u0105, konkretniej, \u017ce nie ma takiej atmosfery, jak kiedy\u015b, \u017ce wszyscy ze sob\u0105 rozmawiaj\u0105, tylko np. jest to podzielone. Nie podoba mi si\u0119 obecnie te\u017c nadwra\u017cliwo\u015b\u0107 na niekt\u00f3re tematy lub ca\u0142kowity jej brak, a nawet oboj\u0119tno\u015b\u0107. Podoba mi si\u0119 natomiast, \u017ce moje pokolenie jest na pewno kreatywne i wielu z moich znajomych osi\u0105ga wyznaczone cele. Widz\u0119 te\u017c, \u017ce wi\u0119kszo\u015b\u0107 znajomych i os\u00f3b z mojego otoczenia idzie w kierunek j\u0119zyka angielskiego oraz w informatyk\u0119 i zauwa\u017cam, \u017ce nie po\u015bwi\u0119caj\u0105 czasu na refleksj\u0119 nad przysz\u0142o\u015bci\u0105, tylko zazwyczaj \u017cyj\u0105 tera\u017aniejszo\u015bci\u0105\u2026 \u017bycz\u0119 wszystkiego dobrego i pozdrawiam. Dominik<\/p>\n\n\n\n<p class=\"has-yellow-background-color has-background wp-block-paragraph\"><strong>ODPOWIED\u0179<\/strong><br>Dzi\u0119kuj\u0119, Dominik za wra\u017cenia z lektury, a tak\u017ce za opini\u0119 o swoim pokoleniu. To niezwykle wa\u017cne, by tak m\u0142odzi ludzie jak Ty, zastanawiali si\u0119 nad swoj\u0105 przysz\u0142o\u015bci\u0105 i pr\u00f3bowali ju\u017c w tym wieku znajdowa\u0107 w tej przysz\u0142o\u015bci dla siebie miejsce. Z pozdrowieniami. St. S.<\/p>\n","protected":false},"excerpt":{"rendered":"<p>Drodzy Czytelnicy! Ka\u017cdy numer PJC przynosi du\u017c\u0105 dawk\u0119 interesuj\u0105cych materia\u0142\u00f3w. To s\u0105 artyku\u0142y, felietony, szkice publicystyczne, noty dziennikarskie, wspomnienia, czasami literatura pi\u0119kna, wiersze i opowiadania. Ka\u017cdy Czytelnik mo\u017ce wybra\u0107 to, co mu si\u0119 podoba. Zwykle po przeczytaniu, nachodz\u0105 Drogiego Czytelnika jakie\u015b my\u015bli, refleksje, emocje, wra\u017cenia. Zapraszamy do dzielenia si\u0119 swoimi opiniami, spostrze\u017ceniami, a tak\u017ce krytycznymi&hellip; <a class=\"more-link\" href=\"https:\/\/prawdajestciekawa.pl\/?p=7399\">Czytaj dalej <span class=\"screen-reader-text\">Listy od Czytelnik\u00f3w<\/span><\/a><\/p>\n","protected":false},"author":14,"featured_media":7400,"comment_status":"open","ping_status":"open","sticky":false,"template":"","format":"standard","meta":{"footnotes":""},"categories":[420],"tags":[],"class_list":["post-7399","post","type-post","status-publish","format-standard","has-post-thumbnail","hentry","category-nr-93","entry"],"_links":{"self":[{"href":"https:\/\/prawdajestciekawa.pl\/index.php?rest_route=\/wp\/v2\/posts\/7399","targetHints":{"allow":["GET"]}}],"collection":[{"href":"https:\/\/prawdajestciekawa.pl\/index.php?rest_route=\/wp\/v2\/posts"}],"about":[{"href":"https:\/\/prawdajestciekawa.pl\/index.php?rest_route=\/wp\/v2\/types\/post"}],"author":[{"embeddable":true,"href":"https:\/\/prawdajestciekawa.pl\/index.php?rest_route=\/wp\/v2\/users\/14"}],"replies":[{"embeddable":true,"href":"https:\/\/prawdajestciekawa.pl\/index.php?rest_route=%2Fwp%2Fv2%2Fcomments&post=7399"}],"version-history":[{"count":1,"href":"https:\/\/prawdajestciekawa.pl\/index.php?rest_route=\/wp\/v2\/posts\/7399\/revisions"}],"predecessor-version":[{"id":7401,"href":"https:\/\/prawdajestciekawa.pl\/index.php?rest_route=\/wp\/v2\/posts\/7399\/revisions\/7401"}],"wp:featuredmedia":[{"embeddable":true,"href":"https:\/\/prawdajestciekawa.pl\/index.php?rest_route=\/wp\/v2\/media\/7400"}],"wp:attachment":[{"href":"https:\/\/prawdajestciekawa.pl\/index.php?rest_route=%2Fwp%2Fv2%2Fmedia&parent=7399"}],"wp:term":[{"taxonomy":"category","embeddable":true,"href":"https:\/\/prawdajestciekawa.pl\/index.php?rest_route=%2Fwp%2Fv2%2Fcategories&post=7399"},{"taxonomy":"post_tag","embeddable":true,"href":"https:\/\/prawdajestciekawa.pl\/index.php?rest_route=%2Fwp%2Fv2%2Ftags&post=7399"}],"curies":[{"name":"wp","href":"https:\/\/api.w.org\/{rel}","templated":true}]}}