{"id":7397,"date":"2026-08-26T15:57:02","date_gmt":"2026-08-26T13:57:02","guid":{"rendered":"https:\/\/prawdajestciekawa.pl\/?p=7397"},"modified":"2026-08-26T15:57:02","modified_gmt":"2026-08-26T13:57:02","slug":"o-deportacjach-czyli-tylko-prawda-jest-ciekawa","status":"publish","type":"post","link":"https:\/\/prawdajestciekawa.pl\/?p=7397","title":{"rendered":"O deportacjach, czyli tylko prawda jest ciekawa"},"content":{"rendered":"\n<p class=\"wp-block-paragraph\">Jestem d\u0142ugo w polityce i rozumiem \u2013 my\u015bl\u0119 \u2013 o co w niej chodzi. Znam te\u017c stare ameryka\u0144skie powiedzenie ze \u015bwiata polityki, i\u017c kampania wyborcza rozpoczyna si\u0119 nast\u0119pnego dnia po wyborach. W\u0142a\u015bnie dlatego doskonale rozumiem, \u017ce oficjalnie zg\u0142oszony przez najwi\u0119ksz\u0105 parti\u0119 opozycyjna postulat deportowania niepracuj\u0105cych obywateli Ukrainy w wieku poborowym ma charakter <em>stricte<\/em> wyborczy.<\/p>\n\n\n\n<p class=\"wp-block-paragraph\">Rozumiem logik\u0119 \u015bcigania si\u0119 o elektorat z Konfederacj\u0105 Korony Polskiej Grzegorza Brauna i Konfederacj\u0105 S\u0142awomira Mentzena oraz Krzysztofa Bosaka. Czy b\u0119dzie to wy\u015bcig skuteczny \u2013 to inna sprawa. Rozpychanie si\u0119 po prawej stronie sceny politycznej jest, nie ma co ukrywa\u0107, coraz trudniejsze, w sytuacji gdy nie ma ju\u017c tylko jednej monopolistycznej formacji, jak\u0105 by\u0142 PiS do roku 2019 (mowa oczywi\u015bcie o ugrupowaniach parlamentarnych) lub dw\u00f3ch, jakimi by\u0142y PiS i Konfederacja do roku 2025, a nawet trzech: PiS, Konfederacja i Korona do roku 2026 i powstania Rozw\u00f3j Plus.<\/p>\n\n\n\n<p class=\"wp-block-paragraph\">Pozwol\u0119 sobie jednak, mimo oczywistego kontekstu polityczno-wyborczo-kampanijno-PR-owego zwr\u00f3ci\u0107 uwag\u0119 na kilka aspekt\u00f3w czysto merytorycznych. Zatem po kolei.<\/p>\n\n\n\n<p class=\"wp-block-paragraph\">Po pierwsze: dotychczas deportowano cudzoziemc\u00f3w za przest\u0119pstwa, a nawet czasem wykroczenia, ale nie za niepracowanie. Po drugie: jak kto\u015b dzi\u015b nie pracuje, nie znaczy, \u017ce jutro nie podejmie pracy. Po trzecie: owi niepracuj\u0105cy (by\u0107 mo\u017ce tylko chwilowo) Ukrai\u0144cy tu w Polsce wydaj\u0105 pieni\u0105dze na jedzenie, mieszkanie, zakupy etc., a wi\u0119c nakr\u0119caj\u0105 koniunktur\u0119 gospodarcz\u0105. Po czwarte: nie s\u0142ysza\u0142em o jakimkolwiek pa\u0144stwie, kt\u00f3re deportowa\u0142oby ludzi za to, \u017ce nie pracuj\u0105, cho\u0107 oczywi\u015bcie Rzeczypospolita mog\u0142aby tu by\u0107 prekursorem. Po pi\u0105te: deportowani obywatele naszego wschodniego s\u0105siada zasililiby Ukrain\u0119 jako si\u0142a robocza, co w sytuacji jawnego ju\u017c przedstawiania przez Kij\u00f3w planu bycia liderem naszego regionu kosztem Polski \u2013 by\u0142oby wr\u0119cz skrajnie irracjonalne. Po sz\u00f3ste: przez wieki, zw\u0142aszcza w okresie Pierwszej Rzeczypospolitej, nasza ojczyzna przyci\u0105ga\u0142a ludzi ze Wschodu (rosyjscy bojarowie) i Zachodu (mniejszo\u015bci religijne) \u2013 bo byli\u015bmy oaz\u0105 wolno\u015bci. Czy\u017cby\u015bmy teraz mieli zrezygnowa\u0107 z tego dziedzictwa, aby zasili\u0107 Ukrain\u0119 mi\u0119sem armatnim i lud\u017ami do odbudowy tamtejszej, a nie polskiej gospodarki?<\/p>\n\n\n\n<p class=\"wp-block-paragraph\"><strong>Wpisuj\u0119 te moje uwagi do sztambucha prawicowej opozycji. Rywalizowanie z Kijowem wymaga m\u0105dro\u015bci, a nie tromtadracji.<\/strong><\/p>\n","protected":false},"excerpt":{"rendered":"<p>Jestem d\u0142ugo w polityce i rozumiem \u2013 my\u015bl\u0119 \u2013 o co w niej chodzi. Znam te\u017c stare ameryka\u0144skie powiedzenie ze \u015bwiata polityki, i\u017c kampania wyborcza rozpoczyna si\u0119 nast\u0119pnego dnia po wyborach. W\u0142a\u015bnie dlatego doskonale rozumiem, \u017ce oficjalnie zg\u0142oszony przez najwi\u0119ksz\u0105 parti\u0119 opozycyjna postulat deportowania niepracuj\u0105cych obywateli Ukrainy w wieku poborowym ma charakter stricte wyborczy. Rozumiem&hellip; <a class=\"more-link\" href=\"https:\/\/prawdajestciekawa.pl\/?p=7397\">Czytaj dalej <span class=\"screen-reader-text\">O deportacjach, czyli tylko prawda jest ciekawa<\/span><\/a><\/p>\n","protected":false},"author":4,"featured_media":0,"comment_status":"open","ping_status":"open","sticky":false,"template":"","format":"standard","meta":{"footnotes":""},"categories":[420],"tags":[],"class_list":["post-7397","post","type-post","status-publish","format-standard","hentry","category-nr-93","entry"],"_links":{"self":[{"href":"https:\/\/prawdajestciekawa.pl\/index.php?rest_route=\/wp\/v2\/posts\/7397","targetHints":{"allow":["GET"]}}],"collection":[{"href":"https:\/\/prawdajestciekawa.pl\/index.php?rest_route=\/wp\/v2\/posts"}],"about":[{"href":"https:\/\/prawdajestciekawa.pl\/index.php?rest_route=\/wp\/v2\/types\/post"}],"author":[{"embeddable":true,"href":"https:\/\/prawdajestciekawa.pl\/index.php?rest_route=\/wp\/v2\/users\/4"}],"replies":[{"embeddable":true,"href":"https:\/\/prawdajestciekawa.pl\/index.php?rest_route=%2Fwp%2Fv2%2Fcomments&post=7397"}],"version-history":[{"count":1,"href":"https:\/\/prawdajestciekawa.pl\/index.php?rest_route=\/wp\/v2\/posts\/7397\/revisions"}],"predecessor-version":[{"id":7398,"href":"https:\/\/prawdajestciekawa.pl\/index.php?rest_route=\/wp\/v2\/posts\/7397\/revisions\/7398"}],"wp:attachment":[{"href":"https:\/\/prawdajestciekawa.pl\/index.php?rest_route=%2Fwp%2Fv2%2Fmedia&parent=7397"}],"wp:term":[{"taxonomy":"category","embeddable":true,"href":"https:\/\/prawdajestciekawa.pl\/index.php?rest_route=%2Fwp%2Fv2%2Fcategories&post=7397"},{"taxonomy":"post_tag","embeddable":true,"href":"https:\/\/prawdajestciekawa.pl\/index.php?rest_route=%2Fwp%2Fv2%2Ftags&post=7397"}],"curies":[{"name":"wp","href":"https:\/\/api.w.org\/{rel}","templated":true}]}}