{"id":7386,"date":"2026-08-26T15:46:11","date_gmt":"2026-08-26T13:46:11","guid":{"rendered":"https:\/\/prawdajestciekawa.pl\/?p=7386"},"modified":"2026-08-26T15:46:11","modified_gmt":"2026-08-26T13:46:11","slug":"polityka-bez-fobii","status":"publish","type":"post","link":"https:\/\/prawdajestciekawa.pl\/?p=7386","title":{"rendered":"Polityka bez fobii"},"content":{"rendered":"\n<p class=\"has-large-font-size wp-block-paragraph\">Kiedy w jednym ze swych wywiad\u00f3w Mateusz Morawiecki u\u017cy\u0142 okre\u015blenia \u201epyrrusowe zwyci\u0119stwo\u201d w odniesieniu do wybor\u00f3w z 2023 roku wygranych przez PiS (35,4%), lecz nieprzek\u0142adaj\u0105cych si\u0119 na utrzymanie w\u0142adzy, to jednocze\u015bnie tym lakonicznym zwrotem podsumowa\u0142 wewn\u0105trzpartyjny sp\u00f3r przesi\u0105kni\u0119ty gorycz\u0105 pora\u017cki. Sp\u00f3r, nad kt\u00f3rym nie zdo\u0142a\u0142 zapanowa\u0107 nawet prezes partii Jaros\u0142aw Kaczy\u0144ski, sp\u00f3r kt\u00f3rego najpowa\u017cniejszym skutkiem by\u0142o wyj\u015bcie z partii Stowarzyszenia Rozw\u00f3j Plus, kierowanego przez by\u0142ego premiera.<\/p>\n\n\n\n<p class=\"wp-block-paragraph\">Oficjalnym powodem tego \u201eroz\u0142amu\u201d mia\u0142o by\u0107 w\u0142a\u015bnie owo Stowarzyszenie, do kt\u00f3rego przyst\u0105pi\u0142o 40 pos\u0142\u00f3w i senator\u00f3w partii, a wiadomo, \u017ce wielu innych dzia\u0142aczy PiS mniej lub bardziej dyskretnie wspiera t\u0119 inicjatyw\u0119. Mimo przyj\u0119tego (niech\u0119tnie przez kierownictwo partyjne) w kwietniu konsensusu na funkcjonowanie Stowarzyszenia w ramach koncepcji tzw. dw\u00f3ch p\u0142uc czy dw\u00f3ch skrzyde\u0142, w drugiej po\u0142owie lipca br. nieoczekiwanie nakazano rozwi\u0105zanie Stowarzyszenia i podpisanie przez wszystkich cz\u0142onk\u00f3w partii tzw. lojalek. Rzecz jasna Mateusz Morawiecki na takie ultimatum zgodzi\u0107 si\u0119 nie m\u00f3g\u0142 i wraz ze swoimi sympatykami postanowi\u0142 utworzy\u0107 klub poselski, a w perspektywie najbli\u017cszych miesi\u0119cy jego metamorfoz\u0119 w polityczny byt, czyli parti\u0119.<\/p>\n\n\n\n<p class=\"wp-block-paragraph\">O przyczynach tego rozbratu wiele m\u00f3wi si\u0119 w mediach koncentruj\u0105c si\u0119 na personalnym tle konfliktu, ale te\u017c wskazuj\u0105c g\u0142\u0119bsze, polityczne r\u00f3\u017cnice w ocenie 8-letnich rz\u0105d\u00f3w Zjednoczonej Prawicy i obecnej strategii wobec KO kierowanej przez Tuska. Aby nie powtarza\u0107 wszystkich argument\u00f3w, jakie padaj\u0105 w wywiadach i debatach z udzia\u0142em polityk\u00f3w i dziennikarzy, wyj\u0105tkowo pozwol\u0119 sobie na wyra\u017cenie mego osobistego zdania w spos\u00f3b mo\u017cliwie obiektywny, bior\u0105c pod uwag\u0119 moj\u0105 sympati\u0119 do \u015brodowiska Solidarno\u015bci Walcz\u0105cej i \u015bp. Kornela Morawieckiego, jak i te\u017c dum\u0119 z osi\u0105gni\u0119\u0107 rz\u0105du, kt\u00f3rego premierem przez 6 lat by\u0142 Mateusz Morawiecki.<\/p>\n\n\n\n<p class=\"wp-block-paragraph\">Przede wszystkim zaskoczy\u0142o mnie w ostatnim czasie pot\u0119guj\u0105ce si\u0119 zjawisko w kierownictwie PiS, kt\u00f3re nazwa\u0142em troch\u0119 przekornie \u201eKonfafobi\u0105\u201d. Faktem jest, i\u017c pewna cz\u0119\u015b\u0107 elektoratu wyborczego PiS zacz\u0119\u0142a w sonda\u017cach preferowa\u0107 obie Konfederacje. To wzbudzi\u0142o lekk\u0105 panik\u0119 w partii i wymusi\u0142o zaostrzenie retoryki prawicowej. I by\u0107 mo\u017ce to konkurowanie z Bosakiem, Mentzenem i Braunem, jak i wyb\u00f3r na kandydata na premiera Przemys\u0142awa Czarnka (kt\u00f3rego osobi\u015bcie ceni\u0119) w ramach taktyki propagandowej nie by\u0142oby pozbawione pewnej racjonalno\u015bci, gdyby nie usankcjonowanie przez niekt\u00f3rych dzia\u0142aczy partyjnych zarzut\u00f3w, jakie Konfederacja w\u0142a\u015bciwie od zawsze adresowa\u0142a wobec rz\u0105du PiS, bior\u0105c na cel g\u0142\u00f3wnie premiera Morawieckiego.<\/p>\n\n\n\n<p class=\"wp-block-paragraph\">Sekundowa\u0142a w tym dzia\u0142aniu przede wszystkim frakcja b. Solidarnej Polski zwana te\u017c \u201eziobrystami\u201d, ale te\u017c niekt\u00f3rzy prominentni dzia\u0142acze PiS, jak na przyk\u0142ad Jacek Kurski, pod kierownictwem kt\u00f3rego TVP ledwo dostrzega\u0142a zas\u0142ugi premiera, a w\u0142a\u015bciwie stosowa\u0142a zapis cenzorski wobec niego.<\/p>\n\n\n\n<p class=\"wp-block-paragraph\">Mateusz Morawiecki by\u0142 w PiS ewenementem. Jego szybka kariera i zaufanie, jakim obdarzy\u0142 go Jaros\u0142aw Kaczy\u0144ski, budzi\u0142a u niekt\u00f3rych starych wyjadaczy partyjnych zazdro\u015b\u0107 lub wr\u0119cz zawi\u015b\u0107, st\u0105d te\u017c ch\u0119tnie w \u015blad za propagandystami Konfederacji obarczano premiera Morawieckiego r\u00f3\u017cnymi cz\u0119sto urojonymi winami. Dziwi mnie brak w\u0142a\u015bciwej oceny dzia\u0142alno\u015bci Konfederacji, kt\u00f3ra jest g\u0142\u00f3wnie parti\u0105 protestu i sprawnie wytyka b\u0142\u0119dy innymi, natomiast daje proste, ale nie maj\u0105ce nic wsp\u00f3lnego z polityczn\u0105 pragmatyk\u0105 rozwi\u0105zania. Ta przedwyborcza taktyka daje sonda\u017cowe efekty, lecz specyfika samych wybor\u00f3w narzuca decyzje bardziej przemy\u015blane, promuj\u0105ce programy realistyczne i odpowiedzialne.<\/p>\n\n\n\n<p class=\"wp-block-paragraph\">Rok 2023 pokaza\u0142, \u017ce mimo dobrych wynik\u00f3w przedwyborczych si\u0119gaj\u0105cych nawet 20%, ostatecznie zjednoczona w\u00f3wczas Konfederacja uzyska\u0142a poni\u017cej 8%. St\u0105d niezrozumia\u0142a jest dla mnie fobia, rozumiana jako przestrach (zgodnie z greckim t\u0142umaczeniem), jak\u0105 manifestuje cz\u0119\u015b\u0107 PiS wobec swojej prawicowej rywalki. Sam pomys\u0142 odwojowania wyborc\u00f3w deklaruj\u0105cych bardziej radykalne postawy nie jest z\u0142y, ale \u2013 jak pokazuj\u0105 ostatnie sonda\u017ce \u2013 niewystarczaj\u0105cy. Dlatego tak wa\u017cna jest propozycja Mateusza Morawieckiego oparta na konkretnej wizji Polski rozwijaj\u0105cej si\u0119, obecnej we wszystkich wa\u017cnych politycznych i gospodarczych schematach, r\u00f3wnie\u017c w Unii Europejskiej, jednocze\u015bnie nieulegaj\u0105cej wasalizacji, ale te\u017c uwzgl\u0119dniaj\u0105cej skomplikowan\u0105 materi\u0119 politycznego realizmu. Polski \u015bmia\u0142ych koncepcji i decyzji, ale i m\u0105drej, gotowej na pewne kompromisy, kt\u00f3re w d\u0142u\u017cszej perspektywie maj\u0105 przynie\u015b\u0107 korzy\u015bci. I wreszcie Polski bezpiecznej i suwerennej, a takiej bez silnej gospodarki nie spos\u00f3b b\u0119dzie urzeczywistni\u0107.<\/p>\n\n\n\n<p class=\"wp-block-paragraph\">Tak wi\u0119c Stowarzyszenie Rozw\u00f3j Plus i jego program jest skierowany do licznego elektoratu centrowego, ale r\u00f3wnie\u017c do wyborc\u00f3w rozczarowanych obecn\u0105 w\u0142adz\u0105, jak i do tych, kt\u00f3rym sama krytyka przesta\u0142a wystarcza\u0107 i zaczynaj\u0105 zerka\u0107 w stron\u0119 pozytywnych propozycji. I, cho\u0107 jest to wyj\u0105tkowo trudne, mo\u017cna si\u0119ga\u0107 te\u017c do tego ogromnego przecie\u017c, biernego elektoratu licz\u0105cego oko\u0142o 30%, kt\u00f3ry w wyborach po prostu nie uczestniczy. By\u0107 mo\u017ce narracja Stowarzyszenia Morawieckiego b\u0119dzie na tyle dynamiczna i atrakcyjna, by r\u00f3wnie\u017c i w tym \u015brodowisku znale\u017a\u0107 zwolennik\u00f3w.<\/p>\n\n\n\n<p class=\"wp-block-paragraph\">Warto zwr\u00f3ci\u0107 uwag\u0119 na inny aspekt tej ca\u0142ej sytuacji, kt\u00f3ra nie da si\u0119 ukry\u0107, wstrz\u0105sn\u0119\u0142a sympatykami PiS (do kt\u00f3rych ja te\u017c si\u0119 zaliczam). Partia w swej grubo ponad dwudziestoletniej historii prze\u017cywa\u0142a r\u00f3\u017cne kryzysy i dzi\u0119ki Jaros\u0142awowi Kaczy\u0144skiemu, jak i jego najbli\u017cszym wsp\u00f3\u0142pracownikom, potrafi\u0142a przetrwa\u0107 i zachowa\u0107 sw\u0105 odr\u0119bno\u015b\u0107 na polskiej scenie politycznej. My\u015bl\u0119, \u017ce jej szczytowym osi\u0105gni\u0119ciem by\u0142o \u2013 g\u0142\u00f3wnie dzi\u0119ki proroczemu prze\u015bwiadczeniu prezesa o konieczno\u015bci modernizacji partii i jej programu \u2013 przyci\u0105gni\u0119cie spoza partii kogo\u015b, kto m\u00f3g\u0142by sprosta\u0107 tym wymaganiom, granicz\u0105cych niemal z marzeniami. I tym cz\u0142owiekiem by\u0142 Mateusz Morawiecki, kt\u00f3ry \u0142\u0105czy w sobie technokratyczn\u0105 wiedz\u0119 i skuteczno\u015b\u0107 z ideowo\u015bci\u0105 wyniesion\u0105 z domu rodzinnego Jadwigi i Kornela Morawieckich.<\/p>\n\n\n\n<p class=\"wp-block-paragraph\">W ponurych latach 80. PRL podziemna organizacja stworzona przez jego ojca \u2013 Solidarno\u015b\u0107 Walcz\u0105ca \u2013 nakre\u015bli\u0142a wydawa\u0142oby si\u0119 nierealny horyzont suwerennej, niepodleg\u0142ej Polski, a kt\u00f3ry \u2013 pami\u0119tajmy \u2013 w mniej ni\u017c dekad\u0119 zosta\u0142 osi\u0105gni\u0119ty. Rz\u0105d Morawieckiego z\u0142o\u017cony m.in. z wielu m\u0142odych, ambitnych, ale kompetentnych ludzi, osi\u0105gn\u0105\u0142 og\u00f3lnie rzecz bior\u0105c sukces, cho\u0107 oczywi\u015bcie nie we wszystkich dziedzinach. By\u0107 mo\u017ce zabrak\u0142o tej jeszcze jednej kadencji, by zbudowa\u0107 i utrwali\u0107 na wiele lat \u2013 odporn\u0105 na korupcj\u0119, protekcjonizm, defraudacj\u0119 pa\u0144stwowego mienia i przeregulowanie \u2013 biurokracj\u0119. Wznie\u015b\u0107 naw\u0119 pa\u0144stwow\u0105 \u015bmia\u0142o zmagaj\u0105c\u0105 si\u0119 z fal\u0105 wyzwa\u0144 wsp\u00f3\u0142czesnego \u015bwiata, a nie dryfuj\u0105c\u0105 ku niebezpiecznym i niego\u015bcinnym brzegom.<\/p>\n\n\n\n<p class=\"wp-block-paragraph\">Cezur\u0105 przysz\u0142ych wydarze\u0144 na szeroko rozumianej prawicy b\u0119d\u0105 przysz\u0142oroczne wybory. Scenariusze o konstruowaniu, czy te\u017c braku, koalicji s\u0105 kre\u015blone od dzisiaj, ale czasu do jakiej\u015b sformalizowanej ugody jest sporo. Natomiast ju\u017c teraz nale\u017cy w nieoficjalnie rozpocz\u0119tej kampanii przedwyborczej wypunktowywa\u0107 ten nieskuteczny, czasem b\u0142aze\u0144ski i absurdalny, cz\u0119sto antypolski, jednym s\u0142owem fatalny rz\u0105d Koalicji Obywatelskiej oraz przedstawia\u0107 programy dotycz\u0105ce konkretnych dylemat\u00f3w i rozwi\u0105za\u0144, jak kierunki inwestycyjne pa\u0144stwa, polityka klimatyczna, problem demografii, sztuczna inteligencja itp. itd.<\/p>\n\n\n\n<p class=\"wp-block-paragraph\">Miejmy nadziej\u0119, i\u017c prawa strona sceny politycznej od\u0142o\u017cy na bok wzajemne \u017cale i ekscentryczne zachowania, by nawet kosztem swoich partykularnych interes\u00f3w zmobilizowa\u0107 si\u0119 przeciw obecnej destrukcyjnej w\u0142adzy. \u017bycz\u0119, aby tak do\u015bwiadczony polityk, jakim jest Jaros\u0142aw Kaczy\u0144ski, zawierzy\u0142 zn\u00f3w swojemu politycznemu instynktowi i nie pozwoli\u0142 na tworzenie wok\u00f3\u0142 siebie i partii twardego kokonu fa\u0142szywej ekspiacji, wzajemnych oskar\u017ce\u0144, przeinacze\u0144 i koteryjnej adoracji.<\/p>\n\n\n\n<p class=\"wp-block-paragraph\">Mateusz Morawiecki to jednocze\u015bnie wizjoner i pragmatyk, ekonomista respektuj\u0105cy wielko\u015bci wyra\u017cone w liczbach i trendy, jakie w danej chwili panuj\u0105 nad \u015bwiatem. Ale r\u00f3wnie\u017c historyk maj\u0105cy g\u0142\u0119bok\u0105, to\u017csamo\u015bciow\u0105 perspektyw\u0119, polityk z mi\u0119dzynarodowymi koneksjami, a przede wszystkim, jak jego ojciec, polski patriota, dla kt\u00f3rego symetria w tym por\u00f3wnanie nie istnieje.<\/p>\n\n\n\n<p class=\"wp-block-paragraph\"><strong>Mo\u017cna rzec za prezydentem Karolem Nawrockim \u2013 po pierwsze Polska, po pierwsze Polacy. Z mojej strony deklaruj\u0119 poparcie dla Mateusza Morawieckiego i jego Stowarzyszenia \u2013 z wiar\u0105 w przytoczone prezydenckie motto.<\/strong><\/p>\n","protected":false},"excerpt":{"rendered":"<p>Kiedy w jednym ze swych wywiad\u00f3w Mateusz Morawiecki u\u017cy\u0142 okre\u015blenia \u201epyrrusowe zwyci\u0119stwo\u201d w odniesieniu do wybor\u00f3w z 2023 roku wygranych przez PiS (35,4%), lecz nieprzek\u0142adaj\u0105cych si\u0119 na utrzymanie w\u0142adzy, to jednocze\u015bnie tym lakonicznym zwrotem podsumowa\u0142 wewn\u0105trzpartyjny sp\u00f3r przesi\u0105kni\u0119ty gorycz\u0105 pora\u017cki. Sp\u00f3r, nad kt\u00f3rym nie zdo\u0142a\u0142 zapanowa\u0107 nawet prezes partii Jaros\u0142aw Kaczy\u0144ski, sp\u00f3r kt\u00f3rego najpowa\u017cniejszym skutkiem&hellip; <a class=\"more-link\" href=\"https:\/\/prawdajestciekawa.pl\/?p=7386\">Czytaj dalej <span class=\"screen-reader-text\">Polityka bez fobii<\/span><\/a><\/p>\n","protected":false},"author":46,"featured_media":7387,"comment_status":"open","ping_status":"open","sticky":false,"template":"","format":"standard","meta":{"footnotes":""},"categories":[420],"tags":[],"class_list":["post-7386","post","type-post","status-publish","format-standard","has-post-thumbnail","hentry","category-nr-93","entry"],"_links":{"self":[{"href":"https:\/\/prawdajestciekawa.pl\/index.php?rest_route=\/wp\/v2\/posts\/7386","targetHints":{"allow":["GET"]}}],"collection":[{"href":"https:\/\/prawdajestciekawa.pl\/index.php?rest_route=\/wp\/v2\/posts"}],"about":[{"href":"https:\/\/prawdajestciekawa.pl\/index.php?rest_route=\/wp\/v2\/types\/post"}],"author":[{"embeddable":true,"href":"https:\/\/prawdajestciekawa.pl\/index.php?rest_route=\/wp\/v2\/users\/46"}],"replies":[{"embeddable":true,"href":"https:\/\/prawdajestciekawa.pl\/index.php?rest_route=%2Fwp%2Fv2%2Fcomments&post=7386"}],"version-history":[{"count":1,"href":"https:\/\/prawdajestciekawa.pl\/index.php?rest_route=\/wp\/v2\/posts\/7386\/revisions"}],"predecessor-version":[{"id":7388,"href":"https:\/\/prawdajestciekawa.pl\/index.php?rest_route=\/wp\/v2\/posts\/7386\/revisions\/7388"}],"wp:featuredmedia":[{"embeddable":true,"href":"https:\/\/prawdajestciekawa.pl\/index.php?rest_route=\/wp\/v2\/media\/7387"}],"wp:attachment":[{"href":"https:\/\/prawdajestciekawa.pl\/index.php?rest_route=%2Fwp%2Fv2%2Fmedia&parent=7386"}],"wp:term":[{"taxonomy":"category","embeddable":true,"href":"https:\/\/prawdajestciekawa.pl\/index.php?rest_route=%2Fwp%2Fv2%2Fcategories&post=7386"},{"taxonomy":"post_tag","embeddable":true,"href":"https:\/\/prawdajestciekawa.pl\/index.php?rest_route=%2Fwp%2Fv2%2Ftags&post=7386"}],"curies":[{"name":"wp","href":"https:\/\/api.w.org\/{rel}","templated":true}]}}