{"id":7383,"date":"2026-08-26T15:44:53","date_gmt":"2026-08-26T13:44:53","guid":{"rendered":"https:\/\/prawdajestciekawa.pl\/?p=7383"},"modified":"2026-08-26T15:44:53","modified_gmt":"2026-08-26T13:44:53","slug":"czy-naczelnik-przestal-byc-naczelnikiem","status":"publish","type":"post","link":"https:\/\/prawdajestciekawa.pl\/?p=7383","title":{"rendered":"Czy Naczelnik przesta\u0142 by\u0107 Naczelnikiem?"},"content":{"rendered":"\n<p class=\"has-large-font-size wp-block-paragraph\">By\u0142 Naczelnikiem. Mia\u0142 ku temu wszelkie podstawy \u2013 zmys\u0142 polityczny, wytrwa\u0142o\u015b\u0107, sumienno\u015b\u0107, lata pracy nad tworzeniem swego wizerunku, ideowo\u015b\u0107. I to, co by\u0142o najwa\u017cniejsze \u2013 chodzi\u0142o mu o Polsk\u0119. Jej, czyli nasz\u0105 przysz\u0142o\u015b\u0107.<\/p>\n\n\n\n<p class=\"wp-block-paragraph\">Jego dzia\u0142alno\u015b\u0107 polityczna w latach osiemdziesi\u0105tych, kiedy z bratem tworzyli zgrabny <em>team<\/em>, przypomina\u0142a s\u0142owa J\u00f3zefa Pi\u0142sudskiego, kt\u00f3ry m\u00f3wi\u0142: \u201echcemy Polski niepodleg\u0142ej, aby\u015bmy tam mogli urz\u0105dzi\u0107 \u017cycie lepsze i sprawiedliwsze dla wszystkich\u201d. I tak jak sto lat temu s\u0142owa te trafia\u0142y do serc Polak\u00f3w, tak dzia\u0142alno\u015b\u0107 obu braci by\u0142a postrzegana jako przyk\u0142ad SOLIDARNO\u015aCI wobec ka\u017cdego cz\u0142owieka, kt\u00f3ry jest odrzucony przez system z\u0142a. Albo odrzucony przez dzia\u0142ania z\u0142ego cz\u0142owieka, kt\u00f3ry wykorzystuje swoje nadrz\u0119dne stanowisko, aby upodli\u0107 drugiego cz\u0142owieka.<\/p>\n\n\n\n<p class=\"wp-block-paragraph\">Starania o lepsz\u0105 Polsk\u0119 sprawi\u0142y, \u017ce bracia szybko stali si\u0119 celem atak\u00f3w tych wszystkich, kt\u00f3rym nie zale\u017ca\u0142o na Polsce lepszej dla wszystkich Polak\u00f3w, ale wy\u0142\u0105cznie dla wybra\u0144c\u00f3w. Wybra\u0144cy to ci, o kt\u00f3rych pisa\u0142 Daniel Olbrychski do premiera Tuska, kt\u00f3rzy \u201estali po s\u0142usznej stronie.\u201d A ta \u201es\u0142uszna strona\u201d, to strona jedynej s\u0142usznej partii politycznej, jedynie s\u0142usznych pogl\u0105d\u00f3w, jedynie s\u0142usznych polityk\u00f3w i kierunk\u00f3w dzia\u0142a\u0144. A ci, kt\u00f3rzy maj\u0105 odmienne zdanie, to faszy\u015bci, mohery, oszo\u0142omy, ciemnota.<\/p>\n\n\n\n<p class=\"wp-block-paragraph\">Najlepiej pozbawi\u0107 ich prawa g\u0142osu wyborczego. A na co dzie\u0144 o\u015bmieszy\u0107, upodli\u0107, zmarginalizowa\u0107, zamilcze\u0107. Sprawi\u0107, aby zaszyli si\u0119 w k\u0105t i nie \u201eprzeszkadzali w budowaniu \u015bwietlanej przysz\u0142o\u015bci\u201d \u2013 jak ironizowa\u0142 Marian Miszalski w znakomitej satyrycznej powie\u015bci \u201eStacja Chatelet, czyli niezwyk\u0142e przygody Polaka w Pary\u017cu\u201d.<\/p>\n\n\n\n<p class=\"wp-block-paragraph\">Rozwarstwienie w\u015br\u00f3d Polak\u00f3w pod wzgl\u0119dem pogl\u0105d\u00f3w politycznych nie by\u0142o i nie jest niczym nowym. Tak by\u0142o w kr\u00f3lewskiej Polsce, w Rzeczypospolitej, pod zaborami i po odzyskaniu niepodleg\u0142o\u015bci w 1918 roku. Jeszcze raz przypomn\u0119 s\u0142owa Pi\u0142sudskiego: \u201eKonkurencja partyjna posz\u0142a od pierwszej chwili istnienia pa\u0144stwa tak dziwnie i tak ostro, a zarazem z tak wielk\u0105 ilo\u015bci\u0105 k\u0142amstwa i \u0142ajdactwa, \u017ce od razu zacz\u0119\u0142o si\u0119 wytwarza\u0107 to, co nazwa\u0142em: <em>cloaca maxima<\/em>. Ka\u017cde nadu\u017cycie, ka\u017cde \u0142ajdactwo by\u0142o dobrym wtedy, gdy robi\u0142 je cz\u0142onek partii w\u0142asnej, z\u0142ym za\u015b tylko wtedy, gdy robi\u0142 je cz\u0142onek innej partii.\u201d<\/p>\n\n\n\n<p class=\"wp-block-paragraph\">I w tym miejscu dochodzimy do sytuacji, w kt\u00f3rej na pierwszy plan wysuwa si\u0119 nadrz\u0119dno\u015b\u0107 partii nad og\u00f3\u0142em spo\u0142ecze\u0144stwa i pa\u0144stwa. W czasach Pi\u0142sudskiego m\u00f3wiono o \u201eupartyjnieniu Polski\u201d. Za tym okre\u015bleniem sz\u0142o przekle\u0144stwo podzia\u0142u politycznego Polak\u00f3w do tego stopnia: \u201e\u017ce\u015bmy si\u0119 podzielili na kilka rodzaj\u00f3w Polak\u00f3w, \u017ce m\u00f3wimy jednym polskim j\u0119zykiem, a inaczej nawet s\u0142owa polskie rozumiemy, \u017ce\u015bmy wychowali w\u015br\u00f3d siebie Polak\u00f3w r\u00f3\u017cnych gatunk\u00f3w, Polak\u00f3w z trudno\u015bci\u0105 si\u0119 porozumiewaj\u0105cych, Polak\u00f3w tak przyzwyczajonych do \u017cycia wed\u0142ug obcych szablon\u00f3w, wed\u0142ug obcych narzuconych sposob\u00f3w \u017cycia i metod post\u0119powania, \u017ce\u015bmy prawie za swoje je uznali, \u017ce wyrzec si\u0119 ich z trudno\u015bci\u0105 mo\u017cemy.\u201d<\/p>\n\n\n\n<p class=\"wp-block-paragraph\">Nie mo\u017cna odm\u00f3wi\u0107 Naczelnikowi trafno\u015bci nominacji. Jego bezspornymi sukcesami politycznymi by\u0142o pozyskanie na urz\u0105d Prezydenta RP naprz\u00f3d prof. Andrzeja Dudy a rok temu dr Karola Nawrockiego. Jednak najwi\u0119ksz\u0105 jego wygran\u0105 wydaje si\u0119 nominacja Mateusza Morawieckiego na urz\u0105d najpierw ministra, a potem premiera.<\/p>\n\n\n\n<p class=\"wp-block-paragraph\">Dlaczego? Bo Mateusz Morawiecki by\u0142 w\u00f3wczas prezesem banku, kt\u00f3ry dzi\u0119ki jego dzia\u0142alno\u015bci wyr\u00f3s\u0142 na jeden z najwi\u0119kszych w Polsce. W perspektywie mia\u0142 obj\u0119cie funkcji szefa \u201eSantandera\u201d na ca\u0142\u0105 Europ\u0119. Za tym sz\u0142y, co oczywiste, wielokrotnie wy\u017csze ni\u017c w polskich realiach, gratyfikacje. To wszystko Mateusz Morawiecki zostawi\u0142, aby poprzez uczestnictwo w polityce budowa\u0107 dobrobyt Polski i Polak\u00f3w.<\/p>\n\n\n\n<p class=\"wp-block-paragraph\">Za sob\u0105 mia\u0142 do\u015bwiadczenie zarz\u0105dzania bankiem, kontakty w mi\u0119dzynarodowych kr\u0119gach finansowych oraz w\u015br\u00f3d cenionych w \u015bwiecie manager\u00f3w i ekonomist\u00f3w, o kt\u00f3rych inni polscy politycy mogli tylko pomarzy\u0107. I, co istotne, mia\u0142 zapa\u0142 do budowania Polski poprzez praktyczne dzia\u0142ania. Jak Pi\u0142sudski, kt\u00f3ry uwa\u017ca\u0142, \u017ce \u201ejedynie czyn ma znaczenie. Najlepsze ch\u0119ci pozostaj\u0105 bez skutku, o ile nie poci\u0105gaj\u0105 za sob\u0105 nast\u0119pstw praktycznych.\u201d<\/p>\n\n\n\n<p class=\"wp-block-paragraph\">W odr\u00f3\u017cnieniu do wielu innych polskich polityk\u00f3w, Morawiecki mia\u0142 za sob\u0105 dzia\u0142alno\u015b\u0107 w podziemiu w ostatnich latach PRL. Wychowany w rodzinie o warto\u015bciach patriotycznych, w kt\u00f3rej patriotyzm by\u0142 powinno\u015bci\u0105 i zobowi\u0105zaniem do czynu, a nie pustym s\u0142owem i czcz\u0105 gadanin\u0105 \u2013 uzna\u0142 propozycje Naczelnika za kolejne zadanie do wykonania dla Polski.<\/p>\n\n\n\n<p class=\"wp-block-paragraph\">Nie zamierzam ocenia\u0107 rz\u0105d\u00f3w Morawieckiego. W tamtych trudnych realiach \u2013migracyjnej wojny hybrydowej, pandemii <em>covid<\/em> i ataku Rosji na Ukrain\u0119 \u2013 Polska wysz\u0142a z tego obronn\u0105 r\u0119k\u0105, bez takich wstrz\u0105s\u00f3w, jakie dozna\u0142y inne, nawet bogatsze pa\u0144stwa. A wszelkie niedoci\u0105gni\u0119cia czy b\u0142\u0119dy Morawiecki \u2013 jak przysta\u0142o na m\u0119\u017ca stanu \u2013 wzi\u0105\u0142 na klat\u0119.<\/p>\n\n\n\n<p class=\"wp-block-paragraph\">Co wobec tego posz\u0142o nie tak? Mo\u017ce zwyci\u0119stwo partyjniactwa nad zadaniem budowania Polski? Otoczenie Naczelnika, kt\u00f3re w przesz\u0142o\u015bci niewiele mia\u0142o wsp\u00f3lnego z sukcesami rz\u0105d\u00f3w Zjednoczonej Prawicy, uzna\u0142o, \u017ce Morawiecki stanowi zagro\u017cenie dla ich pozycji w partii. Bo nie chce budowania nowych okop\u00f3w. D\u0105\u017cy do zasypywania starych, przyci\u0105gaj\u0105c tych wszystkich, kt\u00f3rzy, podobnie jak on, widz\u0105 konieczno\u015b\u0107 zespolenia si\u0142 do budowy mocnej pozycji Polski. Nie jest to na r\u0119k\u0119 ani nowym \u201eprzyjacio\u0142om\u201d Naczelnika, ani nie jest na r\u0119k\u0119 rz\u0105dom lewactwa i cz\u0119\u015bci libera\u0142\u00f3w, maj\u0105cych silne oparcie w Berlinie i w Brukseli. Morawiecki proponuj\u0105c PiS r\u00f3\u017cnorodno\u015b\u0107 odcieni, korzysta z do\u015bwiadcze\u0144 swego Ojca, Kornela Morawieckiego, kt\u00f3ry w Solidarno\u015bci Walcz\u0105cej ch\u0119tnie widzia\u0142 ka\u017cdego i ka\u017cde idee, byleby d\u0105\u017cy\u0142y do upadku systemu komunistycznego.<\/p>\n\n\n\n<p class=\"wp-block-paragraph\">Zjednoczona Prawica mo\u017ce uczyni\u0107 to samo. Ale czy nie jest za p\u00f3\u017ano, czy ju\u017c nie posz\u0142o za daleko, by Naczelnik da\u0142 si\u0119 przekona\u0107? Bo jego akolici robi\u0105 wszystko, aby tak si\u0119 nie sta\u0142o.<\/p>\n\n\n\n<p class=\"wp-block-paragraph\"><strong>Czy Naczelnik przesta\u0142 by\u0107 Naczelnikiem? Momentem zwrotnym by\u0142o odej\u015bcie od dotychczasowej zasady, wedle kt\u00f3rej pos\u0142uguje si\u0119 w\u0142asnym zdaniem, nie ulegaj\u0105c sugestiom upartyjnionego otoczenia. Dotychczas gwarantowa\u0142o to nadrz\u0119dno\u015b\u0107 interesu Polski nad samozadowoleniem partyjnych dzia\u0142aczy. Mo\u017ce jeszcze tak b\u0119dzie.<\/strong><\/p>\n","protected":false},"excerpt":{"rendered":"<p>By\u0142 Naczelnikiem. Mia\u0142 ku temu wszelkie podstawy \u2013 zmys\u0142 polityczny, wytrwa\u0142o\u015b\u0107, sumienno\u015b\u0107, lata pracy nad tworzeniem swego wizerunku, ideowo\u015b\u0107. I to, co by\u0142o najwa\u017cniejsze \u2013 chodzi\u0142o mu o Polsk\u0119. Jej, czyli nasz\u0105 przysz\u0142o\u015b\u0107. Jego dzia\u0142alno\u015b\u0107 polityczna w latach osiemdziesi\u0105tych, kiedy z bratem tworzyli zgrabny team, przypomina\u0142a s\u0142owa J\u00f3zefa Pi\u0142sudskiego, kt\u00f3ry m\u00f3wi\u0142: \u201echcemy Polski niepodleg\u0142ej, aby\u015bmy&hellip; <a class=\"more-link\" href=\"https:\/\/prawdajestciekawa.pl\/?p=7383\">Czytaj dalej <span class=\"screen-reader-text\">Czy Naczelnik przesta\u0142 by\u0107 Naczelnikiem?<\/span><\/a><\/p>\n","protected":false},"author":13,"featured_media":7384,"comment_status":"open","ping_status":"open","sticky":false,"template":"","format":"standard","meta":{"footnotes":""},"categories":[420],"tags":[],"class_list":["post-7383","post","type-post","status-publish","format-standard","has-post-thumbnail","hentry","category-nr-93","entry"],"_links":{"self":[{"href":"https:\/\/prawdajestciekawa.pl\/index.php?rest_route=\/wp\/v2\/posts\/7383","targetHints":{"allow":["GET"]}}],"collection":[{"href":"https:\/\/prawdajestciekawa.pl\/index.php?rest_route=\/wp\/v2\/posts"}],"about":[{"href":"https:\/\/prawdajestciekawa.pl\/index.php?rest_route=\/wp\/v2\/types\/post"}],"author":[{"embeddable":true,"href":"https:\/\/prawdajestciekawa.pl\/index.php?rest_route=\/wp\/v2\/users\/13"}],"replies":[{"embeddable":true,"href":"https:\/\/prawdajestciekawa.pl\/index.php?rest_route=%2Fwp%2Fv2%2Fcomments&post=7383"}],"version-history":[{"count":1,"href":"https:\/\/prawdajestciekawa.pl\/index.php?rest_route=\/wp\/v2\/posts\/7383\/revisions"}],"predecessor-version":[{"id":7385,"href":"https:\/\/prawdajestciekawa.pl\/index.php?rest_route=\/wp\/v2\/posts\/7383\/revisions\/7385"}],"wp:featuredmedia":[{"embeddable":true,"href":"https:\/\/prawdajestciekawa.pl\/index.php?rest_route=\/wp\/v2\/media\/7384"}],"wp:attachment":[{"href":"https:\/\/prawdajestciekawa.pl\/index.php?rest_route=%2Fwp%2Fv2%2Fmedia&parent=7383"}],"wp:term":[{"taxonomy":"category","embeddable":true,"href":"https:\/\/prawdajestciekawa.pl\/index.php?rest_route=%2Fwp%2Fv2%2Fcategories&post=7383"},{"taxonomy":"post_tag","embeddable":true,"href":"https:\/\/prawdajestciekawa.pl\/index.php?rest_route=%2Fwp%2Fv2%2Ftags&post=7383"}],"curies":[{"name":"wp","href":"https:\/\/api.w.org\/{rel}","templated":true}]}}