{"id":7300,"date":"2026-08-06T13:25:36","date_gmt":"2026-08-06T11:25:36","guid":{"rendered":"https:\/\/prawdajestciekawa.pl\/?p=7300"},"modified":"2026-08-06T13:25:36","modified_gmt":"2026-08-06T11:25:36","slug":"polonizacja-gospodarki","status":"publish","type":"post","link":"https:\/\/prawdajestciekawa.pl\/?p=7300","title":{"rendered":"Polonizacja gospodarki?"},"content":{"rendered":"\n<p class=\"has-large-font-size wp-block-paragraph\">Administracja 13 grudnia, kt\u00f3ra reklamuje si\u0119 swoim rozumieniem prawa, ma r\u00f3wnie\u017c swoje rozumienie gospodarki.<\/p>\n\n\n\n<p class=\"wp-block-paragraph\">Je\u017celi premier chwali si\u0119 oddaniem do u\u017cytku \u2013 po dw\u00f3ch latach budowy \u2013 niewielkiego mostu na niewielkiej rzece, to rzeczywi\u015bcie z gospodark\u0105 nie jest najlepiej. Trudno te\u017c t\u0142umaczy\u0107, \u017ce ju\u017c trzeci rok z rz\u0119du dochody podatkowe s\u0105 ni\u017csze od planowanych. Mimo wzrostu PKB, brakuje dochod\u00f3w bud\u017cetowych. Zad\u0142u\u017cenie ro\u015bnie w tempie ponad 1,7 mld z\u0142 dziennie, a zad\u0142u\u017cenie pa\u0144stwa przekroczy\u0142o ju\u017c 2 bln z\u0142. Perspektywa na koniec 2027 roku te\u017c nie najlepsza, bo d\u0142ug publiczny przekroczy 70% w relacji do PKB.<\/p>\n\n\n\n<p class=\"wp-block-paragraph\">W ten spos\u00f3b nasz kraj znalaz\u0142 si\u0119 w unijnej procedurze nadmiernego deficytu. Komisja Europejska mo\u017ce realizowa\u0107 ostre mechanizmy interwencyjne. Nie mniej brukselokraci nie uwzgl\u0119dniaj\u0105 najwi\u0119kszego hamulca gospodarki, jakim jest unijny handel emisjami. KE nie rezygnuje z ambitnych cel\u00f3w redukcji CO2 kosztem konkurencyjno\u015bci gospodarki, forsuj\u0105c inwestycje dekarbonizacyjne w przemy\u015ble.<\/p>\n\n\n\n<p class=\"wp-block-paragraph\">Jak na razie tylko 48% ankietowanych opowiada si\u0119 przeciwko administracji 13 grudnia. Mo\u017ce ona wi\u0119c liczy\u0107 na spor\u0105 wyrozumia\u0142o\u015b\u0107. Wystarczy przypomnie\u0107, \u017ce po katastrofie smole\u0144skiej partia Tuska wygra\u0142a wybory w 2011 roku. Teraz premier przekonuje, \u017ce \u201ewszystko idzie z planem\u201d, co w praktyce oznacza katastrof\u0119 pa\u0144stwa. Zreszt\u0105 go\u0142ym okiem wida\u0107, \u017ce finanse publiczne s\u0105 w ruinie, agonia w s\u0142u\u017cbie zdrowia i nieop\u0142acalno\u015b\u0107 produkcji rolnej i przemys\u0142owej. W ostatnich 12 miesi\u0105cach zbankrutowa\u0142o 197 tys. ma\u0142ych firm, a 388 tys. zawiesi\u0142o dzia\u0142alno\u015b\u0107. W tej sytuacji premier \u201eodlatuje\u201d \u2013 zapowiadaj\u0105c budow\u0119 statku kosmicznego.<\/p>\n\n\n\n<p class=\"wp-block-paragraph\">Prezydencki minister Pawe\u0142 Szefernaker sprowadza go na ziemi\u0119. Od dawna wiadomo, \u017ce obecny premier jest gospodarczym dyletantem \u2013 pisze na X. \u2013 Teraz pr\u00f3buje przekona\u0107 Polak\u00f3w, \u017ce na\u0142o\u017cenie nowego podatku na paliwa sprawi, \u017ce ceny na stacjach benzynowych spadn\u0105. Zamiast nak\u0142ada\u0107 kolejne podatki, prosz\u0119 obni\u017cy\u0107 VAT i akcyz\u0119, tak jak to robi\u0142 rz\u0105d Prawa i Sprawiedliwo\u015bci.<\/p>\n\n\n\n<p class=\"wp-block-paragraph\">Charakterystyczne, \u017ce za rz\u0105d\u00f3w PO sp\u00f3\u0142ki skarbu pa\u0144stwa pozostaj\u0105 na minusie (przys\u0142owiowy premier-demolka). Nic dziwnego, \u017ce notujemy wzrost wynagrodze\u0144 najni\u017cszy od 5 lat. Nie pom\u00f3g\u0142 KPO, bo pieni\u0105dze nie posz\u0142y na inwestycje (m.in. nie rozwin\u0105\u0142 si\u0119 przemys\u0142 farmaceutyczny). Skorzysta\u0142a natomiast firma Orange Polska, uzyskuj\u0105c 770 mln z\u0142 na szerokopasmowy internet w ca\u0142ym kraju. Zagraniczny gigant zosta\u0142 beneficjentem kosztem polskich firm.<\/p>\n\n\n\n<p class=\"wp-block-paragraph\">Tymczasem Orlen wsp\u00f3\u0142pracuje z ukrai\u0144skim koncernem Nova Post, kt\u00f3ry uzyska\u0142 dost\u0119p do 15 tys. paczkomat\u00f3w w ca\u0142ej Polsce. Pytanie \u2013 czy Orlen nie powinien wsp\u00f3\u0142pracowa\u0107 z Poczt\u0105 Polsk\u0105? Orlen odpowiada, \u017ce zwi\u0119ksza zyski i zdobywa nowych klient\u00f3w. By\u0107 mo\u017ce \u2013 dzi\u0119ki takiej formie \u201epolonizacji\u201d \u2013 obni\u017cy ceny paliwa? W ka\u017cdym razie nast\u0105pi\u0142y eliminacja b\u0105d\u017a spowolnienie inwestycji. Minister Marchewka zlikwidowa\u0142 komitet ds. inwestycji na \u015br\u00f3dl\u0105dowych drogach wodnych. Jak wiadomo, martwa Odra to interes Berlina. Administracja 13 grudnia hamuje rozw\u00f3j kraju, symuluje realizacj\u0119 terminala kontenerowego w \u015awinouj\u015bciu. Terminal mia\u0142 by\u0107 portem zewn\u0119trznym, punktem prze\u0142adunkowym wojsk NATO. Jest blokowany, bo by\u0142by konkurencj\u0105 dla port\u00f3w niemieckich.<\/p>\n\n\n\n<p class=\"wp-block-paragraph\">Przy ca\u0142ej mizerii bud\u017cetowo-gospodarczej, wydatki na wynagrodzenia to prawie 70% wszystkich nak\u0142ad\u00f3w na s\u0142u\u017cb\u0119 zdrowia. Zad\u0142u\u017cone szpitale sta\u0142y si\u0119 wymarzonym miejscem dorabiania si\u0119 dzia\u0142aczy partyjnych, na przyk\u0142ad w Akademickim Centrum Zdrowia w Miko\u0142owie sygnalista zg\u0142aszaj\u0105cy nieprawid\u0142owo\u015bci ma by\u0107 zwolniony. Przypomina do afer\u0119 w warszawskim Szpitalu Po\u0142udniowym. Nie brakuje te\u017c resortowych kombinator\u00f3w. Minister energii Mi\u0142osz Motyka usuwa obowi\u0105zek informowania na fakturach za pr\u0105d o udziale ETS w cenie energii (system ETS to nawet 15-23% ceny ko\u0144cowej energii). Minister Ireneusz Ra\u015b kolekcjonowa\u0142 mikrokawalerki, zarabiaj\u0105c na ich wynajmie. Teraz przygotowuje ustaw\u0119 o wynajmie kr\u00f3tkoterminowym. Nie widzi konfliktu interes\u00f3w. Bez refleksji pozostaje te\u017c 3161 pracownik\u00f3w TVP w likwidacji (8% wi\u0119cej ni\u017c w ub.r.). Strata netto firmy \u2013 176,3 mln z\u0142 (wp\u0142ywy spad\u0142y o m1,1%). Niemiej \u015brednia pensja przekracza 12 tys. z\u0142. Nie mo\u017cna narzeka\u0107.<\/p>\n\n\n\n<p class=\"wp-block-paragraph\"><strong>Recesja w przemy\u015ble<\/strong><\/p>\n\n\n\n<p class=\"wp-block-paragraph\">M\u00f3wienie o \u201epolonizacji\u201d, czy \u201erepolonizacji\u201d gospodarki, gdy ona w kryzysie, a bud\u017cet w zapa\u015bci, zakrawa na kpin\u0119, ale dla administracji 13 grudnia to normalno\u015b\u0107. Elektorat mo\u017cna bajerowa\u0107, reszt\u0119 zrobi\u0105 media polskoj\u0119zyczne (o ich repolonizacji ju\u017c dawno zapomniano). Swego czasu Donald Tusk \u201esprywatyzowa\u0142\u201d (zniszczy\u0142) stocznie, teraz doprowadzi\u0142 do upad\u0142o\u015bci fabryk\u0119 Polimery Police, najnowocze\u015bniejsz\u0105 w Europie. Administracja 13 grudnia przerwa\u0142a produkcj\u0119, a w ko\u0144cu z\u0142o\u017cy\u0142a wniosek o upad\u0142o\u015b\u0107 (budowa kosztowa\u0142a 7 mld z\u0142). Niezale\u017cnie od tego, diagnozy i prognozy GUS o sytuacji gospodarczej firm przemys\u0142owych w czerwcu by\u0142y bardziej pesymistyczne ni\u017c w maju. G\u00f3rnicy chc\u0105 pilnych rozm\u00f3w z rz\u0105dem, gdy bran\u017cy grozi zapa\u015b\u0107. Jastrz\u0119bska Sp\u00f3\u0142ka W\u0119glowa znalaz\u0142a si\u0119 na skraju bankructwa (gdy ust\u0119powa\u0142 poprzedni rz\u0105d w 2023 rok na koncie firmy by\u0142o 8 mld z\u0142 zysku). W\u0142a\u015bnie najwi\u0119ksze sp\u00f3\u0142ki \u2013 JSW, Orlen, Azoty w IV kw. 2025 roku zanotowa\u0142y \u0142\u0105cznie 14 mld z\u0142 strat. Nominaci administracji 13 grudnia dobijaj\u0105 pa\u0144stwowe sp\u00f3\u0142ki, a premier opowiada o jakiej\u015b \u201epolonizacji\u201d.<\/p>\n\n\n\n<p class=\"wp-block-paragraph\">Tymczasem wysokie ceny energii to dla konsument\u00f3w i klient\u00f3w rosn\u0105ce ceny towar\u00f3w i us\u0142ug, jak r\u00f3wnie\u017c rachunk\u00f3w za energi\u0119. Polska osi\u0105gn\u0105\u0142a najwy\u017csze ceny energii w\u015br\u00f3d pa\u0144stw unijnych (dro\u017cej tylko w Rumunii i Czechach). To konsekwencja systemu ETS, a nasz kraj jest podw\u00f3jnie ograniczany. Z jednej strony energetyka w du\u017cym stopniu oparta na w\u0119glu (koszty dekarbonizacji), a z drugiej dotowane OZE. Za wszystko p\u0142ac\u0105 odbiorcy. P\u0142aci te\u017c przemys\u0142. Rosn\u0105 koszty energii i op\u0142at za emisj\u0119 CO2. To kwestia by\u0107 albo nie by\u0107 unijnego przemys\u0142u, bo system ETS prowadzi do katastrofy gospodarczej. Nie u\u0142atwia bowiem zielonej transformacji (pomijaj\u0105c utopijno\u015b\u0107 tej koncepcji), natomiast os\u0142abia konkurencyjno\u015b\u0107 gospodarki kraj\u00f3w unijnych wobec kraj\u00f3w azjatyckich, gdzie nie ma kr\u0119puj\u0105cych regulacji (Chiny, Indie). Wystarczy wspomnie\u0107, \u017ce w 2017 roku tona emisji CO2 kosztowa\u0142a 5 euro, a obecnie 60-70. Nic dziwnego, \u017ce produkcja stali w unijnych hutach jest najni\u017csza w historii. To paradoks, gdy trzeba produkowa\u0107 stal na uzbrojenie, sieci energetyczne, turbiny wiatrowe czy samochody. W tej sytuacji \u201epolonizacja\u201d polskiego przemys\u0142u polega\u0142aby na odej\u015bciu od systemu ETS, ale w tej chwili trudno to sobie wyobrazi\u0107.<\/p>\n\n\n\n<p class=\"wp-block-paragraph\">Jak na razie administracja 13 grudnia poprzestaje na likwidacji bran\u017cy drzewnej i meblarstwa. Resort klimatu jest konsekwentny \u2013 od 2027 roku blisko 800 tys. ha las\u00f3w b\u0119dzie wy\u0142\u0105czonych z pozyskiwania drewna. Dotychczas polska bran\u017ca drzewna i meblarstwo by\u0142y unijnym liderem. Teraz przemys\u0142 meblarski, tartaczny, p\u0142ytowy i papierniczy traci swoj\u0105 przewag\u0119 rynkow\u0105 i impet rozwojowy. Resort klimatu zapomina, \u017ce drewno jest surowcem ekologicznym. Odmawiaj\u0105c pracy firmom, umo\u017cliwia rugowanie ich przez zagranicznych przedsi\u0119biorc\u00f3w. Taka to forma \u201epolonizacji\u201d wdra\u017cana przez ekologist\u00f3w.<\/p>\n\n\n\n<p class=\"wp-block-paragraph\"><strong>Pu\u0142apka ekologizmu<\/strong><\/p>\n\n\n\n<p class=\"wp-block-paragraph\">Gdy resort klimatu zajmuje si\u0119 dobrostanem nied\u017awiedzi (16 mld z\u0142 na ich humanitarne odstraszanie), mimo \u017ce zagra\u017caj\u0105 ludziom, to nie zapomina te\u017c o wilkach. Podobnie brukselokraci \u2013 przyj\u0119li strategi\u0119 ochrony r\u00f3\u017cnorodno\u015bci biologicznej do 2030 roku. Nie zwa\u017caj\u0105 na to, \u017ce populacja zwierz\u0105t przekracza naturalne pojemno\u015bci \u015brodowiska. Nie zauwa\u017cyli, \u017ce ju\u017c wykszta\u0142ci\u0142a si\u0119 miejska odmiana dzika. Za szkody powodowane przez dzikie zwierz\u0119ta, nikt nie chce p\u0142aci\u0107, a my\u015bliwi obawiaj\u0105 si\u0119 koniecznego odstrza\u0142u ze wzgl\u0119du na histeryczn\u0105 reakcj\u0119 medi\u00f3w.<\/p>\n\n\n\n<p class=\"wp-block-paragraph\">Tymczasem rolnik\u00f3w niepokoi tak\u017ce malej\u0105ca rentowno\u015b\u0107 przetw\u00f3rstwa rolno-spo\u017cywczego. W ostatnich 30 latach znikn\u0119\u0142o z rynku 200 zak\u0142ad\u00f3w mleczarskich, bo coraz trudniej sprosta\u0107 taniej produkcji spoza UE. Rosn\u0105ce ceny energii i paliwa utrudniaj\u0105 dzia\u0142alno\u015b\u0107 firm rolno-spo\u017cywczych. Niemniej warto\u015b\u0107 eksportu polskiego nabia\u0142u przekracza 4 mld euro, a krajowe firmy nale\u017c\u0105 do najnowocze\u015bniejszych na rynku unijnym. Problemem s\u0105 spadaj\u0105ce ceny skupu. Wed\u0142ug GUS w czerwcu br. spad\u0142y one do 1,8 z\u0142 za litr. To pocz\u0105tek ko\u0144ca, tym bardziej \u017ce wielkie sieci handlowe dyktuj\u0105 ceny.<\/p>\n\n\n\n<p class=\"wp-block-paragraph\">Nie inaczej jest z hodowl\u0105 wieprzowiny, w kt\u00f3rej polskie firmy znajdowa\u0142y si\u0119 w unijnej czo\u0142\u00f3wce. Op\u0142acalno\u015b\u0107 produkcji mi\u0119sa wieprzowego spada, co wida\u0107 po ilo\u015bci stad hodowlanych. Kiedy\u015b by\u0142o ich ponad 200 tys., teraz \u2013 42 tys. Ograniczanie produkcji rolnej oznacza przecie\u017c zmniejszenie suwerenno\u015bci \u017cywieniowej pa\u0144stwa.<\/p>\n\n\n\n<p class=\"wp-block-paragraph\"><strong>Przetrwa\u0107<\/strong><\/p>\n\n\n\n<p class=\"wp-block-paragraph\">Gdy wielkie sieci tocz\u0105 wojny promocyjne, to dereguluj\u0105 rynek detaliczny. Ma\u0142e sklepy s\u0105 zagro\u017cone, tak\u017ce z powodu rosn\u0105cych koszt\u00f3w energii i transformacji energetycznej, wdra\u017cania systemu kaucyjnego. Tak, jak za \u201epierwszego Tuska\u201d, tak i teraz mali i \u015bredni handlowcy z niepokojem my\u015bl\u0105 o perspektywach dzia\u0142alno\u015bci. Generalnie w gospodarce ro\u015bnie liczba upad\u0142ych przedsi\u0119biorstw. Pod koniec 2025 roku liczba zawieszonych firm przekroczy\u0142a 850 tys. (15% wszystkich). Bezrobocie przekroczy\u0142o 6,1%. Administracja 13 grudnia nie przeciwdzia\u0142a kryzysowi gospodarczemu, pracownicy nie protestuj\u0105. Pomys\u0142y klimatyczne brukselokrat\u00f3w realizuj\u0105 si\u0119 za cen\u0119 ubytku miejsc pracy, bezpiecze\u0144stwa \u017cywno\u015bciowego i energetycznego. Kryzys atakuje wszystkie bran\u017ce, nawet ceramik\u0119, niszczon\u0105 przez regulacje brukselskie i nieuczciw\u0105 konkurencj\u0119.<\/p>\n\n\n\n<p class=\"wp-block-paragraph\"><strong>Jak na razie rozprawiaj\u0105cy o \u201epolonizacji\u201d gospodarki nie bior\u0105 pod uwag\u0119 tzw. czynnika ludzkiego. Przedsi\u0119biorcy poszukuj\u0105 pracownik\u00f3w, cz\u0119sto z egzotycznych kraj\u00f3w, gdy na terenach by\u0142ego Zwi\u0105zku Sowieckiego pozosta\u0142o tysi\u0105ce obywateli II RP. Repatriacja przebiega jednak z oporami i w \u015blimaczym tempie. Gdyby przyjmowa\u0107 rocznie 900 os\u00f3b z Kazachstanu, to potrzeba 20 lat, by zako\u0144czy\u0107 ten proces. Na lata 2024-2026 przewidziano na repatriacj\u0119 137 mln z\u0142, co pozwoli sprowadzi\u0107 z Kazachstanu ok. 1600 os\u00f3b. Mo\u017cna te\u017c skorzysta\u0107 z 20-milionowej Polonii, gdyby powsta\u0142 program powrotu Polak\u00f3w z zagranicy. Ale przy takich rz\u0105dach?!<\/strong><\/p>\n","protected":false},"excerpt":{"rendered":"<p>Administracja 13 grudnia, kt\u00f3ra reklamuje si\u0119 swoim rozumieniem prawa, ma r\u00f3wnie\u017c swoje rozumienie gospodarki. Je\u017celi premier chwali si\u0119 oddaniem do u\u017cytku \u2013 po dw\u00f3ch latach budowy \u2013 niewielkiego mostu na niewielkiej rzece, to rzeczywi\u015bcie z gospodark\u0105 nie jest najlepiej. Trudno te\u017c t\u0142umaczy\u0107, \u017ce ju\u017c trzeci rok z rz\u0119du dochody podatkowe s\u0105 ni\u017csze od planowanych. Mimo&hellip; <a class=\"more-link\" href=\"https:\/\/prawdajestciekawa.pl\/?p=7300\">Czytaj dalej <span class=\"screen-reader-text\">Polonizacja gospodarki?<\/span><\/a><\/p>\n","protected":false},"author":26,"featured_media":7301,"comment_status":"open","ping_status":"open","sticky":false,"template":"","format":"standard","meta":{"footnotes":""},"categories":[419],"tags":[],"class_list":["post-7300","post","type-post","status-publish","format-standard","has-post-thumbnail","hentry","category-nr-92","entry"],"_links":{"self":[{"href":"https:\/\/prawdajestciekawa.pl\/index.php?rest_route=\/wp\/v2\/posts\/7300","targetHints":{"allow":["GET"]}}],"collection":[{"href":"https:\/\/prawdajestciekawa.pl\/index.php?rest_route=\/wp\/v2\/posts"}],"about":[{"href":"https:\/\/prawdajestciekawa.pl\/index.php?rest_route=\/wp\/v2\/types\/post"}],"author":[{"embeddable":true,"href":"https:\/\/prawdajestciekawa.pl\/index.php?rest_route=\/wp\/v2\/users\/26"}],"replies":[{"embeddable":true,"href":"https:\/\/prawdajestciekawa.pl\/index.php?rest_route=%2Fwp%2Fv2%2Fcomments&post=7300"}],"version-history":[{"count":1,"href":"https:\/\/prawdajestciekawa.pl\/index.php?rest_route=\/wp\/v2\/posts\/7300\/revisions"}],"predecessor-version":[{"id":7302,"href":"https:\/\/prawdajestciekawa.pl\/index.php?rest_route=\/wp\/v2\/posts\/7300\/revisions\/7302"}],"wp:featuredmedia":[{"embeddable":true,"href":"https:\/\/prawdajestciekawa.pl\/index.php?rest_route=\/wp\/v2\/media\/7301"}],"wp:attachment":[{"href":"https:\/\/prawdajestciekawa.pl\/index.php?rest_route=%2Fwp%2Fv2%2Fmedia&parent=7300"}],"wp:term":[{"taxonomy":"category","embeddable":true,"href":"https:\/\/prawdajestciekawa.pl\/index.php?rest_route=%2Fwp%2Fv2%2Fcategories&post=7300"},{"taxonomy":"post_tag","embeddable":true,"href":"https:\/\/prawdajestciekawa.pl\/index.php?rest_route=%2Fwp%2Fv2%2Ftags&post=7300"}],"curies":[{"name":"wp","href":"https:\/\/api.w.org\/{rel}","templated":true}]}}