{"id":7295,"date":"2026-08-06T13:24:34","date_gmt":"2026-08-06T11:24:34","guid":{"rendered":"https:\/\/prawdajestciekawa.pl\/?p=7295"},"modified":"2026-08-06T13:24:34","modified_gmt":"2026-08-06T11:24:34","slug":"co-z-ciebie-wyrosnie","status":"publish","type":"post","link":"https:\/\/prawdajestciekawa.pl\/?p=7295","title":{"rendered":"Co z ciebie wyro\u015bnie?"},"content":{"rendered":"\n<p class=\"has-large-font-size wp-block-paragraph\">W po\u0142owie lat 30. ubieg\u0142ego wieku prasa w Polsce rozpisywa\u0142a si\u0119 o skandalu, kt\u00f3ry dotyczy\u0142 nastoletnich panicz\u00f3w pochodz\u0105cych z pewnego znamienitego kresowego rodu.<\/p>\n\n\n\n<p class=\"wp-block-paragraph\">M\u0142odzie\u0144cy zabawiali si\u0119 okradaj\u0105c zaproszonych go\u015bci. Nie robili tego z biedy. Na co dzie\u0144 mieszkali w mie\u015bcie, chodzili do prywatnej szko\u0142y, a podczas wakacji je\u017adzili \u201edo w\u00f3d\u201d, zwiedzali europejskie kurorty. A w przerwach, \u201edla sportu\u201d, uszczuplali dobytek znajomych rodzic\u00f3w z drobnych kwot, czasami z bi\u017cuterii.<\/p>\n\n\n\n<p class=\"wp-block-paragraph\">Go\u015bcie po pewnym czasie zorientowali si\u0119, \u017ce kto\u015b ich \u201esmyka\u201d, k\u0142adli to jednak na karb przypadkowego zagubienia. I proceder trwa\u0142by w najlepsze, gdyby nie pokoj\u00f3wka, kt\u00f3ra zauwa\u017cy\u0142a skradzione przedmioty w czasie sprz\u0105tania pokoju. Zorientowa\u0142a si\u0119, kto by\u0142 sprawc\u0105 owych kradzie\u017cy. Do dzisiaj nie wiadomo, dlaczego nie powiadomi\u0142a \u201eswoich pa\u0144stwa\u201d, mo\u017ce sama chcia\u0142a dla siebie co\u015b zyska\u0107, trzymaj\u0105c w szachu \u201epanicz\u00f3w\u201d. W ka\u017cdym razie pewnego dnia znikn\u0119\u0142a z domu. By\u0142o to wkr\u00f3tce po kolejnej akcji kradzie\u017cy. Podejrzenie pad\u0142o na pokoj\u00f3wk\u0119, kt\u00f3ra do tej pory nie dawa\u0142a najmniejszych nawet powod\u00f3w do oskar\u017ce\u0144.<\/p>\n\n\n\n<p class=\"wp-block-paragraph\">Zawiadomiono policj\u0119, szukano jej po okolicach, ale \u017cadnego \u015bladu nie znaleziono. Do czasu. Kradzie\u017ce tak\u017ce usta\u0142y, wi\u0119c sprawa by\u0142a dla policji i domownik\u00f3w jasna. Kilka miesi\u0119cy p\u00f3\u017aniej, przypadkiem, odkryto zw\u0142oki pokoj\u00f3wki w jednej ze studni le\u017c\u0105cych w obr\u0119bie pa\u0142acu. Policja ponownie wszcz\u0119\u0142a dochodzenie. Ju\u017c po kilku dniach zatrz\u0119s\u0142y si\u0119 okoliczne dwory. Sprawcami byli panicze!<\/p>\n\n\n\n<p class=\"wp-block-paragraph\">Skandal szybko rozprzestrzeni\u0142 si\u0119 na ca\u0142y kraj. Dziennikarze mieli o czym pisa\u0107. Ci z pism lewicowych nie zostawiali suchej nitki nad stanem moralnym \u201erodowych\u201d. Dziennikarze zwi\u0105zani z prawic\u0105 oskar\u017cali sanacyjny system wychowawczy \u2013 wszak m\u0142odzie\u0144cy wi\u0119ksz\u0105 cz\u0119\u015b\u0107 przebywali w szko\u0142ach w mie\u015bcie, pod opiek\u0105 pedagog\u00f3w. W prasie konserwatywnej, zwi\u0105zanej z ziemia\u0144stwem, starano si\u0119 uderza\u0107 w t\u0142o \u00f3wczesnego \u015bwiata, kt\u00f3re pod wp\u0142ywem \u201enowinek\u201d kulturowych traci\u0142o tradycyjne warto\u015bci. Wszyscy za\u015b g\u0142o\u015bno utyskiwali nad stanem moralnym m\u0142odzie\u017cy. Oskar\u017cano wi\u0119c m\u0142odzie\u017c o kosmopolityzm, o bankructwo moralne, o brak zapa\u0142u do nauki i pracy, o utrat\u0119 ch\u0119ci odnajdywania swoich dr\u00f3g \u017cyciowych itp. itd.<\/p>\n\n\n\n<p class=\"wp-block-paragraph\">Min\u0119\u0142o kilka lat. Nadszed\u0142 czas wojny i okupacji. M\u0142odzie\u017c, kt\u00f3r\u0105 wcze\u015bniej gremialnie obarczano wszelkimi winami, t\u0142umnie stawa\u0142a w szeregi wojska we wrze\u015bniu 1939 roku. M\u0142odzi ludzie sami szukali mo\u017cliwo\u015bci walki z okupantami. Pisz\u0105c te s\u0142owa w pami\u0119ci mam fragment z ksi\u0105\u017cki Stanis\u0142awa Wasylewskiego \u201eLw\u00f3w\u201d, wydanego w 1931 roku:<\/p>\n\n\n\n<figure class=\"wp-block-image size-large\"><img loading=\"lazy\" decoding=\"async\" width=\"1024\" height=\"770\" src=\"https:\/\/prawdajestciekawa.pl\/wp-content\/uploads\/2026\/08\/A-1-1024x770.jpg\" alt=\"\" class=\"wp-image-7297\" srcset=\"https:\/\/prawdajestciekawa.pl\/wp-content\/uploads\/2026\/08\/A-1-1024x770.jpg 1024w, https:\/\/prawdajestciekawa.pl\/wp-content\/uploads\/2026\/08\/A-1-300x226.jpg 300w, https:\/\/prawdajestciekawa.pl\/wp-content\/uploads\/2026\/08\/A-1-768x577.jpg 768w, https:\/\/prawdajestciekawa.pl\/wp-content\/uploads\/2026\/08\/A-1-450x338.jpg 450w, https:\/\/prawdajestciekawa.pl\/wp-content\/uploads\/2026\/08\/A-1-600x451.jpg 600w, https:\/\/prawdajestciekawa.pl\/wp-content\/uploads\/2026\/08\/A-1.jpg 1200w\" sizes=\"auto, (max-width: 1024px) 100vw, 1024px\" \/><figcaption class=\"wp-element-caption\">Uczniowie gimnazjum p\u0142ockiego przed wojn\u0105<\/figcaption><\/figure>\n\n\n\n<p class=\"wp-block-paragraph\"><em>Jeszcze miesi\u0105c temu zbiera\u0142 znaczki pocztowe, cieszy\u0142 si\u0119 na saneczki i \u015blizgawk\u0119, kopa\u0142 pi\u0142k\u0119, kl\u0105\u0142 koniugacje i szko\u0142\u0119 austriack\u0105. Mamusi nie s\u0142ucha\u0142 cz\u0119sto, pana profesora z regu\u0142y. Z dum\u0105 doszywa\u0142 co roku nowy srebrny pasek na ko\u0142nierzu, z dw\u00f3ch przedmiot\u00f3w wykazany ca\u0142kowicie, z jednego do wi\u0119kszej pilno\u015bci. Dopiero w listopadzie 1918 zda\u0142 egzamin. Lecz co si\u0119 teraz sta\u0142o, co si\u0119 w tobie sta\u0142o ch\u0142optasiu? Nie boisz si\u0119? Naprawd\u0119! Ani troch\u0119? Popatrz, wszak\u017ce major P\u0142ut us\u0142yszawszy strza\u0142y zaszy\u0142 si\u0119 w pokrzyw\u0119. Fredrowski Papkin wybiegnie z dziarsk\u0105 min\u0105 na wroga, gdy go ju\u017c nie b\u0119dzie, a ty sam jeden z w\u0119g\u0142\u00f3w kamienicy, z karabinem dwa razy wi\u0119kszym od szanownej osoby. \u0141obuzie jeden, czemu tupiesz obcasami o \u017cabic\u0119 chodnika? \u0141obuz tupie dlatego, \u017ceby wr\u00f3g my\u015bla\u0142 to ca\u0142a kompania ci\u0105gnie z s\u0105siedniej ulicy z odsiecz\u0105. Jak to si\u0119 sta\u0142o, jakim cudem obudzi\u0142e\u015b w sobie lwa? Bo przecie\u017c nic si\u0119 nie zmieni\u0142o. Te same oczy pustackie i swawol\u0105 tak samo na lekcji. I rumieniec na g\u0119binie, jak wtedy, gdy go wywo\u0142a\u0142o zdobycie drogocennej marki (znaczka pocztowego). Z\u0142a nota z obyczaj\u00f3w grozi\u0142a mu w ubieg\u0142ym p\u00f3\u0142roczu i teraz nie lepiej. Zdobyli we trzech karabin maszynowy, lecz trzymaj\u0105 si\u0119 dalej na pozycji. Cho\u0107 jest stanowczy rozkaz odwrotu. Polsk\u0119 maj\u0105 w \u017arenicach i dumne s\u0142owa na ustach: \u201eMamusiu, mamusiu!\u201d.<\/em><\/p>\n\n\n\n<p class=\"wp-block-paragraph\">To fragment odnosz\u0105cy si\u0119 do m\u0142odych \u201eLwowskich Orl\u0105t\u201d, kt\u00f3re chwyci\u0142y za bro\u0144 w 1918 w obronie polskiego Lwowa. Taka sama m\u0142odzie\u017c dwadzie\u015bcia lat p\u00f3\u017aniej stan\u0119\u0142a pospo\u0142u do walki przeciwko Niemcom i Sowietom. W obronie Warszawy i Grodna. A w czasie okupacji niemieckiej \u2013 jak \u201eAlek\u201d, \u201eRudy\u201d i \u201eZo\u015bka\u201d z Szarych Szereg\u00f3w, uwiecznieni w ksi\u0105\u017cce Aleksandra Kami\u0144skiego \u201eKamienie na szaniec\u201d \u2013 po\u0142o\u017cyli g\u0142ow\u0119, bo im si\u0119 \u015bni\u0142a niepodleg\u0142a Polska.<\/p>\n\n\n\n<p class=\"wp-block-paragraph\">Duch walki o woln\u0105 Polsk\u0119 by\u0142 tak du\u017cy, \u017ce 5-letni J\u0119drek spod Zakopanego, pr\u00f3bowa\u0142 uciec z domu do partyzant\u00f3w. W r\u0119kach dzier\u017cy\u0142 siekier\u0119 wi\u0119ksz\u0105 od siebie. Z\u0142apany przez matk\u0119, na pytanie, po co mu siekiera, odpar\u0142: \u201eZar\u0119biem Miemca\u201d. To niewiele starsi od niego w polskich miastach malowali na \u015bcianach kotwice \u2013 znaki Polski Walcz\u0105cej, a doro\u015blejsi z broni\u0105 w r\u0119ku walczyli w Powstaniu Warszawskim. Po wojnie nie z\u0142o\u017cyli broni, walcz\u0105c z okupantem sowieckim. Albo szukali dla siebie miejsca wsz\u0119dzie tam, gdzie mo\u017cna by\u0142o znale\u017a\u0107 skrawek wolnej Polski.<\/p>\n\n\n\n<p class=\"wp-block-paragraph\">Potem, w latach osiemdziesi\u0105tych XX wieku, uczestniczyli w protestach zak\u0142adaj\u0105c antykomunistyczne organizacje w szko\u0142ach czy na uczelniach. To tak\u017ce ci, co dzisiaj pami\u0119taj\u0105 o wa\u017cnych dla Polski rocznicach, cz\u0119sto sekowani za swoje pogl\u0105dy, za sw\u00f3j patriotyzm, kt\u00f3rego si\u0119 nie wstydz\u0105. Nazywani \u0142obuzami, kibolami, a nawet bandytami czy faszystami. S\u0105 niepokorni. Ale czy obro\u0144cy Lwowa, Grodna, Warszawy byli pokorni?<\/p>\n\n\n\n<figure class=\"wp-block-image size-full\"><img loading=\"lazy\" decoding=\"async\" width=\"600\" height=\"900\" src=\"https:\/\/prawdajestciekawa.pl\/wp-content\/uploads\/2026\/08\/A.jpg\" alt=\"\" class=\"wp-image-7298\" srcset=\"https:\/\/prawdajestciekawa.pl\/wp-content\/uploads\/2026\/08\/A.jpg 600w, https:\/\/prawdajestciekawa.pl\/wp-content\/uploads\/2026\/08\/A-200x300.jpg 200w, https:\/\/prawdajestciekawa.pl\/wp-content\/uploads\/2026\/08\/A-450x675.jpg 450w\" sizes=\"auto, (max-width: 600px) 100vw, 600px\" \/><figcaption class=\"wp-element-caption\">Znak Polski Walcz\u0105cej na Pomniku Lotnika na placu Unii Lubelskiej w Warszawie wymalowany przez Janka Bytnara \u201eRudego\u201d 1942. Reprodukcja Marek Skorupski Agencja FORUM.<\/figcaption><\/figure>\n\n\n\n<p class=\"wp-block-paragraph\">\u201ePokorne ciele dwie matki ssie\u201d \u2013 przys\u0142owie, kt\u00f3re ka\u017ce by\u0107 spolegliwym wobec mo\u017cnych i wa\u017cniejszych tego \u015bwiata. M\u0142odzi nie s\u0105 spolegliwi, czuj\u0105c sercem Polsk\u0119, szukaj\u0105 w niej swego miejsca. Zawsze s\u0105, kiedy Polska ich potrzebuje. To jest domena m\u0142odo\u015bci. W tym miejscu przypomn\u0119 s\u0142owa Marsza\u0142ka J\u00f3zefa Pi\u0142sudskiego o swojej m\u0142odo\u015bci: <em>W dzieci\u0144stwie moim ci\u0105gle szeptano mi w uszy tak zwane m\u0105dre przys\u0142owia: \u201eNie dmuchaj pod wiatr\u201d, \u201eG\u0142ow\u0105 muru nie przebijesz\u201d, \u201eNie porywaj si\u0119 z motyk\u0105 na s\u0142o\u0144ce\u201d. Doszed\u0142em potem do wniosku, \u017ce silna wola, energia i zapa\u0142 mog\u0105 te w\u0142a\u015bnie zasady z\u0142ama\u0107. I obecnie, kiedy stoimy wobec wielkich zada\u0144 dalszej budowy pa\u0144stwa polskiego, w\u0142a\u015bnie potrzeba nam ludzi, kt\u00f3rzy potrafi\u0105 tej starej m\u0105dro\u015bci i tych s\u0142\u00f3w si\u0119 przeciwstawi\u0107.<\/em><\/p>\n\n\n\n<p class=\"wp-block-paragraph\">A co z tymi \u201epaniczami\u201d, jak potoczy\u0142y si\u0119 ich losy? Swemu rodowi przys\u0142u\u017cyli si\u0119 nies\u0142aw\u0105. Ze wzgl\u0119du na zbyt m\u0142ody wiek, a mo\u017ce i skuteczne zaanga\u017cowanie obro\u0144c\u00f3w, no i got\u00f3wka papy, sprawi\u0142y, \u017ce nie trafili do wi\u0119zienia. Przez kilka lat byli w jednym z zak\u0142ad\u00f3w poprawczych, gdzie pr\u00f3bowano ich resocjalizowa\u0107. Jak wiele szumowin tamtego czasu, uwolni\u0142a ich wojna. Papa raz jeszcze okaza\u0142 si\u0119 by\u0107 \u201edobrym pap\u0105\u201d i wys\u0142a\u0142 synk\u00f3w do Szwajcarii. Wojn\u0119 sp\u0119dzili poza Polsk\u0105. Nie pr\u00f3bowali w\u0142\u0105czy\u0107 si\u0119 do walki o woln\u0105 Polsk\u0119. Prowadzili jakie\u015b podejrzane geszefty. Dalej obrzucali b\u0142otem swoje szacowne nazwisko rodowe, kt\u00f3re w przesz\u0142o\u015bci mia\u0142o nie tylko takie indywidua.<\/p>\n\n\n\n<p class=\"wp-block-paragraph\"><strong>Zmarli gdzie\u015b w zapomnieniu i w nies\u0142awie. Ich haniebny czyn sta\u0142 si\u0119 po\u017cywk\u0105 dla komunistycznej ideologii.<\/strong><\/p>\n","protected":false},"excerpt":{"rendered":"<p>W po\u0142owie lat 30. ubieg\u0142ego wieku prasa w Polsce rozpisywa\u0142a si\u0119 o skandalu, kt\u00f3ry dotyczy\u0142 nastoletnich panicz\u00f3w pochodz\u0105cych z pewnego znamienitego kresowego rodu. M\u0142odzie\u0144cy zabawiali si\u0119 okradaj\u0105c zaproszonych go\u015bci. Nie robili tego z biedy. Na co dzie\u0144 mieszkali w mie\u015bcie, chodzili do prywatnej szko\u0142y, a podczas wakacji je\u017adzili \u201edo w\u00f3d\u201d, zwiedzali europejskie kurorty. A w&hellip; <a class=\"more-link\" href=\"https:\/\/prawdajestciekawa.pl\/?p=7295\">Czytaj dalej <span class=\"screen-reader-text\">Co z ciebie wyro\u015bnie?<\/span><\/a><\/p>\n","protected":false},"author":13,"featured_media":7296,"comment_status":"open","ping_status":"open","sticky":false,"template":"","format":"standard","meta":{"footnotes":""},"categories":[419],"tags":[],"class_list":["post-7295","post","type-post","status-publish","format-standard","has-post-thumbnail","hentry","category-nr-92","entry"],"_links":{"self":[{"href":"https:\/\/prawdajestciekawa.pl\/index.php?rest_route=\/wp\/v2\/posts\/7295","targetHints":{"allow":["GET"]}}],"collection":[{"href":"https:\/\/prawdajestciekawa.pl\/index.php?rest_route=\/wp\/v2\/posts"}],"about":[{"href":"https:\/\/prawdajestciekawa.pl\/index.php?rest_route=\/wp\/v2\/types\/post"}],"author":[{"embeddable":true,"href":"https:\/\/prawdajestciekawa.pl\/index.php?rest_route=\/wp\/v2\/users\/13"}],"replies":[{"embeddable":true,"href":"https:\/\/prawdajestciekawa.pl\/index.php?rest_route=%2Fwp%2Fv2%2Fcomments&post=7295"}],"version-history":[{"count":1,"href":"https:\/\/prawdajestciekawa.pl\/index.php?rest_route=\/wp\/v2\/posts\/7295\/revisions"}],"predecessor-version":[{"id":7299,"href":"https:\/\/prawdajestciekawa.pl\/index.php?rest_route=\/wp\/v2\/posts\/7295\/revisions\/7299"}],"wp:featuredmedia":[{"embeddable":true,"href":"https:\/\/prawdajestciekawa.pl\/index.php?rest_route=\/wp\/v2\/media\/7296"}],"wp:attachment":[{"href":"https:\/\/prawdajestciekawa.pl\/index.php?rest_route=%2Fwp%2Fv2%2Fmedia&parent=7295"}],"wp:term":[{"taxonomy":"category","embeddable":true,"href":"https:\/\/prawdajestciekawa.pl\/index.php?rest_route=%2Fwp%2Fv2%2Fcategories&post=7295"},{"taxonomy":"post_tag","embeddable":true,"href":"https:\/\/prawdajestciekawa.pl\/index.php?rest_route=%2Fwp%2Fv2%2Ftags&post=7295"}],"curies":[{"name":"wp","href":"https:\/\/api.w.org\/{rel}","templated":true}]}}