{"id":6702,"date":"2026-05-18T15:36:12","date_gmt":"2026-05-18T13:36:12","guid":{"rendered":"https:\/\/prawdajestciekawa.pl\/?p=6702"},"modified":"2026-05-30T22:59:04","modified_gmt":"2026-05-30T20:59:04","slug":"prawda-jest-ciekawa-nr-87-373","status":"publish","type":"post","link":"https:\/\/prawdajestciekawa.pl\/?p=6702","title":{"rendered":"Prawda jest ciekawa nr 87 (373)"},"content":{"rendered":"<ul class=\"wp-block-latest-posts__list has-author wp-block-latest-posts is-layout-flow wp-block-latest-posts-is-layout-flow\"><li><div class=\"wp-block-latest-posts__featured-image aligncenter\"><img loading=\"lazy\" decoding=\"async\" width=\"724\" height=\"1024\" src=\"https:\/\/prawdajestciekawa.pl\/wp-content\/uploads\/2026\/08\/PJC093-s01-724x1024.jpg\" class=\"attachment-large size-large wp-post-image\" alt=\"\" style=\"width:100%;height:141.42%;max-width:1200px;\" srcset=\"https:\/\/prawdajestciekawa.pl\/wp-content\/uploads\/2026\/08\/PJC093-s01-724x1024.jpg 724w, https:\/\/prawdajestciekawa.pl\/wp-content\/uploads\/2026\/08\/PJC093-s01-212x300.jpg 212w, https:\/\/prawdajestciekawa.pl\/wp-content\/uploads\/2026\/08\/PJC093-s01-768x1086.jpg 768w, https:\/\/prawdajestciekawa.pl\/wp-content\/uploads\/2026\/08\/PJC093-s01-1086x1536.jpg 1086w, https:\/\/prawdajestciekawa.pl\/wp-content\/uploads\/2026\/08\/PJC093-s01-450x636.jpg 450w, https:\/\/prawdajestciekawa.pl\/wp-content\/uploads\/2026\/08\/PJC093-s01-600x849.jpg 600w, https:\/\/prawdajestciekawa.pl\/wp-content\/uploads\/2026\/08\/PJC093-s01.jpg 1200w\" sizes=\"auto, (max-width: 724px) 100vw, 724px\" \/><\/div><a class=\"wp-block-latest-posts__post-title\" href=\"https:\/\/prawdajestciekawa.pl\/?p=7453\">Prawda jest ciekawa nr 93 (379)<\/a><div class=\"wp-block-latest-posts__post-author\">przez Artur Waszkielewicz<\/div><div class=\"wp-block-latest-posts__post-excerpt\"><\/div><\/li>\n<li><div class=\"wp-block-latest-posts__featured-image aligncenter\"><img loading=\"lazy\" decoding=\"async\" width=\"750\" height=\"501\" src=\"https:\/\/prawdajestciekawa.pl\/wp-content\/uploads\/2026\/08\/Prezydent_014_Prezydent_Karol_Nawrocki_rocznica_zaprzysiezenia_20260806_MWB19685-1024x684.jpg\" class=\"attachment-large size-large wp-post-image\" alt=\"\" style=\"width:100%;height:66.75%;max-width:1200px;\" srcset=\"https:\/\/prawdajestciekawa.pl\/wp-content\/uploads\/2026\/08\/Prezydent_014_Prezydent_Karol_Nawrocki_rocznica_zaprzysiezenia_20260806_MWB19685-1024x684.jpg 1024w, https:\/\/prawdajestciekawa.pl\/wp-content\/uploads\/2026\/08\/Prezydent_014_Prezydent_Karol_Nawrocki_rocznica_zaprzysiezenia_20260806_MWB19685-300x200.jpg 300w, https:\/\/prawdajestciekawa.pl\/wp-content\/uploads\/2026\/08\/Prezydent_014_Prezydent_Karol_Nawrocki_rocznica_zaprzysiezenia_20260806_MWB19685-768x513.jpg 768w, https:\/\/prawdajestciekawa.pl\/wp-content\/uploads\/2026\/08\/Prezydent_014_Prezydent_Karol_Nawrocki_rocznica_zaprzysiezenia_20260806_MWB19685-450x300.jpg 450w, https:\/\/prawdajestciekawa.pl\/wp-content\/uploads\/2026\/08\/Prezydent_014_Prezydent_Karol_Nawrocki_rocznica_zaprzysiezenia_20260806_MWB19685-600x401.jpg 600w, https:\/\/prawdajestciekawa.pl\/wp-content\/uploads\/2026\/08\/Prezydent_014_Prezydent_Karol_Nawrocki_rocznica_zaprzysiezenia_20260806_MWB19685.jpg 1200w\" sizes=\"auto, (max-width: 750px) 100vw, 750px\" \/><\/div><a class=\"wp-block-latest-posts__post-title\" href=\"https:\/\/prawdajestciekawa.pl\/?p=7444\">Budujmy Polsk\u0119 odpowiedzialn\u0105, siln\u0105, bezpieczn\u0105<\/a><div class=\"wp-block-latest-posts__post-author\">przez Redakcja PJC<\/div><div class=\"wp-block-latest-posts__post-excerpt\">Pa\u0142ac Prezydencki 6.08.2026 Moi Kochani, Moi Drodzy Rodacy, przede wszystkim bardzo si\u0119 ciesz\u0119, \u017ce w rok od zaprzysi\u0119\u017cenia jeste\u015bcie tutaj ze swoim Prezydentem, w naszym&hellip; <a class=\"more-link\" href=\"https:\/\/prawdajestciekawa.pl\/?p=7444\">Czytaj dalej <span class=\"screen-reader-text\">Budujmy Polsk\u0119 odpowiedzialn\u0105, siln\u0105, bezpieczn\u0105<\/span><\/a><\/div><\/li>\n<li><div class=\"wp-block-latest-posts__featured-image aligncenter\"><img loading=\"lazy\" decoding=\"async\" width=\"750\" height=\"563\" src=\"https:\/\/prawdajestciekawa.pl\/wp-content\/uploads\/2026\/08\/WhatsApp-Image-2026-08-15-at-01.43-32-1024x768.jpg\" class=\"attachment-large size-large wp-post-image\" alt=\"\" style=\"width:100%;height:75%;max-width:1200px;\" srcset=\"https:\/\/prawdajestciekawa.pl\/wp-content\/uploads\/2026\/08\/WhatsApp-Image-2026-08-15-at-01.43-32-1024x768.jpg 1024w, https:\/\/prawdajestciekawa.pl\/wp-content\/uploads\/2026\/08\/WhatsApp-Image-2026-08-15-at-01.43-32-300x225.jpg 300w, https:\/\/prawdajestciekawa.pl\/wp-content\/uploads\/2026\/08\/WhatsApp-Image-2026-08-15-at-01.43-32-768x576.jpg 768w, https:\/\/prawdajestciekawa.pl\/wp-content\/uploads\/2026\/08\/WhatsApp-Image-2026-08-15-at-01.43-32-450x338.jpg 450w, https:\/\/prawdajestciekawa.pl\/wp-content\/uploads\/2026\/08\/WhatsApp-Image-2026-08-15-at-01.43-32-600x450.jpg 600w, https:\/\/prawdajestciekawa.pl\/wp-content\/uploads\/2026\/08\/WhatsApp-Image-2026-08-15-at-01.43-32.jpg 1200w\" sizes=\"auto, (max-width: 750px) 100vw, 750px\" \/><\/div><a class=\"wp-block-latest-posts__post-title\" href=\"https:\/\/prawdajestciekawa.pl\/?p=7432\">Ma\u0142a Warszawa ale Wielka Polska<\/a><div class=\"wp-block-latest-posts__post-author\">przez Redakcja PJC<\/div><div class=\"wp-block-latest-posts__post-excerpt\">Piknik Idei 31.07.2026 W \u015brodku wakacji, w upalny pi\u0105tkowy dzie\u0144 tysi\u0105ce ludzi przysz\u0142o pos\u0142ucha\u0107, podyskutowa\u0107 i pomy\u015ble\u0107 nad przysz\u0142o\u015bci\u0105 Polski i perspektywach jej rozwoju. Wydarzenie&hellip; <a class=\"more-link\" href=\"https:\/\/prawdajestciekawa.pl\/?p=7432\">Czytaj dalej <span class=\"screen-reader-text\">Ma\u0142a Warszawa ale Wielka Polska<\/span><\/a><\/div><\/li>\n<li><div class=\"wp-block-latest-posts__featured-image aligncenter\"><img loading=\"lazy\" decoding=\"async\" width=\"750\" height=\"563\" src=\"https:\/\/prawdajestciekawa.pl\/wp-content\/uploads\/2026\/08\/WhatsApp-Image-2026-08-15-at-01.18-6-1024x768.jpg\" class=\"attachment-large size-large wp-post-image\" alt=\"\" style=\"width:100%;height:75%;max-width:1200px;\" srcset=\"https:\/\/prawdajestciekawa.pl\/wp-content\/uploads\/2026\/08\/WhatsApp-Image-2026-08-15-at-01.18-6-1024x768.jpg 1024w, https:\/\/prawdajestciekawa.pl\/wp-content\/uploads\/2026\/08\/WhatsApp-Image-2026-08-15-at-01.18-6-300x225.jpg 300w, https:\/\/prawdajestciekawa.pl\/wp-content\/uploads\/2026\/08\/WhatsApp-Image-2026-08-15-at-01.18-6-768x576.jpg 768w, https:\/\/prawdajestciekawa.pl\/wp-content\/uploads\/2026\/08\/WhatsApp-Image-2026-08-15-at-01.18-6-450x338.jpg 450w, https:\/\/prawdajestciekawa.pl\/wp-content\/uploads\/2026\/08\/WhatsApp-Image-2026-08-15-at-01.18-6-600x450.jpg 600w, https:\/\/prawdajestciekawa.pl\/wp-content\/uploads\/2026\/08\/WhatsApp-Image-2026-08-15-at-01.18-6.jpg 1200w\" sizes=\"auto, (max-width: 750px) 100vw, 750px\" \/><\/div><a class=\"wp-block-latest-posts__post-title\" href=\"https:\/\/prawdajestciekawa.pl\/?p=7411\">Ambicja plus to\u017csamo\u015b\u0107<\/a><div class=\"wp-block-latest-posts__post-author\">przez Mateusz Morawiecki<\/div><div class=\"wp-block-latest-posts__post-excerpt\">Jagodno we Wroc\u0142awiu 7.08.2026 Szanowni Pa\u0144stwo! W\u0142adza to jest program, to jest plan, to jest mi\u0142o\u015b\u0107 do ojczyzny i to jest ci\u0119\u017cka praca. I dlatego&hellip; <a class=\"more-link\" href=\"https:\/\/prawdajestciekawa.pl\/?p=7411\">Czytaj dalej <span class=\"screen-reader-text\">Ambicja plus to\u017csamo\u015b\u0107<\/span><\/a><\/div><\/li>\n<li><div class=\"wp-block-latest-posts__featured-image aligncenter\"><img loading=\"lazy\" decoding=\"async\" width=\"750\" height=\"449\" src=\"https:\/\/prawdajestciekawa.pl\/wp-content\/uploads\/2026\/08\/Grafika_Cezary-Krysztopa_zacmienie-1024x613.jpg\" class=\"attachment-large size-large wp-post-image\" alt=\"\" style=\"width:100%;height:59.83%;max-width:1200px;\" srcset=\"https:\/\/prawdajestciekawa.pl\/wp-content\/uploads\/2026\/08\/Grafika_Cezary-Krysztopa_zacmienie-1024x613.jpg 1024w, https:\/\/prawdajestciekawa.pl\/wp-content\/uploads\/2026\/08\/Grafika_Cezary-Krysztopa_zacmienie-300x180.jpg 300w, https:\/\/prawdajestciekawa.pl\/wp-content\/uploads\/2026\/08\/Grafika_Cezary-Krysztopa_zacmienie-768x460.jpg 768w, https:\/\/prawdajestciekawa.pl\/wp-content\/uploads\/2026\/08\/Grafika_Cezary-Krysztopa_zacmienie-450x269.jpg 450w, https:\/\/prawdajestciekawa.pl\/wp-content\/uploads\/2026\/08\/Grafika_Cezary-Krysztopa_zacmienie-600x359.jpg 600w, https:\/\/prawdajestciekawa.pl\/wp-content\/uploads\/2026\/08\/Grafika_Cezary-Krysztopa_zacmienie.jpg 1200w\" sizes=\"auto, (max-width: 750px) 100vw, 750px\" \/><\/div><a class=\"wp-block-latest-posts__post-title\" href=\"https:\/\/prawdajestciekawa.pl\/?p=7408\">Mo\u017ce by\u0107 gorzej<\/a><div class=\"wp-block-latest-posts__post-author\">przez Jerzy Pawlas<\/div><div class=\"wp-block-latest-posts__post-excerpt\">Jak na razie administracja 13 grudnia jest na dobrej drodze, by zdystansowa\u0107 rz\u0105dy \u201epierwszego Tuska\u201d, wobec czego elektorat nie protestuje. Mo\u017cna by\u0142o wybra\u0107 na prezydenta&hellip; <a class=\"more-link\" href=\"https:\/\/prawdajestciekawa.pl\/?p=7408\">Czytaj dalej <span class=\"screen-reader-text\">Mo\u017ce by\u0107 gorzej<\/span><\/a><\/div><\/li>\n<li><div class=\"wp-block-latest-posts__featured-image aligncenter\"><img loading=\"lazy\" decoding=\"async\" width=\"750\" height=\"382\" src=\"https:\/\/prawdajestciekawa.pl\/wp-content\/uploads\/2026\/08\/P1-1024x521.jpg\" class=\"attachment-large size-large wp-post-image\" alt=\"\" style=\"width:100%;height:50.92%;max-width:1200px;\" srcset=\"https:\/\/prawdajestciekawa.pl\/wp-content\/uploads\/2026\/08\/P1-1024x521.jpg 1024w, https:\/\/prawdajestciekawa.pl\/wp-content\/uploads\/2026\/08\/P1-300x153.jpg 300w, https:\/\/prawdajestciekawa.pl\/wp-content\/uploads\/2026\/08\/P1-768x391.jpg 768w, https:\/\/prawdajestciekawa.pl\/wp-content\/uploads\/2026\/08\/P1-450x229.jpg 450w, https:\/\/prawdajestciekawa.pl\/wp-content\/uploads\/2026\/08\/P1-600x306.jpg 600w, https:\/\/prawdajestciekawa.pl\/wp-content\/uploads\/2026\/08\/P1.jpg 1200w\" sizes=\"auto, (max-width: 750px) 100vw, 750px\" \/><\/div><a class=\"wp-block-latest-posts__post-title\" href=\"https:\/\/prawdajestciekawa.pl\/?p=7402\">Zapomniany Prezydent<\/a><div class=\"wp-block-latest-posts__post-author\">przez Piotr Gaglik<\/div><div class=\"wp-block-latest-posts__post-excerpt\">Niemal dok\u0142adnie rok przed Cudem nad Wis\u0142\u0105, 14 sierpnia 1919 roku, polskie dzieci \u2013 sporo z nich maszeruj\u0105c boso przed \u201ecudotw\u00f3rc\u0105\u201d Herbertem C. Hooverem \u2013&hellip; <a class=\"more-link\" href=\"https:\/\/prawdajestciekawa.pl\/?p=7402\">Czytaj dalej <span class=\"screen-reader-text\">Zapomniany Prezydent<\/span><\/a><\/div><\/li>\n<li><div class=\"wp-block-latest-posts__featured-image aligncenter\"><img loading=\"lazy\" decoding=\"async\" width=\"750\" height=\"992\" src=\"https:\/\/prawdajestciekawa.pl\/wp-content\/uploads\/2026\/08\/S-2-774x1024.jpg\" class=\"attachment-large size-large wp-post-image\" alt=\"\" style=\"width:100%;height:132.22%;max-width:900px;\" srcset=\"https:\/\/prawdajestciekawa.pl\/wp-content\/uploads\/2026\/08\/S-2-774x1024.jpg 774w, https:\/\/prawdajestciekawa.pl\/wp-content\/uploads\/2026\/08\/S-2-227x300.jpg 227w, https:\/\/prawdajestciekawa.pl\/wp-content\/uploads\/2026\/08\/S-2-768x1015.jpg 768w, https:\/\/prawdajestciekawa.pl\/wp-content\/uploads\/2026\/08\/S-2-450x595.jpg 450w, https:\/\/prawdajestciekawa.pl\/wp-content\/uploads\/2026\/08\/S-2-600x793.jpg 600w, https:\/\/prawdajestciekawa.pl\/wp-content\/uploads\/2026\/08\/S-2.jpg 900w\" sizes=\"auto, (max-width: 750px) 100vw, 750px\" \/><\/div><a class=\"wp-block-latest-posts__post-title\" href=\"https:\/\/prawdajestciekawa.pl\/?p=7399\">Listy od Czytelnik\u00f3w<\/a><div class=\"wp-block-latest-posts__post-author\">przez Stanis\u0142aw Srokowski<\/div><div class=\"wp-block-latest-posts__post-excerpt\">Drodzy Czytelnicy! Ka\u017cdy numer PJC przynosi du\u017c\u0105 dawk\u0119 interesuj\u0105cych materia\u0142\u00f3w. To s\u0105 artyku\u0142y, felietony, szkice publicystyczne, noty dziennikarskie, wspomnienia, czasami literatura pi\u0119kna, wiersze i opowiadania.&hellip; <a class=\"more-link\" href=\"https:\/\/prawdajestciekawa.pl\/?p=7399\">Czytaj dalej <span class=\"screen-reader-text\">Listy od Czytelnik\u00f3w<\/span><\/a><\/div><\/li>\n<li><a class=\"wp-block-latest-posts__post-title\" href=\"https:\/\/prawdajestciekawa.pl\/?p=7397\">O deportacjach, czyli tylko prawda jest ciekawa<\/a><div class=\"wp-block-latest-posts__post-author\">przez Ryszard Czarnecki<\/div><div class=\"wp-block-latest-posts__post-excerpt\">Jestem d\u0142ugo w polityce i rozumiem \u2013 my\u015bl\u0119 \u2013 o co w niej chodzi. Znam te\u017c stare ameryka\u0144skie powiedzenie ze \u015bwiata polityki, i\u017c kampania wyborcza&hellip; <a class=\"more-link\" href=\"https:\/\/prawdajestciekawa.pl\/?p=7397\">Czytaj dalej <span class=\"screen-reader-text\">O deportacjach, czyli tylko prawda jest ciekawa<\/span><\/a><\/div><\/li>\n<li><div class=\"wp-block-latest-posts__featured-image aligncenter\"><img loading=\"lazy\" decoding=\"async\" width=\"683\" height=\"1024\" src=\"https:\/\/prawdajestciekawa.pl\/wp-content\/uploads\/2026\/08\/S1-683x1024.jpg\" class=\"attachment-large size-large wp-post-image\" alt=\"\" style=\"width:100%;height:150%;max-width:1200px;\" srcset=\"https:\/\/prawdajestciekawa.pl\/wp-content\/uploads\/2026\/08\/S1-683x1024.jpg 683w, https:\/\/prawdajestciekawa.pl\/wp-content\/uploads\/2026\/08\/S1-200x300.jpg 200w, https:\/\/prawdajestciekawa.pl\/wp-content\/uploads\/2026\/08\/S1-768x1152.jpg 768w, https:\/\/prawdajestciekawa.pl\/wp-content\/uploads\/2026\/08\/S1-1024x1536.jpg 1024w, https:\/\/prawdajestciekawa.pl\/wp-content\/uploads\/2026\/08\/S1-450x675.jpg 450w, https:\/\/prawdajestciekawa.pl\/wp-content\/uploads\/2026\/08\/S1-600x900.jpg 600w, https:\/\/prawdajestciekawa.pl\/wp-content\/uploads\/2026\/08\/S1.jpg 1200w\" sizes=\"auto, (max-width: 683px) 100vw, 683px\" \/><\/div><a class=\"wp-block-latest-posts__post-title\" href=\"https:\/\/prawdajestciekawa.pl\/?p=7394\">JAKUB FORNAGIEL<\/a><div class=\"wp-block-latest-posts__post-author\">przez Stanis\u0142aw Srokowski<\/div><div class=\"wp-block-latest-posts__post-excerpt\">Jakub Fornagiel bra\u0142 kilkakrotnie udzia\u0142 w naszych konkursach literackich. Zdobywa\u0142 nagrody, przede wszystkim jako poeta. Przedstawiamy jego nowe wiersze, pe\u0142ne rozterek, l\u0119k\u00f3w i niepokoju. Zapewne&hellip; <a class=\"more-link\" href=\"https:\/\/prawdajestciekawa.pl\/?p=7394\">Czytaj dalej <span class=\"screen-reader-text\">JAKUB FORNAGIEL<\/span><\/a><\/div><\/li>\n<li><div class=\"wp-block-latest-posts__featured-image aligncenter\"><img loading=\"lazy\" decoding=\"async\" width=\"741\" height=\"1024\" src=\"https:\/\/prawdajestciekawa.pl\/wp-content\/uploads\/2026\/08\/M4-741x1024.jpg\" class=\"attachment-large size-large wp-post-image\" alt=\"\" style=\"width:100%;height:138.25%;max-width:1200px;\" srcset=\"https:\/\/prawdajestciekawa.pl\/wp-content\/uploads\/2026\/08\/M4-741x1024.jpg 741w, https:\/\/prawdajestciekawa.pl\/wp-content\/uploads\/2026\/08\/M4-217x300.jpg 217w, https:\/\/prawdajestciekawa.pl\/wp-content\/uploads\/2026\/08\/M4-768x1062.jpg 768w, https:\/\/prawdajestciekawa.pl\/wp-content\/uploads\/2026\/08\/M4-1111x1536.jpg 1111w, https:\/\/prawdajestciekawa.pl\/wp-content\/uploads\/2026\/08\/M4-450x622.jpg 450w, https:\/\/prawdajestciekawa.pl\/wp-content\/uploads\/2026\/08\/M4-600x830.jpg 600w, https:\/\/prawdajestciekawa.pl\/wp-content\/uploads\/2026\/08\/M4.jpg 1200w\" sizes=\"auto, (max-width: 741px) 100vw, 741px\" \/><\/div><a class=\"wp-block-latest-posts__post-title\" href=\"https:\/\/prawdajestciekawa.pl\/?p=7389\">Raport realizacji CPK 7 sierpnia 2026<\/a><div class=\"wp-block-latest-posts__post-author\">przez Maciej Roman\u00f3w<\/div><div class=\"wp-block-latest-posts__post-excerpt\">L\u0105dowy lotniskowiec wschodniej flanki W systemie bezpiecze\u0144stwa redundancja jest polis\u0105 ubezpieczeniow\u0105. 24 lutego 2022 roku powinien by\u0107 dla Polski cezur\u0105 nie tylko w my\u015bleniu o&hellip; <a class=\"more-link\" href=\"https:\/\/prawdajestciekawa.pl\/?p=7389\">Czytaj dalej <span class=\"screen-reader-text\">Raport realizacji CPK 7 sierpnia 2026<\/span><\/a><\/div><\/li>\n<li><div class=\"wp-block-latest-posts__featured-image aligncenter\"><img loading=\"lazy\" decoding=\"async\" width=\"750\" height=\"563\" src=\"https:\/\/prawdajestciekawa.pl\/wp-content\/uploads\/2026\/08\/PMM_z-Kaczynskim-2018-1024x768.jpg\" class=\"attachment-large size-large wp-post-image\" alt=\"\" style=\"width:100%;height:75%;max-width:1200px;\" srcset=\"https:\/\/prawdajestciekawa.pl\/wp-content\/uploads\/2026\/08\/PMM_z-Kaczynskim-2018-1024x768.jpg 1024w, https:\/\/prawdajestciekawa.pl\/wp-content\/uploads\/2026\/08\/PMM_z-Kaczynskim-2018-300x225.jpg 300w, https:\/\/prawdajestciekawa.pl\/wp-content\/uploads\/2026\/08\/PMM_z-Kaczynskim-2018-768x576.jpg 768w, https:\/\/prawdajestciekawa.pl\/wp-content\/uploads\/2026\/08\/PMM_z-Kaczynskim-2018-450x338.jpg 450w, https:\/\/prawdajestciekawa.pl\/wp-content\/uploads\/2026\/08\/PMM_z-Kaczynskim-2018-600x450.jpg 600w, https:\/\/prawdajestciekawa.pl\/wp-content\/uploads\/2026\/08\/PMM_z-Kaczynskim-2018.jpg 1200w\" sizes=\"auto, (max-width: 750px) 100vw, 750px\" \/><\/div><a class=\"wp-block-latest-posts__post-title\" href=\"https:\/\/prawdajestciekawa.pl\/?p=7386\">Polityka bez fobii<\/a><div class=\"wp-block-latest-posts__post-author\">przez Andrzej Bafalukosz<\/div><div class=\"wp-block-latest-posts__post-excerpt\">Kiedy w jednym ze swych wywiad\u00f3w Mateusz Morawiecki u\u017cy\u0142 okre\u015blenia \u201epyrrusowe zwyci\u0119stwo\u201d w odniesieniu do wybor\u00f3w z 2023 roku wygranych przez PiS (35,4%), lecz nieprzek\u0142adaj\u0105cych&hellip; <a class=\"more-link\" href=\"https:\/\/prawdajestciekawa.pl\/?p=7386\">Czytaj dalej <span class=\"screen-reader-text\">Polityka bez fobii<\/span><\/a><\/div><\/li>\n<li><div class=\"wp-block-latest-posts__featured-image aligncenter\"><img loading=\"lazy\" decoding=\"async\" width=\"750\" height=\"500\" src=\"https:\/\/prawdajestciekawa.pl\/wp-content\/uploads\/2026\/08\/A3-1024x683.jpg\" class=\"attachment-large size-large wp-post-image\" alt=\"\" style=\"width:100%;height:66.67%;max-width:1200px;\" srcset=\"https:\/\/prawdajestciekawa.pl\/wp-content\/uploads\/2026\/08\/A3-1024x683.jpg 1024w, https:\/\/prawdajestciekawa.pl\/wp-content\/uploads\/2026\/08\/A3-300x200.jpg 300w, https:\/\/prawdajestciekawa.pl\/wp-content\/uploads\/2026\/08\/A3-768x512.jpg 768w, https:\/\/prawdajestciekawa.pl\/wp-content\/uploads\/2026\/08\/A3-450x300.jpg 450w, https:\/\/prawdajestciekawa.pl\/wp-content\/uploads\/2026\/08\/A3-600x400.jpg 600w, https:\/\/prawdajestciekawa.pl\/wp-content\/uploads\/2026\/08\/A3.jpg 1200w\" sizes=\"auto, (max-width: 750px) 100vw, 750px\" \/><\/div><a class=\"wp-block-latest-posts__post-title\" href=\"https:\/\/prawdajestciekawa.pl\/?p=7383\">Czy Naczelnik przesta\u0142 by\u0107 Naczelnikiem?<\/a><div class=\"wp-block-latest-posts__post-author\">przez Andrzej Manasterski<\/div><div class=\"wp-block-latest-posts__post-excerpt\">By\u0142 Naczelnikiem. Mia\u0142 ku temu wszelkie podstawy \u2013 zmys\u0142 polityczny, wytrwa\u0142o\u015b\u0107, sumienno\u015b\u0107, lata pracy nad tworzeniem swego wizerunku, ideowo\u015b\u0107. I to, co by\u0142o najwa\u017cniejsze \u2013&hellip; <a class=\"more-link\" href=\"https:\/\/prawdajestciekawa.pl\/?p=7383\">Czytaj dalej <span class=\"screen-reader-text\">Czy Naczelnik przesta\u0142 by\u0107 Naczelnikiem?<\/span><\/a><\/div><\/li>\n<li><div class=\"wp-block-latest-posts__featured-image aligncenter\"><img loading=\"lazy\" decoding=\"async\" width=\"750\" height=\"500\" src=\"https:\/\/prawdajestciekawa.pl\/wp-content\/uploads\/2026\/08\/A.Knop_Sila-wiary-moc-wiedzy_Muzeum-Narodowe-w-Krakowie-fot.-A-1024x683.jpg\" class=\"attachment-large size-large wp-post-image\" alt=\"\" style=\"width:100%;height:66.67%;max-width:1200px;\" srcset=\"https:\/\/prawdajestciekawa.pl\/wp-content\/uploads\/2026\/08\/A.Knop_Sila-wiary-moc-wiedzy_Muzeum-Narodowe-w-Krakowie-fot.-A-1024x683.jpg 1024w, https:\/\/prawdajestciekawa.pl\/wp-content\/uploads\/2026\/08\/A.Knop_Sila-wiary-moc-wiedzy_Muzeum-Narodowe-w-Krakowie-fot.-A-300x200.jpg 300w, https:\/\/prawdajestciekawa.pl\/wp-content\/uploads\/2026\/08\/A.Knop_Sila-wiary-moc-wiedzy_Muzeum-Narodowe-w-Krakowie-fot.-A-768x512.jpg 768w, https:\/\/prawdajestciekawa.pl\/wp-content\/uploads\/2026\/08\/A.Knop_Sila-wiary-moc-wiedzy_Muzeum-Narodowe-w-Krakowie-fot.-A-450x300.jpg 450w, https:\/\/prawdajestciekawa.pl\/wp-content\/uploads\/2026\/08\/A.Knop_Sila-wiary-moc-wiedzy_Muzeum-Narodowe-w-Krakowie-fot.-A-600x400.jpg 600w, https:\/\/prawdajestciekawa.pl\/wp-content\/uploads\/2026\/08\/A.Knop_Sila-wiary-moc-wiedzy_Muzeum-Narodowe-w-Krakowie-fot.-A.jpg 1200w\" sizes=\"auto, (max-width: 750px) 100vw, 750px\" \/><\/div><a class=\"wp-block-latest-posts__post-title\" href=\"https:\/\/prawdajestciekawa.pl\/?p=7379\">Ochrona pacjenta czy ograniczenie wolno\u015bci wyboru?<\/a><div class=\"wp-block-latest-posts__post-author\">przez Anna Knop<\/div><div class=\"wp-block-latest-posts__post-excerpt\">Czy projekt nowelizacji okre\u015blany mianem \u201eLex Szarlatan\u201d realnie wp\u0142ynie na podniesienie poziomu bezpiecze\u0144stwa chorych? Bezpiecze\u0144stwo pacjenta jako priorytet Nadrz\u0119dna zasada, co do kt\u00f3rej panuje pe\u0142ny&hellip; <a class=\"more-link\" href=\"https:\/\/prawdajestciekawa.pl\/?p=7379\">Czytaj dalej <span class=\"screen-reader-text\">Ochrona pacjenta czy ograniczenie wolno\u015bci wyboru?<\/span><\/a><\/div><\/li>\n<li><a class=\"wp-block-latest-posts__post-title\" href=\"https:\/\/prawdajestciekawa.pl\/?p=7377\">Optymalizacja modelu opieki zdrowotnej<\/a><div class=\"wp-block-latest-posts__post-author\">przez Redakcja PJC<\/div><div class=\"wp-block-latest-posts__post-excerpt\">Integracja medycyny konwencjonalnej i funkcjonalnej w kontek\u015bcie wyzwa\u0144 strukturalnych oraz roli Rzecznika Praw Pacjenta Wsp\u00f3\u0142czesne systemy opieki zdrowotnej, oparte na paradygmacie medycyny konwencjonalnej (akademickiej), mierz\u0105&hellip; <a class=\"more-link\" href=\"https:\/\/prawdajestciekawa.pl\/?p=7377\">Czytaj dalej <span class=\"screen-reader-text\">Optymalizacja modelu opieki zdrowotnej<\/span><\/a><\/div><\/li>\n<li><div class=\"wp-block-latest-posts__featured-image aligncenter\"><img loading=\"lazy\" decoding=\"async\" width=\"750\" height=\"450\" src=\"https:\/\/prawdajestciekawa.pl\/wp-content\/uploads\/2026\/08\/B1-1024x614.jpg\" class=\"attachment-large size-large wp-post-image\" alt=\"\" style=\"width:100%;height:60%;max-width:1200px;\" srcset=\"https:\/\/prawdajestciekawa.pl\/wp-content\/uploads\/2026\/08\/B1-1024x614.jpg 1024w, https:\/\/prawdajestciekawa.pl\/wp-content\/uploads\/2026\/08\/B1-300x180.jpg 300w, https:\/\/prawdajestciekawa.pl\/wp-content\/uploads\/2026\/08\/B1-768x461.jpg 768w, https:\/\/prawdajestciekawa.pl\/wp-content\/uploads\/2026\/08\/B1-450x270.jpg 450w, https:\/\/prawdajestciekawa.pl\/wp-content\/uploads\/2026\/08\/B1-600x360.jpg 600w, https:\/\/prawdajestciekawa.pl\/wp-content\/uploads\/2026\/08\/B1.jpg 1200w\" sizes=\"auto, (max-width: 750px) 100vw, 750px\" \/><\/div><a class=\"wp-block-latest-posts__post-title\" href=\"https:\/\/prawdajestciekawa.pl\/?p=7372\">My nie b\u0142agamy o wolno\u015b\u0107, my o ni\u0105 walczymy<\/a><div class=\"wp-block-latest-posts__post-author\">przez Beata Stragierowicz<\/div><div class=\"wp-block-latest-posts__post-excerpt\">Za t\u0119 wolno\u015b\u0107, kt\u00f3r\u0105 w PolsceZ \u0142askawo\u015bci Twojej mamy,Tobie, Bo\u017ce dzi\u0119kujemy,Ciebie Boga wys\u0142awiamy. W wojnie tocz\u0105cej si\u0119 w latach 1919-1920 Rzeczpospolita Polska musia\u0142a zmierzy\u0107 si\u0119&hellip; <a class=\"more-link\" href=\"https:\/\/prawdajestciekawa.pl\/?p=7372\">Czytaj dalej <span class=\"screen-reader-text\">My nie b\u0142agamy o wolno\u015b\u0107, my o ni\u0105 walczymy<\/span><\/a><\/div><\/li>\n<li><div class=\"wp-block-latest-posts__featured-image aligncenter\"><img loading=\"lazy\" decoding=\"async\" width=\"750\" height=\"494\" src=\"https:\/\/prawdajestciekawa.pl\/wp-content\/uploads\/2026\/08\/K2-1024x675.jpg\" class=\"attachment-large size-large wp-post-image\" alt=\"\" style=\"width:100%;height:65.92%;max-width:1200px;\" srcset=\"https:\/\/prawdajestciekawa.pl\/wp-content\/uploads\/2026\/08\/K2-1024x675.jpg 1024w, https:\/\/prawdajestciekawa.pl\/wp-content\/uploads\/2026\/08\/K2-300x198.jpg 300w, https:\/\/prawdajestciekawa.pl\/wp-content\/uploads\/2026\/08\/K2-768x506.jpg 768w, https:\/\/prawdajestciekawa.pl\/wp-content\/uploads\/2026\/08\/K2-450x297.jpg 450w, https:\/\/prawdajestciekawa.pl\/wp-content\/uploads\/2026\/08\/K2-600x396.jpg 600w, https:\/\/prawdajestciekawa.pl\/wp-content\/uploads\/2026\/08\/K2.jpg 1200w\" sizes=\"auto, (max-width: 750px) 100vw, 750px\" \/><\/div><a class=\"wp-block-latest-posts__post-title\" href=\"https:\/\/prawdajestciekawa.pl\/?p=7368\">Zofia Kossak-Szczucka Po\u017coga \u2013 reporta\u017c z piek\u0142a<\/a><div class=\"wp-block-latest-posts__post-author\">przez Krystyna Jagoszewska<\/div><div class=\"wp-block-latest-posts__post-excerpt\">Szczeg\u00f3\u0142y historii ludob\u00f3jstwa na Wo\u0142yniu w czasie II wojny \u015bwiatowej wywo\u0142uj\u0105 b\u00f3l i przera\u017cenie. Trudno uwierzy\u0107, \u017ce w duszy cz\u0142owieka mog\u0105 si\u0119 kry\u0107 tak mroczne&hellip; <a class=\"more-link\" href=\"https:\/\/prawdajestciekawa.pl\/?p=7368\">Czytaj dalej <span class=\"screen-reader-text\">Zofia Kossak-Szczucka Po\u017coga \u2013 reporta\u017c z piek\u0142a<\/span><\/a><\/div><\/li>\n<li><div class=\"wp-block-latest-posts__featured-image aligncenter\"><img loading=\"lazy\" decoding=\"async\" width=\"750\" height=\"470\" src=\"https:\/\/prawdajestciekawa.pl\/wp-content\/uploads\/2026\/08\/P4-1024x642.jpg\" class=\"attachment-large size-large wp-post-image\" alt=\"\" style=\"width:100%;height:62.67%;max-width:1200px;\" srcset=\"https:\/\/prawdajestciekawa.pl\/wp-content\/uploads\/2026\/08\/P4-1024x642.jpg 1024w, https:\/\/prawdajestciekawa.pl\/wp-content\/uploads\/2026\/08\/P4-300x188.jpg 300w, https:\/\/prawdajestciekawa.pl\/wp-content\/uploads\/2026\/08\/P4-768x481.jpg 768w, https:\/\/prawdajestciekawa.pl\/wp-content\/uploads\/2026\/08\/P4-450x282.jpg 450w, https:\/\/prawdajestciekawa.pl\/wp-content\/uploads\/2026\/08\/P4-600x376.jpg 600w, https:\/\/prawdajestciekawa.pl\/wp-content\/uploads\/2026\/08\/P4.jpg 1200w\" sizes=\"auto, (max-width: 750px) 100vw, 750px\" \/><\/div><a class=\"wp-block-latest-posts__post-title\" href=\"https:\/\/prawdajestciekawa.pl\/?p=7364\">Dwie rocznice, dwa \u015bluby, ale ojczyzna jedna<\/a><div class=\"wp-block-latest-posts__post-author\">przez Piotr Sutowicz<\/div><div class=\"wp-block-latest-posts__post-excerpt\">Rok 1647 by\u0142 to dziwny rok, w kt\u00f3rym rozmaite znaki na niebie i ziemi zwiastowa\u0142y jakowe\u015b kl\u0119ski i nadzwyczajne zdarzenia. Henryk Sienkiewicz \u201eOgniem i Mieczem\u201d&hellip; <a class=\"more-link\" href=\"https:\/\/prawdajestciekawa.pl\/?p=7364\">Czytaj dalej <span class=\"screen-reader-text\">Dwie rocznice, dwa \u015bluby, ale ojczyzna jedna<\/span><\/a><\/div><\/li>\n<li><div class=\"wp-block-latest-posts__featured-image aligncenter\"><img loading=\"lazy\" decoding=\"async\" width=\"750\" height=\"494\" src=\"https:\/\/prawdajestciekawa.pl\/wp-content\/uploads\/2026\/08\/M1-1024x675.jpg\" class=\"attachment-large size-large wp-post-image\" alt=\"\" style=\"width:100%;height:65.92%;max-width:1200px;\" srcset=\"https:\/\/prawdajestciekawa.pl\/wp-content\/uploads\/2026\/08\/M1-1024x675.jpg 1024w, https:\/\/prawdajestciekawa.pl\/wp-content\/uploads\/2026\/08\/M1-300x198.jpg 300w, https:\/\/prawdajestciekawa.pl\/wp-content\/uploads\/2026\/08\/M1-768x506.jpg 768w, https:\/\/prawdajestciekawa.pl\/wp-content\/uploads\/2026\/08\/M1-450x297.jpg 450w, https:\/\/prawdajestciekawa.pl\/wp-content\/uploads\/2026\/08\/M1-600x396.jpg 600w, https:\/\/prawdajestciekawa.pl\/wp-content\/uploads\/2026\/08\/M1.jpg 1200w\" sizes=\"auto, (max-width: 750px) 100vw, 750px\" \/><\/div><a class=\"wp-block-latest-posts__post-title\" href=\"https:\/\/prawdajestciekawa.pl\/?p=7360\">Pi\u0119\u0107 zasad z \u201eMagnifica humanitas\u201d (cz. 1)<\/a><div class=\"wp-block-latest-posts__post-author\">przez Marek Oktaba<\/div><div class=\"wp-block-latest-posts__post-excerpt\">W swej encyklice \u201eMagnifica humanitas\u201d, wydanej w maju 2026, papie\u017c Leon XIV zestawia pi\u0119\u0107 g\u0142\u00f3wnych zasad katolickiej nauki spo\u0142ecznej. To s\u0105, rzecz jasna, zasady rozwijane&hellip; <a class=\"more-link\" href=\"https:\/\/prawdajestciekawa.pl\/?p=7360\">Czytaj dalej <span class=\"screen-reader-text\">Pi\u0119\u0107 zasad z \u201eMagnifica humanitas\u201d (cz. 1)<\/span><\/a><\/div><\/li>\n<li><div class=\"wp-block-latest-posts__featured-image aligncenter\"><img loading=\"lazy\" decoding=\"async\" width=\"750\" height=\"536\" src=\"https:\/\/prawdajestciekawa.pl\/wp-content\/uploads\/2026\/08\/K4-1024x732.jpg\" class=\"attachment-large size-large wp-post-image\" alt=\"\" style=\"width:100%;height:71.5%;max-width:1200px;\" srcset=\"https:\/\/prawdajestciekawa.pl\/wp-content\/uploads\/2026\/08\/K4-1024x732.jpg 1024w, https:\/\/prawdajestciekawa.pl\/wp-content\/uploads\/2026\/08\/K4-300x215.jpg 300w, https:\/\/prawdajestciekawa.pl\/wp-content\/uploads\/2026\/08\/K4-768x549.jpg 768w, https:\/\/prawdajestciekawa.pl\/wp-content\/uploads\/2026\/08\/K4-450x322.jpg 450w, https:\/\/prawdajestciekawa.pl\/wp-content\/uploads\/2026\/08\/K4-600x429.jpg 600w, https:\/\/prawdajestciekawa.pl\/wp-content\/uploads\/2026\/08\/K4.jpg 1200w\" sizes=\"auto, (max-width: 750px) 100vw, 750px\" \/><\/div><a class=\"wp-block-latest-posts__post-title\" href=\"https:\/\/prawdajestciekawa.pl\/?p=7357\">Dzieci Warszawy<\/a><div class=\"wp-block-latest-posts__post-author\">przez Redakcja PJC<\/div><div class=\"wp-block-latest-posts__post-excerpt\">Lat mieli dwadzie\u015bcia, osiemna\u015bcie, dziesi\u0119\u0107\u017bycie jak p\u0105k r\u00f3\u017cy rozkwita\u0142o powoliDziewczyny pi\u0119kne, \u015bmig\u0142e niczym sosnyCh\u0142opcy pi\u0119kni, dumni, silni jak ze stali&#8230; R\u00f3wie\u015bnicy Ojczyzny, co wsta\u0142a z&hellip; <a class=\"more-link\" href=\"https:\/\/prawdajestciekawa.pl\/?p=7357\">Czytaj dalej <span class=\"screen-reader-text\">Dzieci Warszawy<\/span><\/a><\/div><\/li>\n<li><div class=\"wp-block-latest-posts__featured-image aligncenter\"><img loading=\"lazy\" decoding=\"async\" width=\"724\" height=\"1024\" src=\"https:\/\/prawdajestciekawa.pl\/wp-content\/uploads\/2026\/08\/PJC092-s01-724x1024.jpg\" class=\"attachment-large size-large wp-post-image\" alt=\"\" style=\"width:100%;height:141.44%;max-width:794px;\" srcset=\"https:\/\/prawdajestciekawa.pl\/wp-content\/uploads\/2026\/08\/PJC092-s01-724x1024.jpg 724w, https:\/\/prawdajestciekawa.pl\/wp-content\/uploads\/2026\/08\/PJC092-s01-212x300.jpg 212w, https:\/\/prawdajestciekawa.pl\/wp-content\/uploads\/2026\/08\/PJC092-s01-768x1086.jpg 768w, https:\/\/prawdajestciekawa.pl\/wp-content\/uploads\/2026\/08\/PJC092-s01-450x636.jpg 450w, https:\/\/prawdajestciekawa.pl\/wp-content\/uploads\/2026\/08\/PJC092-s01-600x849.jpg 600w, https:\/\/prawdajestciekawa.pl\/wp-content\/uploads\/2026\/08\/PJC092-s01.jpg 794w\" sizes=\"auto, (max-width: 724px) 100vw, 724px\" \/><\/div><a class=\"wp-block-latest-posts__post-title\" href=\"https:\/\/prawdajestciekawa.pl\/?p=7347\">Prawda jest ciekawa nr 92 (378)<\/a><div class=\"wp-block-latest-posts__post-author\">przez Artur Waszkielewicz<\/div><div class=\"wp-block-latest-posts__post-excerpt\"><\/div><\/li>\n<li><div class=\"wp-block-latest-posts__featured-image aligncenter\"><img loading=\"lazy\" decoding=\"async\" width=\"750\" height=\"350\" src=\"https:\/\/prawdajestciekawa.pl\/wp-content\/uploads\/2026\/08\/PMM_29.07.jpg\" class=\"attachment-large size-large wp-post-image\" alt=\"\" style=\"width:100%;height:46.67%;max-width:900px;\" srcset=\"https:\/\/prawdajestciekawa.pl\/wp-content\/uploads\/2026\/08\/PMM_29.07.jpg 900w, https:\/\/prawdajestciekawa.pl\/wp-content\/uploads\/2026\/08\/PMM_29.07-300x140.jpg 300w, https:\/\/prawdajestciekawa.pl\/wp-content\/uploads\/2026\/08\/PMM_29.07-768x358.jpg 768w, https:\/\/prawdajestciekawa.pl\/wp-content\/uploads\/2026\/08\/PMM_29.07-450x210.jpg 450w, https:\/\/prawdajestciekawa.pl\/wp-content\/uploads\/2026\/08\/PMM_29.07-600x280.jpg 600w\" sizes=\"auto, (max-width: 750px) 100vw, 750px\" \/><\/div><a class=\"wp-block-latest-posts__post-title\" href=\"https:\/\/prawdajestciekawa.pl\/?p=7344\">Morawiecki po decyzji Kaczy\u0144skiego: chcieli\u015bmy jedno\u015bci \u2013 do samego ko\u0144ca<\/a><div class=\"wp-block-latest-posts__post-author\">przez Mateusz Morawiecki<\/div><div class=\"wp-block-latest-posts__post-excerpt\">24.07.2026 w Sejmie Szanowni Pa\u0144stwo! Do ostatniej chwili walczyli\u015bmy o jedno\u015b\u0107 obozu Prawa i Sprawiedliwo\u015bci. Jeszcze dzisiaj rano wys\u0142a\u0142em list z nowymi propozycjami do pana&hellip; <a class=\"more-link\" href=\"https:\/\/prawdajestciekawa.pl\/?p=7344\">Czytaj dalej <span class=\"screen-reader-text\">Morawiecki po decyzji Kaczy\u0144skiego: chcieli\u015bmy jedno\u015bci \u2013 do samego ko\u0144ca<\/span><\/a><\/div><\/li>\n<li><div class=\"wp-block-latest-posts__featured-image aligncenter\"><img loading=\"lazy\" decoding=\"async\" width=\"300\" height=\"394\" src=\"https:\/\/prawdajestciekawa.pl\/wp-content\/uploads\/2026\/08\/Prezydent_0.jpg\" class=\"attachment-large size-large wp-post-image\" alt=\"\" style=\"width:100%;height:131.33%;max-width:300px;\" srcset=\"https:\/\/prawdajestciekawa.pl\/wp-content\/uploads\/2026\/08\/Prezydent_0.jpg 300w, https:\/\/prawdajestciekawa.pl\/wp-content\/uploads\/2026\/08\/Prezydent_0-228x300.jpg 228w\" sizes=\"auto, (max-width: 300px) 100vw, 300px\" \/><\/div><a class=\"wp-block-latest-posts__post-title\" href=\"https:\/\/prawdajestciekawa.pl\/?p=7341\">Spojrze\u0107 na \u015bwiat oczami m\u0142odych<\/a><div class=\"wp-block-latest-posts__post-author\">przez Redakcja PJC<\/div><div class=\"wp-block-latest-posts__post-excerpt\">Prezydent Karol Nawrocki zaprasza m\u0142odzie\u017c do Juraty W Rezydencji Prezydenta RP w Juracie w dniach 29-30 sierpnia 2026 roku odb\u0119dzie si\u0119 wyj\u0105tkowe spotkanie z m\u0142odzie\u017c\u0105.&hellip; <a class=\"more-link\" href=\"https:\/\/prawdajestciekawa.pl\/?p=7341\">Czytaj dalej <span class=\"screen-reader-text\">Spojrze\u0107 na \u015bwiat oczami m\u0142odych<\/span><\/a><\/div><\/li>\n<li><div class=\"wp-block-latest-posts__featured-image aligncenter\"><img loading=\"lazy\" decoding=\"async\" width=\"750\" height=\"352\" src=\"https:\/\/prawdajestciekawa.pl\/wp-content\/uploads\/2026\/08\/PMM_w-kanale-Zero_2-1024x481.jpg\" class=\"attachment-large size-large wp-post-image\" alt=\"\" style=\"width:100%;height:47%;max-width:1200px;\" srcset=\"https:\/\/prawdajestciekawa.pl\/wp-content\/uploads\/2026\/08\/PMM_w-kanale-Zero_2-1024x481.jpg 1024w, https:\/\/prawdajestciekawa.pl\/wp-content\/uploads\/2026\/08\/PMM_w-kanale-Zero_2-300x141.jpg 300w, https:\/\/prawdajestciekawa.pl\/wp-content\/uploads\/2026\/08\/PMM_w-kanale-Zero_2-768x361.jpg 768w, https:\/\/prawdajestciekawa.pl\/wp-content\/uploads\/2026\/08\/PMM_w-kanale-Zero_2-450x212.jpg 450w, https:\/\/prawdajestciekawa.pl\/wp-content\/uploads\/2026\/08\/PMM_w-kanale-Zero_2-600x282.jpg 600w, https:\/\/prawdajestciekawa.pl\/wp-content\/uploads\/2026\/08\/PMM_w-kanale-Zero_2.jpg 1200w\" sizes=\"auto, (max-width: 750px) 100vw, 750px\" \/><\/div><a class=\"wp-block-latest-posts__post-title\" href=\"https:\/\/prawdajestciekawa.pl\/?p=7336\">Mateusz Morawiecki w rozmowie z Jackiem Prusinowskim<\/a><div class=\"wp-block-latest-posts__post-author\">przez Redakcja PJC<\/div><div class=\"wp-block-latest-posts__post-excerpt\">KANA\u0141 ZERO 27.07.2026 Dobry wiecz\u00f3r, Panie Premierze. By\u0142y premier, wiceprezes Prawa i Sprawiedliwo\u015bci i \u2013 co mo\u017ce dzisiaj wa\u017cniejsze \u2013 prezes Stowarzyszenia Rozw\u00f3j Plus. Czy&hellip; <a class=\"more-link\" href=\"https:\/\/prawdajestciekawa.pl\/?p=7336\">Czytaj dalej <span class=\"screen-reader-text\">Mateusz Morawiecki w rozmowie z Jackiem Prusinowskim<\/span><\/a><\/div><\/li>\n<li><div class=\"wp-block-latest-posts__featured-image aligncenter\"><img loading=\"lazy\" decoding=\"async\" width=\"600\" height=\"330\" src=\"https:\/\/prawdajestciekawa.pl\/wp-content\/uploads\/2026\/08\/M.Drozdek_Jaroslaw-Kaczynski-tworca-i-lider-PC_fot.jpg\" class=\"attachment-large size-large wp-post-image\" alt=\"\" style=\"width:100%;height:55%;max-width:600px;\" srcset=\"https:\/\/prawdajestciekawa.pl\/wp-content\/uploads\/2026\/08\/M.Drozdek_Jaroslaw-Kaczynski-tworca-i-lider-PC_fot.jpg 600w, https:\/\/prawdajestciekawa.pl\/wp-content\/uploads\/2026\/08\/M.Drozdek_Jaroslaw-Kaczynski-tworca-i-lider-PC_fot-300x165.jpg 300w, https:\/\/prawdajestciekawa.pl\/wp-content\/uploads\/2026\/08\/M.Drozdek_Jaroslaw-Kaczynski-tworca-i-lider-PC_fot-450x248.jpg 450w\" sizes=\"auto, (max-width: 600px) 100vw, 600px\" \/><\/div><a class=\"wp-block-latest-posts__post-title\" href=\"https:\/\/prawdajestciekawa.pl\/?p=7330\">Prorok jaki czy co?<\/a><div class=\"wp-block-latest-posts__post-author\">przez Micha\u0142 Drozdek<\/div><div class=\"wp-block-latest-posts__post-excerpt\">Ponad \u0107wier\u0107 wieku temu jeden z naszych autor\u00f3w, kieruj\u0105cy Instytutem Chrze\u015bcija\u0144sko-Demokratycznym, przygotowa\u0142 opracowanie na u\u017cytek wewn\u0119trzny. Poniewa\u017c b\u0142\u0119dy przesz\u0142o\u015bci wracaj\u0105 co pewien czas, niekiedy ze&hellip; <a class=\"more-link\" href=\"https:\/\/prawdajestciekawa.pl\/?p=7330\">Czytaj dalej <span class=\"screen-reader-text\">Prorok jaki czy co?<\/span><\/a><\/div><\/li>\n<li><div class=\"wp-block-latest-posts__featured-image aligncenter\"><img loading=\"lazy\" decoding=\"async\" width=\"600\" height=\"901\" src=\"https:\/\/prawdajestciekawa.pl\/wp-content\/uploads\/2026\/08\/WhatsApp-Image-2026-07-29-at-01.14.jpg\" class=\"attachment-large size-large wp-post-image\" alt=\"\" style=\"width:100%;height:150.17%;max-width:600px;\" srcset=\"https:\/\/prawdajestciekawa.pl\/wp-content\/uploads\/2026\/08\/WhatsApp-Image-2026-07-29-at-01.14.jpg 600w, https:\/\/prawdajestciekawa.pl\/wp-content\/uploads\/2026\/08\/WhatsApp-Image-2026-07-29-at-01.14-200x300.jpg 200w, https:\/\/prawdajestciekawa.pl\/wp-content\/uploads\/2026\/08\/WhatsApp-Image-2026-07-29-at-01.14-450x676.jpg 450w\" sizes=\"auto, (max-width: 600px) 100vw, 600px\" \/><\/div><a class=\"wp-block-latest-posts__post-title\" href=\"https:\/\/prawdajestciekawa.pl\/?p=7324\">Major Wanda Kia\u0142ka (1922-2026)<\/a><div class=\"wp-block-latest-posts__post-author\">przez dr Stanis\u0142aw A. Bogaczewicz<\/div><div class=\"wp-block-latest-posts__post-excerpt\">\u017bycie w s\u0142u\u017cbie Ojczyzny i zachowania pami\u0119ci. Historia Polski XX wieku zapisana jest nie tylko w zachowanych archiwaliach, lecz przede wszystkim w biografiach ludzi, kt\u00f3rzy&hellip; <a class=\"more-link\" href=\"https:\/\/prawdajestciekawa.pl\/?p=7324\">Czytaj dalej <span class=\"screen-reader-text\">Major Wanda Kia\u0142ka (1922-2026)<\/span><\/a><\/div><\/li>\n<li><div class=\"wp-block-latest-posts__featured-image aligncenter\"><img loading=\"lazy\" decoding=\"async\" width=\"750\" height=\"563\" src=\"https:\/\/prawdajestciekawa.pl\/wp-content\/uploads\/2026\/08\/WhatsApp-Image-2026-07-30-at-19.35.06-4-1024x768.jpeg\" class=\"attachment-large size-large wp-post-image\" alt=\"\" style=\"width:100%;height:75%;max-width:1600px;\" srcset=\"https:\/\/prawdajestciekawa.pl\/wp-content\/uploads\/2026\/08\/WhatsApp-Image-2026-07-30-at-19.35.06-4-1024x768.jpeg 1024w, https:\/\/prawdajestciekawa.pl\/wp-content\/uploads\/2026\/08\/WhatsApp-Image-2026-07-30-at-19.35.06-4-300x225.jpeg 300w, https:\/\/prawdajestciekawa.pl\/wp-content\/uploads\/2026\/08\/WhatsApp-Image-2026-07-30-at-19.35.06-4-768x576.jpeg 768w, https:\/\/prawdajestciekawa.pl\/wp-content\/uploads\/2026\/08\/WhatsApp-Image-2026-07-30-at-19.35.06-4-1536x1152.jpeg 1536w, https:\/\/prawdajestciekawa.pl\/wp-content\/uploads\/2026\/08\/WhatsApp-Image-2026-07-30-at-19.35.06-4-1568x1176.jpeg 1568w, https:\/\/prawdajestciekawa.pl\/wp-content\/uploads\/2026\/08\/WhatsApp-Image-2026-07-30-at-19.35.06-4-450x338.jpeg 450w, https:\/\/prawdajestciekawa.pl\/wp-content\/uploads\/2026\/08\/WhatsApp-Image-2026-07-30-at-19.35.06-4-600x450.jpeg 600w, https:\/\/prawdajestciekawa.pl\/wp-content\/uploads\/2026\/08\/WhatsApp-Image-2026-07-30-at-19.35.06-4.jpeg 1600w\" sizes=\"auto, (max-width: 750px) 100vw, 750px\" \/><\/div><a class=\"wp-block-latest-posts__post-title\" href=\"https:\/\/prawdajestciekawa.pl\/?p=7313\">Ob\u00f3z Tusv\u00e1nyos<\/a><div class=\"wp-block-latest-posts__post-author\">przez Marta Morawiecka<\/div><div class=\"wp-block-latest-posts__post-excerpt\">Kotlina Karpacka 21-26 lipca 2026 Piel\u0119gnowanie i rozwijanie dziedzictwa w\u0119gierskiego tak\u017ce poza granicami pa\u0144stwa, wsz\u0119dzie tam, gdzie \u017cyj\u0105 W\u0119grzy oraz dialog z innymi narodami. Taka&hellip; <a class=\"more-link\" href=\"https:\/\/prawdajestciekawa.pl\/?p=7313\">Czytaj dalej <span class=\"screen-reader-text\">Ob\u00f3z Tusv\u00e1nyos<\/span><\/a><\/div><\/li>\n<li><div class=\"wp-block-latest-posts__featured-image aligncenter\"><img loading=\"lazy\" decoding=\"async\" width=\"600\" height=\"923\" src=\"https:\/\/prawdajestciekawa.pl\/wp-content\/uploads\/2026\/08\/WhatsApp-Image-2026-07-30-at-01.39-1.jpg\" class=\"attachment-large size-large wp-post-image\" alt=\"\" style=\"width:100%;height:153.83%;max-width:600px;\" srcset=\"https:\/\/prawdajestciekawa.pl\/wp-content\/uploads\/2026\/08\/WhatsApp-Image-2026-07-30-at-01.39-1.jpg 600w, https:\/\/prawdajestciekawa.pl\/wp-content\/uploads\/2026\/08\/WhatsApp-Image-2026-07-30-at-01.39-1-195x300.jpg 195w, https:\/\/prawdajestciekawa.pl\/wp-content\/uploads\/2026\/08\/WhatsApp-Image-2026-07-30-at-01.39-1-450x692.jpg 450w\" sizes=\"auto, (max-width: 600px) 100vw, 600px\" \/><\/div><a class=\"wp-block-latest-posts__post-title\" href=\"https:\/\/prawdajestciekawa.pl\/?p=7309\">Kotlina Karpacka<\/a><div class=\"wp-block-latest-posts__post-author\">przez Marta Morawiecka<\/div><div class=\"wp-block-latest-posts__post-excerpt\">Zsolt N\u00e9meth, w\u0119gierski polityk i ekonomista, w 1988 wsp\u00f3\u0142za\u0142o\u017cyciel Fideszu i jego wiceprezes, d\u0142ugoletni pose\u0142, w latach 1998-2002 i 2010-2014 wiceminister spraw zagranicznych, obecnie wiceprzewodnicz\u0105cy&hellip; <a class=\"more-link\" href=\"https:\/\/prawdajestciekawa.pl\/?p=7309\">Czytaj dalej <span class=\"screen-reader-text\">Kotlina Karpacka<\/span><\/a><\/div><\/li>\n<li><a class=\"wp-block-latest-posts__post-title\" href=\"https:\/\/prawdajestciekawa.pl\/?p=7307\">Wesele na \u015al\u0105sku (Cieszy\u0144skim)<\/a><div class=\"wp-block-latest-posts__post-author\">przez Ryszard Czarnecki<\/div><div class=\"wp-block-latest-posts__post-excerpt\">Napisy s\u0105 tu dwuj\u0119zyczne \u2013 po czesku i po polsku. Nie dziwota: na tak zwanym Zaolziu Polacy stanowili wi\u0119kszo\u015b\u0107, a terytorium to trafi\u0142o do \u00f3wczesnej&hellip; <a class=\"more-link\" href=\"https:\/\/prawdajestciekawa.pl\/?p=7307\">Czytaj dalej <span class=\"screen-reader-text\">Wesele na \u015al\u0105sku (Cieszy\u0144skim)<\/span><\/a><\/div><\/li>\n<li><div class=\"wp-block-latest-posts__featured-image aligncenter\"><img loading=\"lazy\" decoding=\"async\" width=\"600\" height=\"807\" src=\"https:\/\/prawdajestciekawa.pl\/wp-content\/uploads\/2026\/08\/P-5.jpg\" class=\"attachment-large size-large wp-post-image\" alt=\"\" style=\"width:100%;height:134.5%;max-width:600px;\" srcset=\"https:\/\/prawdajestciekawa.pl\/wp-content\/uploads\/2026\/08\/P-5.jpg 600w, https:\/\/prawdajestciekawa.pl\/wp-content\/uploads\/2026\/08\/P-5-223x300.jpg 223w, https:\/\/prawdajestciekawa.pl\/wp-content\/uploads\/2026\/08\/P-5-450x605.jpg 450w\" sizes=\"auto, (max-width: 600px) 100vw, 600px\" \/><\/div><a class=\"wp-block-latest-posts__post-title\" href=\"https:\/\/prawdajestciekawa.pl\/?p=7303\">Krytyka statusu osoby najbli\u017cszej w zwi\u0105zku i umowy o wsp\u00f3lnym po\u017cyciu<\/a><div class=\"wp-block-latest-posts__post-author\">przez Piotr Gaglik<\/div><div class=\"wp-block-latest-posts__post-excerpt\">Na wst\u0119pie zach\u0119cam do \u015bledzenia opinii znanej perkusistki zespo\u0142u rockowego pochodzenia rumu\u0144sko-ameryka\u0144skiego, Abigail Cristea. Podzielam jej zdanie, \u017ce \u2013 \u201eDobro wsp\u00f3lne zaczyna si\u0119, gdy cia\u0142a&hellip; <a class=\"more-link\" href=\"https:\/\/prawdajestciekawa.pl\/?p=7303\">Czytaj dalej <span class=\"screen-reader-text\">Krytyka statusu osoby najbli\u017cszej w zwi\u0105zku i umowy o wsp\u00f3lnym po\u017cyciu<\/span><\/a><\/div><\/li>\n<li><div class=\"wp-block-latest-posts__featured-image aligncenter\"><img loading=\"lazy\" decoding=\"async\" width=\"750\" height=\"440\" src=\"https:\/\/prawdajestciekawa.pl\/wp-content\/uploads\/2026\/08\/J-1024x601.jpg\" class=\"attachment-large size-large wp-post-image\" alt=\"\" style=\"width:100%;height:58.67%;max-width:1200px;\" srcset=\"https:\/\/prawdajestciekawa.pl\/wp-content\/uploads\/2026\/08\/J-1024x601.jpg 1024w, https:\/\/prawdajestciekawa.pl\/wp-content\/uploads\/2026\/08\/J-300x176.jpg 300w, https:\/\/prawdajestciekawa.pl\/wp-content\/uploads\/2026\/08\/J-768x451.jpg 768w, https:\/\/prawdajestciekawa.pl\/wp-content\/uploads\/2026\/08\/J-450x264.jpg 450w, https:\/\/prawdajestciekawa.pl\/wp-content\/uploads\/2026\/08\/J-600x352.jpg 600w, https:\/\/prawdajestciekawa.pl\/wp-content\/uploads\/2026\/08\/J.jpg 1200w\" sizes=\"auto, (max-width: 750px) 100vw, 750px\" \/><\/div><a class=\"wp-block-latest-posts__post-title\" href=\"https:\/\/prawdajestciekawa.pl\/?p=7300\">Polonizacja gospodarki?<\/a><div class=\"wp-block-latest-posts__post-author\">przez Jerzy Pawlas<\/div><div class=\"wp-block-latest-posts__post-excerpt\">Administracja 13 grudnia, kt\u00f3ra reklamuje si\u0119 swoim rozumieniem prawa, ma r\u00f3wnie\u017c swoje rozumienie gospodarki. Je\u017celi premier chwali si\u0119 oddaniem do u\u017cytku \u2013 po dw\u00f3ch latach&hellip; <a class=\"more-link\" href=\"https:\/\/prawdajestciekawa.pl\/?p=7300\">Czytaj dalej <span class=\"screen-reader-text\">Polonizacja gospodarki?<\/span><\/a><\/div><\/li>\n<li><div class=\"wp-block-latest-posts__featured-image aligncenter\"><img loading=\"lazy\" decoding=\"async\" width=\"600\" height=\"594\" src=\"https:\/\/prawdajestciekawa.pl\/wp-content\/uploads\/2026\/08\/A-2.jpg\" class=\"attachment-large size-large wp-post-image\" alt=\"\" style=\"width:100%;height:99%;max-width:600px;\" srcset=\"https:\/\/prawdajestciekawa.pl\/wp-content\/uploads\/2026\/08\/A-2.jpg 600w, https:\/\/prawdajestciekawa.pl\/wp-content\/uploads\/2026\/08\/A-2-300x297.jpg 300w, https:\/\/prawdajestciekawa.pl\/wp-content\/uploads\/2026\/08\/A-2-150x150.jpg 150w, https:\/\/prawdajestciekawa.pl\/wp-content\/uploads\/2026\/08\/A-2-450x446.jpg 450w, https:\/\/prawdajestciekawa.pl\/wp-content\/uploads\/2026\/08\/A-2-100x100.jpg 100w\" sizes=\"auto, (max-width: 600px) 100vw, 600px\" \/><\/div><a class=\"wp-block-latest-posts__post-title\" href=\"https:\/\/prawdajestciekawa.pl\/?p=7295\">Co z ciebie wyro\u015bnie?<\/a><div class=\"wp-block-latest-posts__post-author\">przez Andrzej Manasterski<\/div><div class=\"wp-block-latest-posts__post-excerpt\">W po\u0142owie lat 30. ubieg\u0142ego wieku prasa w Polsce rozpisywa\u0142a si\u0119 o skandalu, kt\u00f3ry dotyczy\u0142 nastoletnich panicz\u00f3w pochodz\u0105cych z pewnego znamienitego kresowego rodu. M\u0142odzie\u0144cy zabawiali&hellip; <a class=\"more-link\" href=\"https:\/\/prawdajestciekawa.pl\/?p=7295\">Czytaj dalej <span class=\"screen-reader-text\">Co z ciebie wyro\u015bnie?<\/span><\/a><\/div><\/li>\n<li><div class=\"wp-block-latest-posts__featured-image aligncenter\"><img loading=\"lazy\" decoding=\"async\" width=\"750\" height=\"419\" src=\"https:\/\/prawdajestciekawa.pl\/wp-content\/uploads\/2026\/08\/W-1024x572.jpg\" class=\"attachment-large size-large wp-post-image\" alt=\"\" style=\"width:100%;height:55.83%;max-width:1200px;\" srcset=\"https:\/\/prawdajestciekawa.pl\/wp-content\/uploads\/2026\/08\/W-1024x572.jpg 1024w, https:\/\/prawdajestciekawa.pl\/wp-content\/uploads\/2026\/08\/W-300x168.jpg 300w, https:\/\/prawdajestciekawa.pl\/wp-content\/uploads\/2026\/08\/W-768x429.jpg 768w, https:\/\/prawdajestciekawa.pl\/wp-content\/uploads\/2026\/08\/W-450x251.jpg 450w, https:\/\/prawdajestciekawa.pl\/wp-content\/uploads\/2026\/08\/W-600x335.jpg 600w, https:\/\/prawdajestciekawa.pl\/wp-content\/uploads\/2026\/08\/W.jpg 1200w\" sizes=\"auto, (max-width: 750px) 100vw, 750px\" \/><\/div><a class=\"wp-block-latest-posts__post-title\" href=\"https:\/\/prawdajestciekawa.pl\/?p=7292\">Powstanie trwa<\/a><div class=\"wp-block-latest-posts__post-author\">przez Wojciech Rohatyn Popkiewicz<\/div><div class=\"wp-block-latest-posts__post-excerpt\">Powstanie trwaTrwa tak codziennieCho\u0107 dzisiaj nam nie grozi \u015bmier\u0107Wolno\u015b\u0107 t\u0105 sam\u0105 ma cen\u0119Nigdy nie poddaj si\u0119 Gdy b\u00f3l, gdy \u017calLos si\u0119 odmieniMuzyka ta rozpala krewJak&hellip; <a class=\"more-link\" href=\"https:\/\/prawdajestciekawa.pl\/?p=7292\">Czytaj dalej <span class=\"screen-reader-text\">Powstanie trwa<\/span><\/a><\/div><\/li>\n<li><div class=\"wp-block-latest-posts__featured-image aligncenter\"><img loading=\"lazy\" decoding=\"async\" width=\"750\" height=\"882\" src=\"https:\/\/prawdajestciekawa.pl\/wp-content\/uploads\/2026\/08\/M-1-871x1024.jpg\" class=\"attachment-large size-large wp-post-image\" alt=\"\" style=\"width:100%;height:117.56%;max-width:900px;\" srcset=\"https:\/\/prawdajestciekawa.pl\/wp-content\/uploads\/2026\/08\/M-1-871x1024.jpg 871w, https:\/\/prawdajestciekawa.pl\/wp-content\/uploads\/2026\/08\/M-1-255x300.jpg 255w, https:\/\/prawdajestciekawa.pl\/wp-content\/uploads\/2026\/08\/M-1-768x903.jpg 768w, https:\/\/prawdajestciekawa.pl\/wp-content\/uploads\/2026\/08\/M-1-450x529.jpg 450w, https:\/\/prawdajestciekawa.pl\/wp-content\/uploads\/2026\/08\/M-1-600x705.jpg 600w, https:\/\/prawdajestciekawa.pl\/wp-content\/uploads\/2026\/08\/M-1.jpg 900w\" sizes=\"auto, (max-width: 750px) 100vw, 750px\" \/><\/div><a class=\"wp-block-latest-posts__post-title\" href=\"https:\/\/prawdajestciekawa.pl\/?p=7289\">Ameryka mo\u017ce nadal by\u0107 wielka<\/a><div class=\"wp-block-latest-posts__post-author\">przez Marek Bober<\/div><div class=\"wp-block-latest-posts__post-excerpt\">Poj\u0119cia \u201eAmerican dream\u201d (ameryka\u0144ski sen) i sukces s\u0105 kojarzone jednoznacznie: znakomita kariera zawodowa, g\u0142\u00f3wnie w biznesie, i pieni\u0105dze. W Ameryce uda\u0142o si\u0119 to milionom ludzi,&hellip; <a class=\"more-link\" href=\"https:\/\/prawdajestciekawa.pl\/?p=7289\">Czytaj dalej <span class=\"screen-reader-text\">Ameryka mo\u017ce nadal by\u0107 wielka<\/span><\/a><\/div><\/li>\n<li><div class=\"wp-block-latest-posts__featured-image aligncenter\"><img loading=\"lazy\" decoding=\"async\" width=\"300\" height=\"488\" src=\"https:\/\/prawdajestciekawa.pl\/wp-content\/uploads\/2026\/08\/S.jpg\" class=\"attachment-large size-large wp-post-image\" alt=\"\" style=\"width:100%;height:162.67%;max-width:300px;\" srcset=\"https:\/\/prawdajestciekawa.pl\/wp-content\/uploads\/2026\/08\/S.jpg 300w, https:\/\/prawdajestciekawa.pl\/wp-content\/uploads\/2026\/08\/S-184x300.jpg 184w\" sizes=\"auto, (max-width: 300px) 100vw, 300px\" \/><\/div><a class=\"wp-block-latest-posts__post-title\" href=\"https:\/\/prawdajestciekawa.pl\/?p=7286\">Niby nic, a jednak<\/a><div class=\"wp-block-latest-posts__post-author\">przez Stanis\u0142aw Srokowski<\/div><div class=\"wp-block-latest-posts__post-excerpt\">Widzisz, Drogi Czytelniku, obok zwyk\u0142y paragon ze sklepu spo\u017cywczego w Szczecinie. Przys\u0142a\u0142a mi go znajoma. Niby nic, prawda? Zwyk\u0142y paragon. A jednak co\u015b! Co\u015b niezwyk\u0142ego.&hellip; <a class=\"more-link\" href=\"https:\/\/prawdajestciekawa.pl\/?p=7286\">Czytaj dalej <span class=\"screen-reader-text\">Niby nic, a jednak<\/span><\/a><\/div><\/li>\n<li><div class=\"wp-block-latest-posts__featured-image aligncenter\"><img loading=\"lazy\" decoding=\"async\" width=\"600\" height=\"449\" src=\"https:\/\/prawdajestciekawa.pl\/wp-content\/uploads\/2026\/08\/P-3.jpg\" class=\"attachment-large size-large wp-post-image\" alt=\"\" style=\"width:100%;height:74.83%;max-width:600px;\" srcset=\"https:\/\/prawdajestciekawa.pl\/wp-content\/uploads\/2026\/08\/P-3.jpg 600w, https:\/\/prawdajestciekawa.pl\/wp-content\/uploads\/2026\/08\/P-3-300x225.jpg 300w, https:\/\/prawdajestciekawa.pl\/wp-content\/uploads\/2026\/08\/P-3-450x337.jpg 450w\" sizes=\"auto, (max-width: 600px) 100vw, 600px\" \/><\/div><a class=\"wp-block-latest-posts__post-title\" href=\"https:\/\/prawdajestciekawa.pl\/?p=7280\">Tolerancja, kt\u00f3ra nie toleruje<\/a><div class=\"wp-block-latest-posts__post-author\">przez Przemys\u0142aw \u017barski<\/div><div class=\"wp-block-latest-posts__post-excerpt\">Kilka s\u0142\u00f3w o \u201eTolerancji represywnej\u201d marksistowskiej lewicy Gdy pierwszy raz zetkn\u0105\u0142em si\u0119 z poj\u0119ciem \u201etolerancji represywnej\u201d Herberta Marcusego, niemieckiego neomarksisty, mia\u0142em wra\u017cenie, \u017ce kto\u015b pr\u00f3buje&hellip; <a class=\"more-link\" href=\"https:\/\/prawdajestciekawa.pl\/?p=7280\">Czytaj dalej <span class=\"screen-reader-text\">Tolerancja, kt\u00f3ra nie toleruje<\/span><\/a><\/div><\/li>\n<li><div class=\"wp-block-latest-posts__featured-image aligncenter\"><img loading=\"lazy\" decoding=\"async\" width=\"600\" height=\"825\" src=\"https:\/\/prawdajestciekawa.pl\/wp-content\/uploads\/2026\/08\/Z.jpg\" class=\"attachment-large size-large wp-post-image\" alt=\"\" style=\"width:100%;height:137.5%;max-width:600px;\" srcset=\"https:\/\/prawdajestciekawa.pl\/wp-content\/uploads\/2026\/08\/Z.jpg 600w, https:\/\/prawdajestciekawa.pl\/wp-content\/uploads\/2026\/08\/Z-218x300.jpg 218w, https:\/\/prawdajestciekawa.pl\/wp-content\/uploads\/2026\/08\/Z-450x619.jpg 450w\" sizes=\"auto, (max-width: 600px) 100vw, 600px\" \/><\/div><a class=\"wp-block-latest-posts__post-title\" href=\"https:\/\/prawdajestciekawa.pl\/?p=7276\">\u0418\u0441\u043a\u0443\u0441\u0441\u0442\u0432\u043e \u043c\u044f\u0441\u0430<\/a><div class=\"wp-block-latest-posts__post-author\">przez Zbigniew Makarewicz<\/div><div class=\"wp-block-latest-posts__post-excerpt\">[ros. czyt. Iskusstwo miasa, pol. sztuka mi\u0119sa] Zdarzy\u0142o si\u0119 to w lipcu 1956 roku nad New\u0105. Grupa kilkorga polskich student\u00f3w z wroc\u0142awskiej uczelni plastycznej w&hellip; <a class=\"more-link\" href=\"https:\/\/prawdajestciekawa.pl\/?p=7276\">Czytaj dalej <span class=\"screen-reader-text\">\u0418\u0441\u043a\u0443\u0441\u0441\u0442\u0432\u043e \u043c\u044f\u0441\u0430<\/span><\/a><\/div><\/li>\n<li><div class=\"wp-block-latest-posts__featured-image aligncenter\"><img loading=\"lazy\" decoding=\"async\" width=\"576\" height=\"768\" src=\"https:\/\/prawdajestciekawa.pl\/wp-content\/uploads\/2026\/08\/H.Fastnacht_DSCN6533.jpg\" class=\"attachment-large size-large wp-post-image\" alt=\"\" style=\"width:100%;height:133.33%;max-width:576px;\" srcset=\"https:\/\/prawdajestciekawa.pl\/wp-content\/uploads\/2026\/08\/H.Fastnacht_DSCN6533.jpg 576w, https:\/\/prawdajestciekawa.pl\/wp-content\/uploads\/2026\/08\/H.Fastnacht_DSCN6533-225x300.jpg 225w, https:\/\/prawdajestciekawa.pl\/wp-content\/uploads\/2026\/08\/H.Fastnacht_DSCN6533-450x600.jpg 450w\" sizes=\"auto, (max-width: 576px) 100vw, 576px\" \/><\/div><a class=\"wp-block-latest-posts__post-title\" href=\"https:\/\/prawdajestciekawa.pl\/?p=7273\">O m\u00f3j rozmarynie<\/a><div class=\"wp-block-latest-posts__post-author\">przez Anna Fastnacht-Stupnicka<\/div><div class=\"wp-block-latest-posts__post-excerpt\">W zacisznym k\u0105cie ogrodu przycupn\u0119\u0142a rabata zio\u0142owa z ro\u015blinami niezb\u0119dnymi w kuchni jako przyprawy, a zarazem obiecuj\u0105cymi zdrowie, szcz\u0119\u015bcie w mi\u0142o\u015bci, popraw\u0119 samopoczucia. Na przyk\u0142ad&hellip; <a class=\"more-link\" href=\"https:\/\/prawdajestciekawa.pl\/?p=7273\">Czytaj dalej <span class=\"screen-reader-text\">O m\u00f3j rozmarynie<\/span><\/a><\/div><\/li>\n<li><div class=\"wp-block-latest-posts__featured-image aligncenter\"><img loading=\"lazy\" decoding=\"async\" width=\"750\" height=\"500\" src=\"https:\/\/prawdajestciekawa.pl\/wp-content\/uploads\/2026\/08\/R7_3147-1024x683.jpg\" class=\"attachment-large size-large wp-post-image\" alt=\"\" style=\"width:100%;height:66.67%;max-width:1920px;\" srcset=\"https:\/\/prawdajestciekawa.pl\/wp-content\/uploads\/2026\/08\/R7_3147-1024x683.jpg 1024w, https:\/\/prawdajestciekawa.pl\/wp-content\/uploads\/2026\/08\/R7_3147-300x200.jpg 300w, https:\/\/prawdajestciekawa.pl\/wp-content\/uploads\/2026\/08\/R7_3147-768x512.jpg 768w, https:\/\/prawdajestciekawa.pl\/wp-content\/uploads\/2026\/08\/R7_3147-1536x1024.jpg 1536w, https:\/\/prawdajestciekawa.pl\/wp-content\/uploads\/2026\/08\/R7_3147-1568x1045.jpg 1568w, https:\/\/prawdajestciekawa.pl\/wp-content\/uploads\/2026\/08\/R7_3147-450x300.jpg 450w, https:\/\/prawdajestciekawa.pl\/wp-content\/uploads\/2026\/08\/R7_3147-600x400.jpg 600w, https:\/\/prawdajestciekawa.pl\/wp-content\/uploads\/2026\/08\/R7_3147.jpg 1920w\" sizes=\"auto, (max-width: 750px) 100vw, 750px\" \/><\/div><a class=\"wp-block-latest-posts__post-title\" href=\"https:\/\/prawdajestciekawa.pl\/?p=7160\">82. rocznica wybuchu Powstania Warszawskiego<\/a><div class=\"wp-block-latest-posts__post-author\">przez Artur Waszkielewicz<\/div><div class=\"wp-block-latest-posts__post-excerpt\"><\/div><\/li>\n<li><div class=\"wp-block-latest-posts__featured-image aligncenter\"><img loading=\"lazy\" decoding=\"async\" width=\"724\" height=\"1024\" src=\"https:\/\/prawdajestciekawa.pl\/wp-content\/uploads\/2026\/07\/PJC091-bezstylow-724x1024.jpg\" class=\"attachment-large size-large wp-post-image\" alt=\"\" style=\"width:100%;height:141.44%;max-width:794px;\" srcset=\"https:\/\/prawdajestciekawa.pl\/wp-content\/uploads\/2026\/07\/PJC091-bezstylow-724x1024.jpg 724w, https:\/\/prawdajestciekawa.pl\/wp-content\/uploads\/2026\/07\/PJC091-bezstylow-212x300.jpg 212w, https:\/\/prawdajestciekawa.pl\/wp-content\/uploads\/2026\/07\/PJC091-bezstylow-768x1086.jpg 768w, https:\/\/prawdajestciekawa.pl\/wp-content\/uploads\/2026\/07\/PJC091-bezstylow-450x636.jpg 450w, https:\/\/prawdajestciekawa.pl\/wp-content\/uploads\/2026\/07\/PJC091-bezstylow-600x849.jpg 600w, https:\/\/prawdajestciekawa.pl\/wp-content\/uploads\/2026\/07\/PJC091-bezstylow.jpg 794w\" sizes=\"auto, (max-width: 724px) 100vw, 724px\" \/><\/div><a class=\"wp-block-latest-posts__post-title\" href=\"https:\/\/prawdajestciekawa.pl\/?p=7153\">Prawda jest ciekawa nr 91 (377)<\/a><div class=\"wp-block-latest-posts__post-author\">przez Artur Waszkielewicz<\/div><div class=\"wp-block-latest-posts__post-excerpt\"><\/div><\/li>\n<li><div class=\"wp-block-latest-posts__featured-image aligncenter\"><img loading=\"lazy\" decoding=\"async\" width=\"750\" height=\"500\" src=\"https:\/\/prawdajestciekawa.pl\/wp-content\/uploads\/2026\/07\/Prezydent_Wystapienie-Prezydenta-RP-na-konferencji-1024x683.jpg\" class=\"attachment-large size-large wp-post-image\" alt=\"\" style=\"width:100%;height:66.67%;max-width:1200px;\" srcset=\"https:\/\/prawdajestciekawa.pl\/wp-content\/uploads\/2026\/07\/Prezydent_Wystapienie-Prezydenta-RP-na-konferencji-1024x683.jpg 1024w, https:\/\/prawdajestciekawa.pl\/wp-content\/uploads\/2026\/07\/Prezydent_Wystapienie-Prezydenta-RP-na-konferencji-300x200.jpg 300w, https:\/\/prawdajestciekawa.pl\/wp-content\/uploads\/2026\/07\/Prezydent_Wystapienie-Prezydenta-RP-na-konferencji-768x512.jpg 768w, https:\/\/prawdajestciekawa.pl\/wp-content\/uploads\/2026\/07\/Prezydent_Wystapienie-Prezydenta-RP-na-konferencji-450x300.jpg 450w, https:\/\/prawdajestciekawa.pl\/wp-content\/uploads\/2026\/07\/Prezydent_Wystapienie-Prezydenta-RP-na-konferencji-600x400.jpg 600w, https:\/\/prawdajestciekawa.pl\/wp-content\/uploads\/2026\/07\/Prezydent_Wystapienie-Prezydenta-RP-na-konferencji.jpg 1200w\" sizes=\"auto, (max-width: 750px) 100vw, 750px\" \/><\/div><a class=\"wp-block-latest-posts__post-title\" href=\"https:\/\/prawdajestciekawa.pl\/?p=7149\">Nie b\u0119dzie silnej gospodarki bez ludzi i nie b\u0119dzie silnych rodzin bez stabilnego pa\u0144stwa.<\/a><div class=\"wp-block-latest-posts__post-author\">przez Redakcja PJC<\/div><div class=\"wp-block-latest-posts__post-excerpt\">Warszawa 22 czerwca 2026 Na konferencji \u201ePoland Future Summit\u201d zorganizowanej przez Centrum Strategii Rozwojowych przy wsp\u00f3\u0142pracy z Kancelari\u0105 Prezydenta RP oraz pod Patronatem Honorowym Prezydenta&hellip; <a class=\"more-link\" href=\"https:\/\/prawdajestciekawa.pl\/?p=7149\">Czytaj dalej <span class=\"screen-reader-text\">Nie b\u0119dzie silnej gospodarki bez ludzi i nie b\u0119dzie silnych rodzin bez stabilnego pa\u0144stwa.<\/span><\/a><\/div><\/li>\n<li><div class=\"wp-block-latest-posts__featured-image aligncenter\"><img loading=\"lazy\" decoding=\"async\" width=\"750\" height=\"500\" src=\"https:\/\/prawdajestciekawa.pl\/wp-content\/uploads\/2026\/07\/J2-1024x683.jpg\" class=\"attachment-large size-large wp-post-image\" alt=\"\" style=\"width:100%;height:66.67%;max-width:1200px;\" srcset=\"https:\/\/prawdajestciekawa.pl\/wp-content\/uploads\/2026\/07\/J2-1024x683.jpg 1024w, https:\/\/prawdajestciekawa.pl\/wp-content\/uploads\/2026\/07\/J2-300x200.jpg 300w, https:\/\/prawdajestciekawa.pl\/wp-content\/uploads\/2026\/07\/J2-768x512.jpg 768w, https:\/\/prawdajestciekawa.pl\/wp-content\/uploads\/2026\/07\/J2-450x300.jpg 450w, https:\/\/prawdajestciekawa.pl\/wp-content\/uploads\/2026\/07\/J2-600x400.jpg 600w, https:\/\/prawdajestciekawa.pl\/wp-content\/uploads\/2026\/07\/J2.jpg 1200w\" sizes=\"auto, (max-width: 750px) 100vw, 750px\" \/><\/div><a class=\"wp-block-latest-posts__post-title\" href=\"https:\/\/prawdajestciekawa.pl\/?p=7145\">Zostanie nas kilkana\u015bcie milion\u00f3w?<\/a><div class=\"wp-block-latest-posts__post-author\">przez Marta Morawiecka<\/div><div class=\"wp-block-latest-posts__post-excerpt\">Wywiad W poniedzia\u0142ek, 22 czerwca, w Warszawie pod patronatem Prezydenta Karola Nawrockiego odby\u0142a si\u0119 konferencja \u201ePoland Future Summit. Demografia \u2013 Bezpiecze\u0144stwo \u2013 Rozw\u00f3j\u201d. Spotka\u0142o si\u0119&hellip; <a class=\"more-link\" href=\"https:\/\/prawdajestciekawa.pl\/?p=7145\">Czytaj dalej <span class=\"screen-reader-text\">Zostanie nas kilkana\u015bcie milion\u00f3w?<\/span><\/a><\/div><\/li>\n<li><div class=\"wp-block-latest-posts__featured-image aligncenter\"><img loading=\"lazy\" decoding=\"async\" width=\"750\" height=\"500\" src=\"https:\/\/prawdajestciekawa.pl\/wp-content\/uploads\/2026\/07\/1000105928-1024x683.jpg\" class=\"attachment-large size-large wp-post-image\" alt=\"\" style=\"width:100%;height:66.67%;max-width:1200px;\" srcset=\"https:\/\/prawdajestciekawa.pl\/wp-content\/uploads\/2026\/07\/1000105928-1024x683.jpg 1024w, https:\/\/prawdajestciekawa.pl\/wp-content\/uploads\/2026\/07\/1000105928-300x200.jpg 300w, https:\/\/prawdajestciekawa.pl\/wp-content\/uploads\/2026\/07\/1000105928-768x512.jpg 768w, https:\/\/prawdajestciekawa.pl\/wp-content\/uploads\/2026\/07\/1000105928-450x300.jpg 450w, https:\/\/prawdajestciekawa.pl\/wp-content\/uploads\/2026\/07\/1000105928-600x400.jpg 600w, https:\/\/prawdajestciekawa.pl\/wp-content\/uploads\/2026\/07\/1000105928.jpg 1200w\" sizes=\"auto, (max-width: 750px) 100vw, 750px\" \/><\/div><a class=\"wp-block-latest-posts__post-title\" href=\"https:\/\/prawdajestciekawa.pl\/?p=7137\">Margaret Sanger i Planned Parenthood \u2013 eugenika w r\u00f3\u017cowych szatach feminizmu<\/a><div class=\"wp-block-latest-posts__post-author\">przez Przemys\u0142aw \u017barski<\/div><div class=\"wp-block-latest-posts__post-excerpt\">Kiedy na ulicach polskich miast widzieli\u015bmy \u201estrajki kobiet\u201d i aktywistki aborcyjnych dream-team\u2019\u00f3w z transparentami \u201eMoje cia\u0142o, m\u00f3j wyb\u00f3r\u201d \u2013 domagaj\u0105ce si\u0119 pe\u0142nej legalizacji aborcji na&hellip; <a class=\"more-link\" href=\"https:\/\/prawdajestciekawa.pl\/?p=7137\">Czytaj dalej <span class=\"screen-reader-text\">Margaret Sanger i Planned Parenthood \u2013 eugenika w r\u00f3\u017cowych szatach feminizmu<\/span><\/a><\/div><\/li>\n<li><div class=\"wp-block-latest-posts__featured-image aligncenter\"><img loading=\"lazy\" decoding=\"async\" width=\"750\" height=\"510\" src=\"https:\/\/prawdajestciekawa.pl\/wp-content\/uploads\/2026\/07\/P8-1024x696.jpg\" class=\"attachment-large size-large wp-post-image\" alt=\"\" style=\"width:100%;height:68%;max-width:1200px;\" srcset=\"https:\/\/prawdajestciekawa.pl\/wp-content\/uploads\/2026\/07\/P8-1024x696.jpg 1024w, https:\/\/prawdajestciekawa.pl\/wp-content\/uploads\/2026\/07\/P8-300x204.jpg 300w, https:\/\/prawdajestciekawa.pl\/wp-content\/uploads\/2026\/07\/P8-768x522.jpg 768w, https:\/\/prawdajestciekawa.pl\/wp-content\/uploads\/2026\/07\/P8-450x306.jpg 450w, https:\/\/prawdajestciekawa.pl\/wp-content\/uploads\/2026\/07\/P8-600x408.jpg 600w, https:\/\/prawdajestciekawa.pl\/wp-content\/uploads\/2026\/07\/P8.jpg 1200w\" sizes=\"auto, (max-width: 750px) 100vw, 750px\" \/><\/div><a class=\"wp-block-latest-posts__post-title\" href=\"https:\/\/prawdajestciekawa.pl\/?p=7132\">\u0106wier\u0107 milenium Stan\u00f3w Zjednoczonych<\/a><div class=\"wp-block-latest-posts__post-author\">przez Piotr Gaglik<\/div><div class=\"wp-block-latest-posts__post-excerpt\">Dwie\u015bcie pi\u0119\u0107dziesi\u0105t lat temu, Deklaracja Niepodleg\u0142o\u015bci z 4 lipca 1776 roku, zredagowana przy sporym udziale Thomasa Jeffersona akcentowa\u0142a prawo 13 kolonii w brytyjskiej Ameryce P\u00f3\u0142nocnej&hellip; <a class=\"more-link\" href=\"https:\/\/prawdajestciekawa.pl\/?p=7132\">Czytaj dalej <span class=\"screen-reader-text\">\u0106wier\u0107 milenium Stan\u00f3w Zjednoczonych<\/span><\/a><\/div><\/li>\n<li><div class=\"wp-block-latest-posts__featured-image aligncenter\"><img loading=\"lazy\" decoding=\"async\" width=\"750\" height=\"501\" src=\"https:\/\/prawdajestciekawa.pl\/wp-content\/uploads\/2026\/07\/WhatsApp-Image-2026-07-13-at-15.36-1024x684.jpg\" class=\"attachment-large size-large wp-post-image\" alt=\"\" style=\"width:100%;height:66.83%;max-width:1200px;\" srcset=\"https:\/\/prawdajestciekawa.pl\/wp-content\/uploads\/2026\/07\/WhatsApp-Image-2026-07-13-at-15.36-1024x684.jpg 1024w, https:\/\/prawdajestciekawa.pl\/wp-content\/uploads\/2026\/07\/WhatsApp-Image-2026-07-13-at-15.36-300x201.jpg 300w, https:\/\/prawdajestciekawa.pl\/wp-content\/uploads\/2026\/07\/WhatsApp-Image-2026-07-13-at-15.36-768x513.jpg 768w, https:\/\/prawdajestciekawa.pl\/wp-content\/uploads\/2026\/07\/WhatsApp-Image-2026-07-13-at-15.36-450x301.jpg 450w, https:\/\/prawdajestciekawa.pl\/wp-content\/uploads\/2026\/07\/WhatsApp-Image-2026-07-13-at-15.36-600x401.jpg 600w, https:\/\/prawdajestciekawa.pl\/wp-content\/uploads\/2026\/07\/WhatsApp-Image-2026-07-13-at-15.36.jpg 1200w\" sizes=\"auto, (max-width: 750px) 100vw, 750px\" \/><\/div><a class=\"wp-block-latest-posts__post-title\" href=\"https:\/\/prawdajestciekawa.pl\/?p=7129\">O pa\u0144stwo zdecydowane wobec silnych, a wyrozumia\u0142e wobec s\u0142abszych<\/a><div class=\"wp-block-latest-posts__post-author\">przez Redakcja PJC<\/div><div class=\"wp-block-latest-posts__post-excerpt\">9.07.2026 Warszawa Konferencja prasowa PiS w sprawie ochrony \u015bwiadk\u00f3w. Wypowied\u017a Mateusza Morawieckiego i Paw\u0142a Jab\u0142o\u0144skiego. Mateusz Morawiecki: S\u0105 odwa\u017cni ludzie, kt\u00f3rzy gotowi s\u0105 te r\u00f3\u017cne&hellip; <a class=\"more-link\" href=\"https:\/\/prawdajestciekawa.pl\/?p=7129\">Czytaj dalej <span class=\"screen-reader-text\">O pa\u0144stwo zdecydowane wobec silnych, a wyrozumia\u0142e wobec s\u0142abszych<\/span><\/a><\/div><\/li>\n<li><a class=\"wp-block-latest-posts__post-title\" href=\"https:\/\/prawdajestciekawa.pl\/?p=7127\">Polska i Ukraina: s\u0105siedzi z r\u00f3\u017cnych planet<\/a><div class=\"wp-block-latest-posts__post-author\">przez Ryszard Czarnecki<\/div><div class=\"wp-block-latest-posts__post-excerpt\">Ukrai\u0144com ca\u0142kiem ju\u017c odbi\u0142o. Przy okazji tenisowego Wimbledonu napisali, \u017ce Polacy&#8230; wymusili na Idze \u015awiatek \u015bci\u0105gni\u0119cie niebiesko-\u017c\u00f3\u0142tej kokardy, kt\u00f3r\u0105 jedna z najlepszych tenisistek \u015bwiata nosi\u0142a&hellip; <a class=\"more-link\" href=\"https:\/\/prawdajestciekawa.pl\/?p=7127\">Czytaj dalej <span class=\"screen-reader-text\">Polska i Ukraina: s\u0105siedzi z r\u00f3\u017cnych planet<\/span><\/a><\/div><\/li>\n<li><div class=\"wp-block-latest-posts__featured-image aligncenter\"><img loading=\"lazy\" decoding=\"async\" width=\"750\" height=\"327\" src=\"https:\/\/prawdajestciekawa.pl\/wp-content\/uploads\/2026\/07\/Szkola_KROPS_grafika-1024x447.jpg\" class=\"attachment-large size-large wp-post-image\" alt=\"\" style=\"width:100%;height:43.67%;max-width:1200px;\" srcset=\"https:\/\/prawdajestciekawa.pl\/wp-content\/uploads\/2026\/07\/Szkola_KROPS_grafika-1024x447.jpg 1024w, https:\/\/prawdajestciekawa.pl\/wp-content\/uploads\/2026\/07\/Szkola_KROPS_grafika-300x131.jpg 300w, https:\/\/prawdajestciekawa.pl\/wp-content\/uploads\/2026\/07\/Szkola_KROPS_grafika-768x335.jpg 768w, https:\/\/prawdajestciekawa.pl\/wp-content\/uploads\/2026\/07\/Szkola_KROPS_grafika-450x197.jpg 450w, https:\/\/prawdajestciekawa.pl\/wp-content\/uploads\/2026\/07\/Szkola_KROPS_grafika-600x262.jpg 600w, https:\/\/prawdajestciekawa.pl\/wp-content\/uploads\/2026\/07\/Szkola_KROPS_grafika.jpg 1200w\" sizes=\"auto, (max-width: 750px) 100vw, 750px\" \/><\/div><a class=\"wp-block-latest-posts__post-title\" href=\"https:\/\/prawdajestciekawa.pl\/?p=7124\">Hanna Dobrowolska z KROPS apeluje do polityk\u00f3w<\/a><div class=\"wp-block-latest-posts__post-author\">przez Hanna Dobrowolska<\/div><div class=\"wp-block-latest-posts__post-excerpt\">Sytuacja w szko\u0142ach jest krytyczna Szanowni Pa\u0144stwo, spo\u0142eczne zaniepokojenie sytuacj\u0105 w o\u015bwiacie narasta z ka\u017cdym miesi\u0105cem i grozi eksplozj\u0105. Eksplozj\u0105, kt\u00f3ra jest skutkiem chaosu generowanego&hellip; <a class=\"more-link\" href=\"https:\/\/prawdajestciekawa.pl\/?p=7124\">Czytaj dalej <span class=\"screen-reader-text\">Hanna Dobrowolska z KROPS apeluje do polityk\u00f3w<\/span><\/a><\/div><\/li>\n<li><div class=\"wp-block-latest-posts__featured-image aligncenter\"><img loading=\"lazy\" decoding=\"async\" width=\"750\" height=\"500\" src=\"https:\/\/prawdajestciekawa.pl\/wp-content\/uploads\/2026\/07\/K1-1024x683.jpg\" class=\"attachment-large size-large wp-post-image\" alt=\"\" style=\"width:100%;height:66.67%;max-width:1200px;\" srcset=\"https:\/\/prawdajestciekawa.pl\/wp-content\/uploads\/2026\/07\/K1-1024x683.jpg 1024w, https:\/\/prawdajestciekawa.pl\/wp-content\/uploads\/2026\/07\/K1-300x200.jpg 300w, https:\/\/prawdajestciekawa.pl\/wp-content\/uploads\/2026\/07\/K1-768x512.jpg 768w, https:\/\/prawdajestciekawa.pl\/wp-content\/uploads\/2026\/07\/K1-450x300.jpg 450w, https:\/\/prawdajestciekawa.pl\/wp-content\/uploads\/2026\/07\/K1-600x400.jpg 600w, https:\/\/prawdajestciekawa.pl\/wp-content\/uploads\/2026\/07\/K1.jpg 1200w\" sizes=\"auto, (max-width: 750px) 100vw, 750px\" \/><\/div><a class=\"wp-block-latest-posts__post-title\" href=\"https:\/\/prawdajestciekawa.pl\/?p=7119\">Sp\u00f3r o wyb\u00f3r s\u0119dzi\u00f3w Trybuna\u0142u Konstytucyjnego \u2013 analiza<\/a><div class=\"wp-block-latest-posts__post-author\">przez dr Konrad Wytrykowski<\/div><div class=\"wp-block-latest-posts__post-excerpt\">1. Trybuna\u0142 jako konstytucyjny organ pa\u0144stwa Trybuna\u0142 Konstytucyjny (TK) jest konstytucyjnym organem w\u0142adzy s\u0105downiczej. Jego zadania okre\u015bla Konstytucja i ustawy. TK orzeka w sprawach a)&hellip; <a class=\"more-link\" href=\"https:\/\/prawdajestciekawa.pl\/?p=7119\">Czytaj dalej <span class=\"screen-reader-text\">Sp\u00f3r o wyb\u00f3r s\u0119dzi\u00f3w Trybuna\u0142u Konstytucyjnego \u2013 analiza<\/span><\/a><\/div><\/li>\n<li><div class=\"wp-block-latest-posts__featured-image aligncenter\"><img loading=\"lazy\" decoding=\"async\" width=\"750\" height=\"323\" src=\"https:\/\/prawdajestciekawa.pl\/wp-content\/uploads\/2026\/07\/A1-1.jpg\" class=\"attachment-large size-large wp-post-image\" alt=\"\" style=\"width:100%;height:43%;max-width:900px;\" srcset=\"https:\/\/prawdajestciekawa.pl\/wp-content\/uploads\/2026\/07\/A1-1.jpg 900w, https:\/\/prawdajestciekawa.pl\/wp-content\/uploads\/2026\/07\/A1-1-300x129.jpg 300w, https:\/\/prawdajestciekawa.pl\/wp-content\/uploads\/2026\/07\/A1-1-768x330.jpg 768w, https:\/\/prawdajestciekawa.pl\/wp-content\/uploads\/2026\/07\/A1-1-450x194.jpg 450w, https:\/\/prawdajestciekawa.pl\/wp-content\/uploads\/2026\/07\/A1-1-600x258.jpg 600w\" sizes=\"auto, (max-width: 750px) 100vw, 750px\" \/><\/div><a class=\"wp-block-latest-posts__post-title\" href=\"https:\/\/prawdajestciekawa.pl\/?p=7116\">Ratujmy polskie \u201eRadio Lw\u00f3w\u201d<\/a><div class=\"wp-block-latest-posts__post-author\">przez Artur Adamski<\/div><div class=\"wp-block-latest-posts__post-excerpt\">Po raz pierwszy w swojej historii polskie Radio Lw\u00f3w, kt\u00f3re rozpocz\u0119\u0142o nadawanie w roku 1992, nie otrzyma\u0142o od pa\u0144stwa polskiego na swoj\u0105 dzia\u0142alno\u015b\u0107 \u2013 ani&hellip; <a class=\"more-link\" href=\"https:\/\/prawdajestciekawa.pl\/?p=7116\">Czytaj dalej <span class=\"screen-reader-text\">Ratujmy polskie \u201eRadio Lw\u00f3w\u201d<\/span><\/a><\/div><\/li>\n<li><div class=\"wp-block-latest-posts__featured-image aligncenter\"><img loading=\"lazy\" decoding=\"async\" width=\"750\" height=\"535\" src=\"https:\/\/prawdajestciekawa.pl\/wp-content\/uploads\/2026\/07\/P2-1024x730.jpg\" class=\"attachment-large size-large wp-post-image\" alt=\"\" style=\"width:100%;height:71.25%;max-width:1200px;\" srcset=\"https:\/\/prawdajestciekawa.pl\/wp-content\/uploads\/2026\/07\/P2-1024x730.jpg 1024w, https:\/\/prawdajestciekawa.pl\/wp-content\/uploads\/2026\/07\/P2-300x214.jpg 300w, https:\/\/prawdajestciekawa.pl\/wp-content\/uploads\/2026\/07\/P2-768x547.jpg 768w, https:\/\/prawdajestciekawa.pl\/wp-content\/uploads\/2026\/07\/P2-450x321.jpg 450w, https:\/\/prawdajestciekawa.pl\/wp-content\/uploads\/2026\/07\/P2-600x428.jpg 600w, https:\/\/prawdajestciekawa.pl\/wp-content\/uploads\/2026\/07\/P2.jpg 1200w\" sizes=\"auto, (max-width: 750px) 100vw, 750px\" \/><\/div><a class=\"wp-block-latest-posts__post-title\" href=\"https:\/\/prawdajestciekawa.pl\/?p=7108\">Sto lat Polsko! x 10<\/a><div class=\"wp-block-latest-posts__post-author\">przez Piotr Bober<\/div><div class=\"wp-block-latest-posts__post-excerpt\">Pomimo mojej skromnej znajomo\u015bci matematyki chyba uda\u0142o mi si\u0119 w tytule wyrazi\u0107 znane wszystkim tradycyjne polskie \u017cyczenia dla naszej Ojczyzny zar\u00f3wno w perspektywie stu, jak&hellip; <a class=\"more-link\" href=\"https:\/\/prawdajestciekawa.pl\/?p=7108\">Czytaj dalej <span class=\"screen-reader-text\">Sto lat Polsko! x 10<\/span><\/a><\/div><\/li>\n<li><div class=\"wp-block-latest-posts__featured-image aligncenter\"><img loading=\"lazy\" decoding=\"async\" width=\"750\" height=\"503\" src=\"https:\/\/prawdajestciekawa.pl\/wp-content\/uploads\/2026\/07\/PMM_fot-1024x687.jpg\" class=\"attachment-large size-large wp-post-image\" alt=\"\" style=\"width:100%;height:67.08%;max-width:1200px;\" srcset=\"https:\/\/prawdajestciekawa.pl\/wp-content\/uploads\/2026\/07\/PMM_fot-1024x687.jpg 1024w, https:\/\/prawdajestciekawa.pl\/wp-content\/uploads\/2026\/07\/PMM_fot-300x201.jpg 300w, https:\/\/prawdajestciekawa.pl\/wp-content\/uploads\/2026\/07\/PMM_fot-768x515.jpg 768w, https:\/\/prawdajestciekawa.pl\/wp-content\/uploads\/2026\/07\/PMM_fot-450x302.jpg 450w, https:\/\/prawdajestciekawa.pl\/wp-content\/uploads\/2026\/07\/PMM_fot-600x403.jpg 600w, https:\/\/prawdajestciekawa.pl\/wp-content\/uploads\/2026\/07\/PMM_fot.jpg 1200w\" sizes=\"auto, (max-width: 750px) 100vw, 750px\" \/><\/div><a class=\"wp-block-latest-posts__post-title\" href=\"https:\/\/prawdajestciekawa.pl\/?p=7104\">Wierz\u0119, \u017ce prawda przebije si\u0119 do \u015bwiadomo\u015bci<\/a><div class=\"wp-block-latest-posts__post-author\">przez Redakcja PJC<\/div><div class=\"wp-block-latest-posts__post-excerpt\">5 lipca 2026 Mateusz Morawiecki w rozmowie z \u017burnalist\u0105 Rozmowa o tym, co naprawd\u0119 dzieje si\u0119 po prawej stronie: Kaczy\u0144ski, Czarnek, Ziobro, Rozw\u00f3j Plus, Konfederacja,&hellip; <a class=\"more-link\" href=\"https:\/\/prawdajestciekawa.pl\/?p=7104\">Czytaj dalej <span class=\"screen-reader-text\">Wierz\u0119, \u017ce prawda przebije si\u0119 do \u015bwiadomo\u015bci<\/span><\/a><\/div><\/li>\n<li><div class=\"wp-block-latest-posts__featured-image aligncenter\"><img loading=\"lazy\" decoding=\"async\" width=\"750\" height=\"431\" src=\"https:\/\/prawdajestciekawa.pl\/wp-content\/uploads\/2026\/07\/W.Popkiewicz_Podkamien_fot1-1024x589.jpg\" class=\"attachment-large size-large wp-post-image\" alt=\"\" style=\"width:100%;height:57.5%;max-width:1200px;\" srcset=\"https:\/\/prawdajestciekawa.pl\/wp-content\/uploads\/2026\/07\/W.Popkiewicz_Podkamien_fot1-1024x589.jpg 1024w, https:\/\/prawdajestciekawa.pl\/wp-content\/uploads\/2026\/07\/W.Popkiewicz_Podkamien_fot1-300x173.jpg 300w, https:\/\/prawdajestciekawa.pl\/wp-content\/uploads\/2026\/07\/W.Popkiewicz_Podkamien_fot1-768x442.jpg 768w, https:\/\/prawdajestciekawa.pl\/wp-content\/uploads\/2026\/07\/W.Popkiewicz_Podkamien_fot1-450x259.jpg 450w, https:\/\/prawdajestciekawa.pl\/wp-content\/uploads\/2026\/07\/W.Popkiewicz_Podkamien_fot1-600x345.jpg 600w, https:\/\/prawdajestciekawa.pl\/wp-content\/uploads\/2026\/07\/W.Popkiewicz_Podkamien_fot1.jpg 1200w\" sizes=\"auto, (max-width: 750px) 100vw, 750px\" \/><\/div><a class=\"wp-block-latest-posts__post-title\" href=\"https:\/\/prawdajestciekawa.pl\/?p=7101\">Ballada o Podkamieniu<\/a><div class=\"wp-block-latest-posts__post-author\">przez Wojciech Rohatyn Popkiewicz<\/div><div class=\"wp-block-latest-posts__post-excerpt\">W Podkamieniu, w PodkamieniuKlasztor by\u0142 w historii cieniuA ten cie\u0144 to od po\u017car\u00f3wW kt\u00f3rych sczezn\u0105\u0107 mia\u0142 nasz nar\u00f3dRyglowano spiesznie bramy\u017bywcem pojma\u0107 si\u0119 nie damyAle u\u017cy\u0142&hellip; <a class=\"more-link\" href=\"https:\/\/prawdajestciekawa.pl\/?p=7101\">Czytaj dalej <span class=\"screen-reader-text\">Ballada o Podkamieniu<\/span><\/a><\/div><\/li>\n<li><div class=\"wp-block-latest-posts__featured-image aligncenter\"><img loading=\"lazy\" decoding=\"async\" width=\"600\" height=\"630\" src=\"https:\/\/prawdajestciekawa.pl\/wp-content\/uploads\/2026\/07\/Wolyn_symbol.jpg\" class=\"attachment-large size-large wp-post-image\" alt=\"\" style=\"width:100%;height:105%;max-width:600px;\" srcset=\"https:\/\/prawdajestciekawa.pl\/wp-content\/uploads\/2026\/07\/Wolyn_symbol.jpg 600w, https:\/\/prawdajestciekawa.pl\/wp-content\/uploads\/2026\/07\/Wolyn_symbol-286x300.jpg 286w, https:\/\/prawdajestciekawa.pl\/wp-content\/uploads\/2026\/07\/Wolyn_symbol-450x473.jpg 450w\" sizes=\"auto, (max-width: 600px) 100vw, 600px\" \/><\/div><a class=\"wp-block-latest-posts__post-title\" href=\"https:\/\/prawdajestciekawa.pl\/?p=7088\">Narodowy Dzie\u0144 Pami\u0119ci Ofiar Ludob\u00f3jstwa dokonanego przez ukrai\u0144skich nacjonalist\u00f3w na obywatelach II Rzeczypospolitej Polskiej<\/a><div class=\"wp-block-latest-posts__post-author\">przez Redakcja PJC<\/div><div class=\"wp-block-latest-posts__post-excerpt\">\u015awi\u0119to ustanowione zosta\u0142o w lipcu 2016 roku moc\u0105 uchwa\u0142y Sejmu, a obchodzone jest co roku 11 lipca, na pami\u0105tk\u0119 Krwawej Niedzieli w 1943 roku, kiedy&hellip; <a class=\"more-link\" href=\"https:\/\/prawdajestciekawa.pl\/?p=7088\">Czytaj dalej <span class=\"screen-reader-text\">Narodowy Dzie\u0144 Pami\u0119ci Ofiar Ludob\u00f3jstwa dokonanego przez ukrai\u0144skich nacjonalist\u00f3w na obywatelach II Rzeczypospolitej Polskiej<\/span><\/a><\/div><\/li>\n<li><div class=\"wp-block-latest-posts__featured-image aligncenter\"><img loading=\"lazy\" decoding=\"async\" width=\"750\" height=\"563\" src=\"https:\/\/prawdajestciekawa.pl\/wp-content\/uploads\/2026\/07\/WhatsApp-Image-2026-07-13-at-16.24-1024x768.jpg\" class=\"attachment-large size-large wp-post-image\" alt=\"\" style=\"width:100%;height:75%;max-width:1200px;\" srcset=\"https:\/\/prawdajestciekawa.pl\/wp-content\/uploads\/2026\/07\/WhatsApp-Image-2026-07-13-at-16.24-1024x768.jpg 1024w, https:\/\/prawdajestciekawa.pl\/wp-content\/uploads\/2026\/07\/WhatsApp-Image-2026-07-13-at-16.24-300x225.jpg 300w, https:\/\/prawdajestciekawa.pl\/wp-content\/uploads\/2026\/07\/WhatsApp-Image-2026-07-13-at-16.24-768x576.jpg 768w, https:\/\/prawdajestciekawa.pl\/wp-content\/uploads\/2026\/07\/WhatsApp-Image-2026-07-13-at-16.24-450x338.jpg 450w, https:\/\/prawdajestciekawa.pl\/wp-content\/uploads\/2026\/07\/WhatsApp-Image-2026-07-13-at-16.24-600x450.jpg 600w, https:\/\/prawdajestciekawa.pl\/wp-content\/uploads\/2026\/07\/WhatsApp-Image-2026-07-13-at-16.24.jpg 1200w\" sizes=\"auto, (max-width: 750px) 100vw, 750px\" \/><\/div><a class=\"wp-block-latest-posts__post-title\" href=\"https:\/\/prawdajestciekawa.pl\/?p=7085\">Apel Poleg\u0142ych 11 lipca 2026 Wroc\u0142aw<\/a><div class=\"wp-block-latest-posts__post-author\">przez Redakcja PJC<\/div><div class=\"wp-block-latest-posts__post-excerpt\">Przywo\u0142uj\u0119 m\u0119\u017cczyzn, kobiety, dzieci i starc\u00f3w z wielu miejscowo\u015bci, kt\u00f3rzy zgin\u0119li z r\u0105k cz\u0142onk\u00f3w Ukrai\u0144skiej Powsta\u0144czej Armii, Organizacji Ukrai\u0144skich Nacjonalist\u00f3w i 14. Dywizji Waffen-SS Galizien&hellip; <a class=\"more-link\" href=\"https:\/\/prawdajestciekawa.pl\/?p=7085\">Czytaj dalej <span class=\"screen-reader-text\">Apel Poleg\u0142ych 11 lipca 2026 Wroc\u0142aw<\/span><\/a><\/div><\/li>\n<li><div class=\"wp-block-latest-posts__featured-image aligncenter\"><img loading=\"lazy\" decoding=\"async\" width=\"750\" height=\"312\" src=\"https:\/\/prawdajestciekawa.pl\/wp-content\/uploads\/2026\/07\/Wolyn_Kadr-z-filmu-Wolyn-1024x426.jpg\" class=\"attachment-large size-large wp-post-image\" alt=\"\" style=\"width:100%;height:41.58%;max-width:1200px;\" srcset=\"https:\/\/prawdajestciekawa.pl\/wp-content\/uploads\/2026\/07\/Wolyn_Kadr-z-filmu-Wolyn-1024x426.jpg 1024w, https:\/\/prawdajestciekawa.pl\/wp-content\/uploads\/2026\/07\/Wolyn_Kadr-z-filmu-Wolyn-300x125.jpg 300w, https:\/\/prawdajestciekawa.pl\/wp-content\/uploads\/2026\/07\/Wolyn_Kadr-z-filmu-Wolyn-768x319.jpg 768w, https:\/\/prawdajestciekawa.pl\/wp-content\/uploads\/2026\/07\/Wolyn_Kadr-z-filmu-Wolyn-450x187.jpg 450w, https:\/\/prawdajestciekawa.pl\/wp-content\/uploads\/2026\/07\/Wolyn_Kadr-z-filmu-Wolyn-600x250.jpg 600w, https:\/\/prawdajestciekawa.pl\/wp-content\/uploads\/2026\/07\/Wolyn_Kadr-z-filmu-Wolyn.jpg 1200w\" sizes=\"auto, (max-width: 750px) 100vw, 750px\" \/><\/div><a class=\"wp-block-latest-posts__post-title\" href=\"https:\/\/prawdajestciekawa.pl\/?p=7079\">Kresy i ludob\u00f3jstwo<\/a><div class=\"wp-block-latest-posts__post-author\">przez Stanis\u0142aw Srokowski<\/div><div class=\"wp-block-latest-posts__post-excerpt\">10. Konferencja upami\u0119tniaj\u0105ca ludob\u00f3jstwo na Wo\u0142yniu i Kresach Wschodnich We Wroc\u0142awiu po raz dziesi\u0105ty odby\u0142y si\u0119 spo\u0142eczne obchody Dnia Pami\u0119ci o Polakach \u2013 Ofiarach Ludob\u00f3jstwa&hellip; <a class=\"more-link\" href=\"https:\/\/prawdajestciekawa.pl\/?p=7079\">Czytaj dalej <span class=\"screen-reader-text\">Kresy i ludob\u00f3jstwo<\/span><\/a><\/div><\/li>\n<li><div class=\"wp-block-latest-posts__featured-image aligncenter\"><img loading=\"lazy\" decoding=\"async\" width=\"750\" height=\"500\" src=\"https:\/\/prawdajestciekawa.pl\/wp-content\/uploads\/2026\/07\/J.Pawlas_Warszawa.-Oddzial-imienia-WOSP-w-Szpitalu-Poludniowym_fot-1024x682.jpg\" class=\"attachment-large size-large wp-post-image\" alt=\"\" style=\"width:100%;height:66.58%;max-width:1200px;\" srcset=\"https:\/\/prawdajestciekawa.pl\/wp-content\/uploads\/2026\/07\/J.Pawlas_Warszawa.-Oddzial-imienia-WOSP-w-Szpitalu-Poludniowym_fot-1024x682.jpg 1024w, https:\/\/prawdajestciekawa.pl\/wp-content\/uploads\/2026\/07\/J.Pawlas_Warszawa.-Oddzial-imienia-WOSP-w-Szpitalu-Poludniowym_fot-300x200.jpg 300w, https:\/\/prawdajestciekawa.pl\/wp-content\/uploads\/2026\/07\/J.Pawlas_Warszawa.-Oddzial-imienia-WOSP-w-Szpitalu-Poludniowym_fot-768x511.jpg 768w, https:\/\/prawdajestciekawa.pl\/wp-content\/uploads\/2026\/07\/J.Pawlas_Warszawa.-Oddzial-imienia-WOSP-w-Szpitalu-Poludniowym_fot-450x300.jpg 450w, https:\/\/prawdajestciekawa.pl\/wp-content\/uploads\/2026\/07\/J.Pawlas_Warszawa.-Oddzial-imienia-WOSP-w-Szpitalu-Poludniowym_fot-600x400.jpg 600w, https:\/\/prawdajestciekawa.pl\/wp-content\/uploads\/2026\/07\/J.Pawlas_Warszawa.-Oddzial-imienia-WOSP-w-Szpitalu-Poludniowym_fot.jpg 1200w\" sizes=\"auto, (max-width: 750px) 100vw, 750px\" \/><\/div><a class=\"wp-block-latest-posts__post-title\" href=\"https:\/\/prawdajestciekawa.pl\/?p=7075\">Dziadostwo totalne<\/a><div class=\"wp-block-latest-posts__post-author\">przez Jerzy Pawlas<\/div><div class=\"wp-block-latest-posts__post-excerpt\">Trudno by\u0142oby znale\u017a\u0107 bardziej wyrazisty symbol poczyna\u0144 administracji 13 grudnia. Nasz kraj jak ursynowski Szpital Po\u0142udniowy. Fenomen polega na tym, \u017ce przoduj\u0105c w gospodarce \u015bwiatowej,&hellip; <a class=\"more-link\" href=\"https:\/\/prawdajestciekawa.pl\/?p=7075\">Czytaj dalej <span class=\"screen-reader-text\">Dziadostwo totalne<\/span><\/a><\/div><\/li>\n<li><div class=\"wp-block-latest-posts__featured-image aligncenter\"><img loading=\"lazy\" decoding=\"async\" width=\"600\" height=\"400\" src=\"https:\/\/prawdajestciekawa.pl\/wp-content\/uploads\/2026\/07\/3.jpg\" class=\"attachment-large size-large wp-post-image\" alt=\"\" style=\"width:100%;height:66.67%;max-width:600px;\" srcset=\"https:\/\/prawdajestciekawa.pl\/wp-content\/uploads\/2026\/07\/3.jpg 600w, https:\/\/prawdajestciekawa.pl\/wp-content\/uploads\/2026\/07\/3-300x200.jpg 300w, https:\/\/prawdajestciekawa.pl\/wp-content\/uploads\/2026\/07\/3-450x300.jpg 450w\" sizes=\"auto, (max-width: 600px) 100vw, 600px\" \/><\/div><a class=\"wp-block-latest-posts__post-title\" href=\"https:\/\/prawdajestciekawa.pl\/?p=7071\">Wdzi\u0119czno\u015b\u0107<\/a><div class=\"wp-block-latest-posts__post-author\">przez Piotr Che\u0142stowski<\/div><div class=\"wp-block-latest-posts__post-excerpt\">By\u0142o to miesi\u0105c, mo\u017ce dwa, po inwazji Rosji na Ukrain\u0119 w lutym 2022 roku. Jecha\u0142em autobusem, podesz\u0142a do mnie Ukrainka z dwiema ma\u0142ymi c\u00f3reczkami. Powiedzia\u0142a,&hellip; <a class=\"more-link\" href=\"https:\/\/prawdajestciekawa.pl\/?p=7071\">Czytaj dalej <span class=\"screen-reader-text\">Wdzi\u0119czno\u015b\u0107<\/span><\/a><\/div><\/li>\n<li><div class=\"wp-block-latest-posts__featured-image aligncenter\"><img loading=\"lazy\" decoding=\"async\" width=\"750\" height=\"521\" src=\"https:\/\/prawdajestciekawa.pl\/wp-content\/uploads\/2026\/07\/A.Manasterski_Gehenna-polskich-dzieci-w-czasie-II-wojny-swiatowej_fot1-1024x711.jpg\" class=\"attachment-large size-large wp-post-image\" alt=\"\" style=\"width:100%;height:69.42%;max-width:1200px;\" srcset=\"https:\/\/prawdajestciekawa.pl\/wp-content\/uploads\/2026\/07\/A.Manasterski_Gehenna-polskich-dzieci-w-czasie-II-wojny-swiatowej_fot1-1024x711.jpg 1024w, https:\/\/prawdajestciekawa.pl\/wp-content\/uploads\/2026\/07\/A.Manasterski_Gehenna-polskich-dzieci-w-czasie-II-wojny-swiatowej_fot1-300x208.jpg 300w, https:\/\/prawdajestciekawa.pl\/wp-content\/uploads\/2026\/07\/A.Manasterski_Gehenna-polskich-dzieci-w-czasie-II-wojny-swiatowej_fot1-768x533.jpg 768w, https:\/\/prawdajestciekawa.pl\/wp-content\/uploads\/2026\/07\/A.Manasterski_Gehenna-polskich-dzieci-w-czasie-II-wojny-swiatowej_fot1-450x312.jpg 450w, https:\/\/prawdajestciekawa.pl\/wp-content\/uploads\/2026\/07\/A.Manasterski_Gehenna-polskich-dzieci-w-czasie-II-wojny-swiatowej_fot1-600x417.jpg 600w, https:\/\/prawdajestciekawa.pl\/wp-content\/uploads\/2026\/07\/A.Manasterski_Gehenna-polskich-dzieci-w-czasie-II-wojny-swiatowej_fot1.jpg 1200w\" sizes=\"auto, (max-width: 750px) 100vw, 750px\" \/><\/div><a class=\"wp-block-latest-posts__post-title\" href=\"https:\/\/prawdajestciekawa.pl\/?p=7067\">Pami\u0119\u0107 o tych, co nosz\u0105 krzy\u017c ka\u017cdego dnia<\/a><div class=\"wp-block-latest-posts__post-author\">przez Andrzej Manasterski<\/div><div class=\"wp-block-latest-posts__post-excerpt\">We wrze\u015bniu 1980 roku w \u017cmigrodzkim szpitalu zmar\u0142a Daria T. By\u0142a po udarze, stan ci\u0119\u017cki, le\u017ca\u0142a w \u0142\u00f3\u017cku rzadko odzyskuj\u0105c \u015bwiadomo\u015b\u0107. Lekarze nie dawali staruszce&hellip; <a class=\"more-link\" href=\"https:\/\/prawdajestciekawa.pl\/?p=7067\">Czytaj dalej <span class=\"screen-reader-text\">Pami\u0119\u0107 o tych, co nosz\u0105 krzy\u017c ka\u017cdego dnia<\/span><\/a><\/div><\/li>\n<li><div class=\"wp-block-latest-posts__featured-image aligncenter\"><img loading=\"lazy\" decoding=\"async\" width=\"750\" height=\"422\" src=\"https:\/\/prawdajestciekawa.pl\/wp-content\/uploads\/2026\/07\/J.Ciolko_Radnai-Csaba-rozpoczyna-ostatnie-wydanie-Hirado-w-telewizji-M1-z-7-lipca-2026-o-godz.-15.00-1024x576.jpg\" class=\"attachment-large size-large wp-post-image\" alt=\"\" style=\"width:100%;height:56.25%;max-width:1200px;\" srcset=\"https:\/\/prawdajestciekawa.pl\/wp-content\/uploads\/2026\/07\/J.Ciolko_Radnai-Csaba-rozpoczyna-ostatnie-wydanie-Hirado-w-telewizji-M1-z-7-lipca-2026-o-godz.-15.00-1024x576.jpg 1024w, https:\/\/prawdajestciekawa.pl\/wp-content\/uploads\/2026\/07\/J.Ciolko_Radnai-Csaba-rozpoczyna-ostatnie-wydanie-Hirado-w-telewizji-M1-z-7-lipca-2026-o-godz.-15.00-300x169.jpg 300w, https:\/\/prawdajestciekawa.pl\/wp-content\/uploads\/2026\/07\/J.Ciolko_Radnai-Csaba-rozpoczyna-ostatnie-wydanie-Hirado-w-telewizji-M1-z-7-lipca-2026-o-godz.-15.00-768x432.jpg 768w, https:\/\/prawdajestciekawa.pl\/wp-content\/uploads\/2026\/07\/J.Ciolko_Radnai-Csaba-rozpoczyna-ostatnie-wydanie-Hirado-w-telewizji-M1-z-7-lipca-2026-o-godz.-15.00-450x253.jpg 450w, https:\/\/prawdajestciekawa.pl\/wp-content\/uploads\/2026\/07\/J.Ciolko_Radnai-Csaba-rozpoczyna-ostatnie-wydanie-Hirado-w-telewizji-M1-z-7-lipca-2026-o-godz.-15.00-600x338.jpg 600w, https:\/\/prawdajestciekawa.pl\/wp-content\/uploads\/2026\/07\/J.Ciolko_Radnai-Csaba-rozpoczyna-ostatnie-wydanie-Hirado-w-telewizji-M1-z-7-lipca-2026-o-godz.-15.00.jpg 1200w\" sizes=\"auto, (max-width: 750px) 100vw, 750px\" \/><\/div><a class=\"wp-block-latest-posts__post-title\" href=\"https:\/\/prawdajestciekawa.pl\/?p=7060\">\u201eDemokracja\u201d na pilota<\/a><div class=\"wp-block-latest-posts__post-author\">przez Jakub Cio\u0142ko<\/div><div class=\"wp-block-latest-posts__post-excerpt\">Czarny wtorek w\u0119gierskich medi\u00f3w publicznych P\u00e9ter Magyar wygra\u0142 wybory, obiecuj\u0105c m.in. odpolitycznienie w\u0119gierskich medi\u00f3w publicznych. Pierwszym krokiem jego rz\u0105du okaza\u0142o si\u0119 jednak wy\u0142\u0105czenie pa\u0144stwowych program\u00f3w&hellip; <a class=\"more-link\" href=\"https:\/\/prawdajestciekawa.pl\/?p=7060\">Czytaj dalej <span class=\"screen-reader-text\">\u201eDemokracja\u201d na pilota<\/span><\/a><\/div><\/li>\n<li><div class=\"wp-block-latest-posts__featured-image aligncenter\"><img loading=\"lazy\" decoding=\"async\" width=\"750\" height=\"423\" src=\"https:\/\/prawdajestciekawa.pl\/wp-content\/uploads\/2026\/07\/B.Stragierowicz_1.jpg\" class=\"attachment-large size-large wp-post-image\" alt=\"\" style=\"width:100%;height:56.33%;max-width:900px;\" srcset=\"https:\/\/prawdajestciekawa.pl\/wp-content\/uploads\/2026\/07\/B.Stragierowicz_1.jpg 900w, https:\/\/prawdajestciekawa.pl\/wp-content\/uploads\/2026\/07\/B.Stragierowicz_1-300x169.jpg 300w, https:\/\/prawdajestciekawa.pl\/wp-content\/uploads\/2026\/07\/B.Stragierowicz_1-768x433.jpg 768w, https:\/\/prawdajestciekawa.pl\/wp-content\/uploads\/2026\/07\/B.Stragierowicz_1-450x254.jpg 450w, https:\/\/prawdajestciekawa.pl\/wp-content\/uploads\/2026\/07\/B.Stragierowicz_1-600x338.jpg 600w\" sizes=\"auto, (max-width: 750px) 100vw, 750px\" \/><\/div><a class=\"wp-block-latest-posts__post-title\" href=\"https:\/\/prawdajestciekawa.pl\/?p=7054\">Wystawa Nikifora we wroc\u0142awskim Muzeum Archidiecezjalnym<\/a><div class=\"wp-block-latest-posts__post-author\">przez Beata Stragierowicz<\/div><div class=\"wp-block-latest-posts__post-excerpt\">Wystawa Nikifor. Fenomen samorodnego talentu prezentuje prace Nikifora Krynickiego, w\u0142a\u015bciwie Epifaniusza Drowniaka (1895-1968), z kolekcji Roberta Dowhana. Ta kameralna ekspozycja przypomina tw\u00f3rczo\u015b\u0107 artystycznego samouka, zaliczanego&hellip; <a class=\"more-link\" href=\"https:\/\/prawdajestciekawa.pl\/?p=7054\">Czytaj dalej <span class=\"screen-reader-text\">Wystawa Nikifora we wroc\u0142awskim Muzeum Archidiecezjalnym<\/span><\/a><\/div><\/li>\n<li><div class=\"wp-block-latest-posts__featured-image aligncenter\"><img loading=\"lazy\" decoding=\"async\" width=\"750\" height=\"828\" src=\"https:\/\/prawdajestciekawa.pl\/wp-content\/uploads\/2026\/07\/A.Grzymalska_fot1-927x1024.jpg\" class=\"attachment-large size-large wp-post-image\" alt=\"\" style=\"width:100%;height:110.5%;max-width:1200px;\" srcset=\"https:\/\/prawdajestciekawa.pl\/wp-content\/uploads\/2026\/07\/A.Grzymalska_fot1-927x1024.jpg 927w, https:\/\/prawdajestciekawa.pl\/wp-content\/uploads\/2026\/07\/A.Grzymalska_fot1-271x300.jpg 271w, https:\/\/prawdajestciekawa.pl\/wp-content\/uploads\/2026\/07\/A.Grzymalska_fot1-768x849.jpg 768w, https:\/\/prawdajestciekawa.pl\/wp-content\/uploads\/2026\/07\/A.Grzymalska_fot1-450x497.jpg 450w, https:\/\/prawdajestciekawa.pl\/wp-content\/uploads\/2026\/07\/A.Grzymalska_fot1-600x663.jpg 600w, https:\/\/prawdajestciekawa.pl\/wp-content\/uploads\/2026\/07\/A.Grzymalska_fot1.jpg 1200w\" sizes=\"auto, (max-width: 750px) 100vw, 750px\" \/><\/div><a class=\"wp-block-latest-posts__post-title\" href=\"https:\/\/prawdajestciekawa.pl\/?p=7049\">Wieczory w Arsenale<\/a><div class=\"wp-block-latest-posts__post-author\">przez Alicja Grzymalska<\/div><div class=\"wp-block-latest-posts__post-excerpt\">Na dziedzi\u0144cu wroc\u0142awskiego Arsena\u0142u, w\u015br\u00f3d klimatycznych gotyckich mur\u00f3w, pi\u0119knych drzew i \u015bpiewu ptak\u00f3w, odby\u0142a si\u0119 kolejna edycja koncert\u00f3w zatytu\u0142owana \u201eWieczory w Arsenale\u201d Warto pami\u0119ta\u0107, \u017ce&hellip; <a class=\"more-link\" href=\"https:\/\/prawdajestciekawa.pl\/?p=7049\">Czytaj dalej <span class=\"screen-reader-text\">Wieczory w Arsenale<\/span><\/a><\/div><\/li>\n<li><div class=\"wp-block-latest-posts__featured-image aligncenter\"><img loading=\"lazy\" decoding=\"async\" width=\"724\" height=\"1024\" src=\"https:\/\/prawdajestciekawa.pl\/wp-content\/uploads\/2026\/07\/PJC090-724x1024.jpg\" class=\"attachment-large size-large wp-post-image\" alt=\"\" style=\"width:100%;height:141.44%;max-width:794px;\" srcset=\"https:\/\/prawdajestciekawa.pl\/wp-content\/uploads\/2026\/07\/PJC090-724x1024.jpg 724w, https:\/\/prawdajestciekawa.pl\/wp-content\/uploads\/2026\/07\/PJC090-212x300.jpg 212w, https:\/\/prawdajestciekawa.pl\/wp-content\/uploads\/2026\/07\/PJC090-768x1086.jpg 768w, https:\/\/prawdajestciekawa.pl\/wp-content\/uploads\/2026\/07\/PJC090-450x636.jpg 450w, https:\/\/prawdajestciekawa.pl\/wp-content\/uploads\/2026\/07\/PJC090-600x849.jpg 600w, https:\/\/prawdajestciekawa.pl\/wp-content\/uploads\/2026\/07\/PJC090.jpg 794w\" sizes=\"auto, (max-width: 724px) 100vw, 724px\" \/><\/div><a class=\"wp-block-latest-posts__post-title\" href=\"https:\/\/prawdajestciekawa.pl\/?p=7042\">Prawda jest ciekawa nr 90 (376)<\/a><div class=\"wp-block-latest-posts__post-author\">przez Artur Waszkielewicz<\/div><div class=\"wp-block-latest-posts__post-excerpt\"><\/div><\/li>\n<li><div class=\"wp-block-latest-posts__featured-image aligncenter\"><img loading=\"lazy\" decoding=\"async\" width=\"750\" height=\"604\" src=\"https:\/\/prawdajestciekawa.pl\/wp-content\/uploads\/2026\/07\/PMM_Mateusz-Morawiecki-w-kanale-Zero-1024x824.jpg\" class=\"attachment-large size-large wp-post-image\" alt=\"\" style=\"width:100%;height:80.5%;max-width:1200px;\" srcset=\"https:\/\/prawdajestciekawa.pl\/wp-content\/uploads\/2026\/07\/PMM_Mateusz-Morawiecki-w-kanale-Zero-1024x824.jpg 1024w, https:\/\/prawdajestciekawa.pl\/wp-content\/uploads\/2026\/07\/PMM_Mateusz-Morawiecki-w-kanale-Zero-300x242.jpg 300w, https:\/\/prawdajestciekawa.pl\/wp-content\/uploads\/2026\/07\/PMM_Mateusz-Morawiecki-w-kanale-Zero-768x618.jpg 768w, https:\/\/prawdajestciekawa.pl\/wp-content\/uploads\/2026\/07\/PMM_Mateusz-Morawiecki-w-kanale-Zero-450x362.jpg 450w, https:\/\/prawdajestciekawa.pl\/wp-content\/uploads\/2026\/07\/PMM_Mateusz-Morawiecki-w-kanale-Zero-600x483.jpg 600w, https:\/\/prawdajestciekawa.pl\/wp-content\/uploads\/2026\/07\/PMM_Mateusz-Morawiecki-w-kanale-Zero.jpg 1200w\" sizes=\"auto, (max-width: 750px) 100vw, 750px\" \/><\/div><a class=\"wp-block-latest-posts__post-title\" href=\"https:\/\/prawdajestciekawa.pl\/?p=7039\">Oczy\u015bci\u0107 stajni\u0119 Augiasza<\/a><div class=\"wp-block-latest-posts__post-author\">przez Redakcja PJC<\/div><div class=\"wp-block-latest-posts__post-excerpt\">23.06.2026 Mateusz Morawiecki w kanale Zero Jacek Prusinowski: Panie premierze, odwo\u0142anie Zarz\u0105du Szpitala Po\u0142udniowego, odwo\u0142anie Rady, \u015bledztwo prokuratorskie, odej\u015bcie z Koalicji Obywatelskiej, lekarza \u2013 milionera.&hellip; <a class=\"more-link\" href=\"https:\/\/prawdajestciekawa.pl\/?p=7039\">Czytaj dalej <span class=\"screen-reader-text\">Oczy\u015bci\u0107 stajni\u0119 Augiasza<\/span><\/a><\/div><\/li>\n<li><div class=\"wp-block-latest-posts__featured-image aligncenter\"><img loading=\"lazy\" decoding=\"async\" width=\"750\" height=\"470\" src=\"https:\/\/prawdajestciekawa.pl\/wp-content\/uploads\/2026\/07\/PMM_Mateusz-Morawiecki_Polsat-News-1024x642.jpg\" class=\"attachment-large size-large wp-post-image\" alt=\"\" style=\"width:100%;height:62.67%;max-width:1200px;\" srcset=\"https:\/\/prawdajestciekawa.pl\/wp-content\/uploads\/2026\/07\/PMM_Mateusz-Morawiecki_Polsat-News-1024x642.jpg 1024w, https:\/\/prawdajestciekawa.pl\/wp-content\/uploads\/2026\/07\/PMM_Mateusz-Morawiecki_Polsat-News-300x188.jpg 300w, https:\/\/prawdajestciekawa.pl\/wp-content\/uploads\/2026\/07\/PMM_Mateusz-Morawiecki_Polsat-News-768x481.jpg 768w, https:\/\/prawdajestciekawa.pl\/wp-content\/uploads\/2026\/07\/PMM_Mateusz-Morawiecki_Polsat-News-450x282.jpg 450w, https:\/\/prawdajestciekawa.pl\/wp-content\/uploads\/2026\/07\/PMM_Mateusz-Morawiecki_Polsat-News-600x376.jpg 600w, https:\/\/prawdajestciekawa.pl\/wp-content\/uploads\/2026\/07\/PMM_Mateusz-Morawiecki_Polsat-News.jpg 1200w\" sizes=\"auto, (max-width: 750px) 100vw, 750px\" \/><\/div><a class=\"wp-block-latest-posts__post-title\" href=\"https:\/\/prawdajestciekawa.pl\/?p=7036\">Nie b\u00f3jcie si\u0119<\/a><div class=\"wp-block-latest-posts__post-author\">przez Redakcja PJC<\/div><div class=\"wp-block-latest-posts__post-excerpt\">24.06.2026 Mateusz Morawiecki jako Go\u015b\u0107 Wydarze\u0144 w Polsat News O aferze w Szpitalu Po\u0142udniowym By\u0142y premier odni\u00f3s\u0142 si\u0119 do afery w Szpitalu Po\u0142udniowym w Warszawie,&hellip; <a class=\"more-link\" href=\"https:\/\/prawdajestciekawa.pl\/?p=7036\">Czytaj dalej <span class=\"screen-reader-text\">Nie b\u00f3jcie si\u0119<\/span><\/a><\/div><\/li>\n<li><div class=\"wp-block-latest-posts__featured-image aligncenter\"><img loading=\"lazy\" decoding=\"async\" width=\"750\" height=\"500\" src=\"https:\/\/prawdajestciekawa.pl\/wp-content\/uploads\/2026\/07\/Redakcja_Nagrodzeni-Wroclawianie_Tomasz-Wojcik_fot-1024x683.jpg\" class=\"attachment-large size-large wp-post-image\" alt=\"\" style=\"width:100%;height:66.67%;max-width:1200px;\" srcset=\"https:\/\/prawdajestciekawa.pl\/wp-content\/uploads\/2026\/07\/Redakcja_Nagrodzeni-Wroclawianie_Tomasz-Wojcik_fot-1024x683.jpg 1024w, https:\/\/prawdajestciekawa.pl\/wp-content\/uploads\/2026\/07\/Redakcja_Nagrodzeni-Wroclawianie_Tomasz-Wojcik_fot-300x200.jpg 300w, https:\/\/prawdajestciekawa.pl\/wp-content\/uploads\/2026\/07\/Redakcja_Nagrodzeni-Wroclawianie_Tomasz-Wojcik_fot-768x512.jpg 768w, https:\/\/prawdajestciekawa.pl\/wp-content\/uploads\/2026\/07\/Redakcja_Nagrodzeni-Wroclawianie_Tomasz-Wojcik_fot-450x300.jpg 450w, https:\/\/prawdajestciekawa.pl\/wp-content\/uploads\/2026\/07\/Redakcja_Nagrodzeni-Wroclawianie_Tomasz-Wojcik_fot-600x400.jpg 600w, https:\/\/prawdajestciekawa.pl\/wp-content\/uploads\/2026\/07\/Redakcja_Nagrodzeni-Wroclawianie_Tomasz-Wojcik_fot.jpg 1200w\" sizes=\"auto, (max-width: 750px) 100vw, 750px\" \/><\/div><a class=\"wp-block-latest-posts__post-title\" href=\"https:\/\/prawdajestciekawa.pl\/?p=7033\">Wroc\u0142awskie wyrazy wdzi\u0119czno\u015bci<\/a><div class=\"wp-block-latest-posts__post-author\">przez Redakcja PJC<\/div><div class=\"wp-block-latest-posts__post-excerpt\">Wybitni ludzie i instytucje. Profesjonali\u015bci i entuzja\u015bci. Naukowcy i arty\u015bci. Zostali wyr\u00f3\u017cnieni 24 czerwca 2026 roku podczas obchod\u00f3w \u015awi\u0119ta Wroc\u0142awia. Uroczysta sesja Rady Miejskiej Wroc\u0142awia&hellip; <a class=\"more-link\" href=\"https:\/\/prawdajestciekawa.pl\/?p=7033\">Czytaj dalej <span class=\"screen-reader-text\">Wroc\u0142awskie wyrazy wdzi\u0119czno\u015bci<\/span><\/a><\/div><\/li>\n<li><div class=\"wp-block-latest-posts__featured-image aligncenter\"><img loading=\"lazy\" decoding=\"async\" width=\"750\" height=\"500\" src=\"https:\/\/prawdajestciekawa.pl\/wp-content\/uploads\/2026\/07\/7__1808-1024x683.jpg\" class=\"attachment-large size-large wp-post-image\" alt=\"\" style=\"width:100%;height:66.67%;max-width:1920px;\" srcset=\"https:\/\/prawdajestciekawa.pl\/wp-content\/uploads\/2026\/07\/7__1808-1024x683.jpg 1024w, https:\/\/prawdajestciekawa.pl\/wp-content\/uploads\/2026\/07\/7__1808-300x200.jpg 300w, https:\/\/prawdajestciekawa.pl\/wp-content\/uploads\/2026\/07\/7__1808-768x512.jpg 768w, https:\/\/prawdajestciekawa.pl\/wp-content\/uploads\/2026\/07\/7__1808-1536x1024.jpg 1536w, https:\/\/prawdajestciekawa.pl\/wp-content\/uploads\/2026\/07\/7__1808-1568x1045.jpg 1568w, https:\/\/prawdajestciekawa.pl\/wp-content\/uploads\/2026\/07\/7__1808-450x300.jpg 450w, https:\/\/prawdajestciekawa.pl\/wp-content\/uploads\/2026\/07\/7__1808-600x400.jpg 600w, https:\/\/prawdajestciekawa.pl\/wp-content\/uploads\/2026\/07\/7__1808.jpg 1920w\" sizes=\"auto, (max-width: 750px) 100vw, 750px\" \/><\/div><a class=\"wp-block-latest-posts__post-title\" href=\"https:\/\/prawdajestciekawa.pl\/?p=7008\">Wroc\u0142awska Wolno\u015b\u0107<\/a><div class=\"wp-block-latest-posts__post-author\">przez Redakcja PJC<\/div><div class=\"wp-block-latest-posts__post-excerpt\">Uniwersytet Wroc\u0142awski 25.06.2026 Ju\u017c po raz pi\u0105ty w murach gmachu g\u0142\u00f3wnego Uniwersytetu Wroc\u0142awskiego wr\u0119czono odznaczenia \u201eWroc\u0142awska Wolno\u015b\u0107\u201d. W tym roku uhonorowano ni\u0105 34 osoby, w\u015br\u00f3d&hellip; <a class=\"more-link\" href=\"https:\/\/prawdajestciekawa.pl\/?p=7008\">Czytaj dalej <span class=\"screen-reader-text\">Wroc\u0142awska Wolno\u015b\u0107<\/span><\/a><\/div><\/li>\n<li><div class=\"wp-block-latest-posts__featured-image aligncenter\"><img loading=\"lazy\" decoding=\"async\" width=\"750\" height=\"500\" src=\"https:\/\/prawdajestciekawa.pl\/wp-content\/uploads\/2026\/07\/7__9636-1024x683.jpg\" class=\"attachment-large size-large wp-post-image\" alt=\"\" style=\"width:100%;height:66.67%;max-width:1920px;\" srcset=\"https:\/\/prawdajestciekawa.pl\/wp-content\/uploads\/2026\/07\/7__9636-1024x683.jpg 1024w, https:\/\/prawdajestciekawa.pl\/wp-content\/uploads\/2026\/07\/7__9636-300x200.jpg 300w, https:\/\/prawdajestciekawa.pl\/wp-content\/uploads\/2026\/07\/7__9636-768x512.jpg 768w, https:\/\/prawdajestciekawa.pl\/wp-content\/uploads\/2026\/07\/7__9636-1536x1024.jpg 1536w, https:\/\/prawdajestciekawa.pl\/wp-content\/uploads\/2026\/07\/7__9636-1568x1045.jpg 1568w, https:\/\/prawdajestciekawa.pl\/wp-content\/uploads\/2026\/07\/7__9636-450x300.jpg 450w, https:\/\/prawdajestciekawa.pl\/wp-content\/uploads\/2026\/07\/7__9636-600x400.jpg 600w, https:\/\/prawdajestciekawa.pl\/wp-content\/uploads\/2026\/07\/7__9636.jpg 1920w\" sizes=\"auto, (max-width: 750px) 100vw, 750px\" \/><\/div><a class=\"wp-block-latest-posts__post-title\" href=\"https:\/\/prawdajestciekawa.pl\/?p=7005\">Protest w Radomiu w czerwcu 1976 roku<\/a><div class=\"wp-block-latest-posts__post-author\">przez Dr \u0141ukasz Kami\u0144ski<\/div><div class=\"wp-block-latest-posts__post-excerpt\">Panie Rektorze, Panie Przewodnicz\u0105cy, Szanowni Pa\u0144stwo. Dok\u0142adnie dzi\u015b mija 50 lat od tego najkr\u00f3tszego w dziejach masowego protestu w czasie PRL. To by\u0142 protest, kt\u00f3ry&hellip; <a class=\"more-link\" href=\"https:\/\/prawdajestciekawa.pl\/?p=7005\">Czytaj dalej <span class=\"screen-reader-text\">Protest w Radomiu w czerwcu 1976 roku<\/span><\/a><\/div><\/li>\n<li><a class=\"wp-block-latest-posts__post-title\" href=\"https:\/\/prawdajestciekawa.pl\/?p=7003\">Rozstrzelano moje serce<\/a><div class=\"wp-block-latest-posts__post-author\">przez Redakcja PJC<\/div><div class=\"wp-block-latest-posts__post-excerpt\">Kazimiera I\u0142\u0142akowicz\u00f3wna Chcia\u0142am o kulturze napisa\u0107naprawd\u0119 inteligentnie,lecz zacz\u0119\u0142y kule \u015bwista\u0107i szyby dygota\u0107 i p\u0119ka\u0107.Pochyli\u0142am si\u0119 \u2013 jak ka\u017ce przepis\u2013 nad dziejami dwudziestolecia,ale z pi\u00f3ra kleks&hellip; <a class=\"more-link\" href=\"https:\/\/prawdajestciekawa.pl\/?p=7003\">Czytaj dalej <span class=\"screen-reader-text\">Rozstrzelano moje serce<\/span><\/a><\/div><\/li>\n<li><div class=\"wp-block-latest-posts__featured-image aligncenter\"><img loading=\"lazy\" decoding=\"async\" width=\"750\" height=\"393\" src=\"https:\/\/prawdajestciekawa.pl\/wp-content\/uploads\/2026\/07\/Ukrainskie_Zdjecie-neonazistowskiego-pulku-ukrainskiej-armii-o-nazwie-Luftwaffe-1024x536.jpg\" class=\"attachment-large size-large wp-post-image\" alt=\"\" style=\"width:100%;height:52.33%;max-width:1200px;\" srcset=\"https:\/\/prawdajestciekawa.pl\/wp-content\/uploads\/2026\/07\/Ukrainskie_Zdjecie-neonazistowskiego-pulku-ukrainskiej-armii-o-nazwie-Luftwaffe-1024x536.jpg 1024w, https:\/\/prawdajestciekawa.pl\/wp-content\/uploads\/2026\/07\/Ukrainskie_Zdjecie-neonazistowskiego-pulku-ukrainskiej-armii-o-nazwie-Luftwaffe-300x157.jpg 300w, https:\/\/prawdajestciekawa.pl\/wp-content\/uploads\/2026\/07\/Ukrainskie_Zdjecie-neonazistowskiego-pulku-ukrainskiej-armii-o-nazwie-Luftwaffe-768x402.jpg 768w, https:\/\/prawdajestciekawa.pl\/wp-content\/uploads\/2026\/07\/Ukrainskie_Zdjecie-neonazistowskiego-pulku-ukrainskiej-armii-o-nazwie-Luftwaffe-450x236.jpg 450w, https:\/\/prawdajestciekawa.pl\/wp-content\/uploads\/2026\/07\/Ukrainskie_Zdjecie-neonazistowskiego-pulku-ukrainskiej-armii-o-nazwie-Luftwaffe-600x314.jpg 600w, https:\/\/prawdajestciekawa.pl\/wp-content\/uploads\/2026\/07\/Ukrainskie_Zdjecie-neonazistowskiego-pulku-ukrainskiej-armii-o-nazwie-Luftwaffe.jpg 1200w\" sizes=\"auto, (max-width: 750px) 100vw, 750px\" \/><\/div><a class=\"wp-block-latest-posts__post-title\" href=\"https:\/\/prawdajestciekawa.pl\/?p=6997\">Stop gloryfikowaniu ludob\u00f3jc\u00f3w<\/a><div class=\"wp-block-latest-posts__post-author\">przez Alicja Grzymalska<\/div><div class=\"wp-block-latest-posts__post-excerpt\">\u201eJest jedna tylko rzecz w \u017cyciu ludzi, narod\u00f3w i pa\u0144stw, kt\u00f3ra jest bezcenna. T\u0105 rzecz\u0105 jest honor.\u201d Pami\u0119\u0107 o tragedii na Wo\u0142yniu jest kluczowa dla&hellip; <a class=\"more-link\" href=\"https:\/\/prawdajestciekawa.pl\/?p=6997\">Czytaj dalej <span class=\"screen-reader-text\">Stop gloryfikowaniu ludob\u00f3jc\u00f3w<\/span><\/a><\/div><\/li>\n<li><div class=\"wp-block-latest-posts__featured-image aligncenter\"><img loading=\"lazy\" decoding=\"async\" width=\"750\" height=\"518\" src=\"https:\/\/prawdajestciekawa.pl\/wp-content\/uploads\/2026\/07\/P.Gaglik_Ukrainscy-ochotnicy-do-SS-Galizien-1024x707.jpg\" class=\"attachment-large size-large wp-post-image\" alt=\"\" style=\"width:100%;height:69.04%;max-width:1276px;\" srcset=\"https:\/\/prawdajestciekawa.pl\/wp-content\/uploads\/2026\/07\/P.Gaglik_Ukrainscy-ochotnicy-do-SS-Galizien-1024x707.jpg 1024w, https:\/\/prawdajestciekawa.pl\/wp-content\/uploads\/2026\/07\/P.Gaglik_Ukrainscy-ochotnicy-do-SS-Galizien-300x207.jpg 300w, https:\/\/prawdajestciekawa.pl\/wp-content\/uploads\/2026\/07\/P.Gaglik_Ukrainscy-ochotnicy-do-SS-Galizien-768x530.jpg 768w, https:\/\/prawdajestciekawa.pl\/wp-content\/uploads\/2026\/07\/P.Gaglik_Ukrainscy-ochotnicy-do-SS-Galizien-450x311.jpg 450w, https:\/\/prawdajestciekawa.pl\/wp-content\/uploads\/2026\/07\/P.Gaglik_Ukrainscy-ochotnicy-do-SS-Galizien-600x414.jpg 600w, https:\/\/prawdajestciekawa.pl\/wp-content\/uploads\/2026\/07\/P.Gaglik_Ukrainscy-ochotnicy-do-SS-Galizien.jpg 1276w\" sizes=\"auto, (max-width: 750px) 100vw, 750px\" \/><\/div><a class=\"wp-block-latest-posts__post-title\" href=\"https:\/\/prawdajestciekawa.pl\/?p=6993\">Mijanie si\u0119 z prawd\u0105 poprzedza zag\u0142uszanie sumienia<\/a><div class=\"wp-block-latest-posts__post-author\">przez Piotr Gaglik<\/div><div class=\"wp-block-latest-posts__post-excerpt\">U progu 60. rocznicy zbrodni wo\u0142y\u0144skiej, w czerwcu 2001 roku, Jan Pawe\u0142 II apelowa\u0142 o pojednanie poprzedzone rachunkiem sumienia. Dwa lata p\u00f3\u017aniej, w czasie pami\u0119tnej&hellip; <a class=\"more-link\" href=\"https:\/\/prawdajestciekawa.pl\/?p=6993\">Czytaj dalej <span class=\"screen-reader-text\">Mijanie si\u0119 z prawd\u0105 poprzedza zag\u0142uszanie sumienia<\/span><\/a><\/div><\/li>\n<li><div class=\"wp-block-latest-posts__featured-image aligncenter\"><img loading=\"lazy\" decoding=\"async\" width=\"750\" height=\"491\" src=\"https:\/\/prawdajestciekawa.pl\/wp-content\/uploads\/2026\/07\/Z2-1024x670.jpg\" class=\"attachment-large size-large wp-post-image\" alt=\"\" style=\"width:100%;height:65.42%;max-width:1200px;\" srcset=\"https:\/\/prawdajestciekawa.pl\/wp-content\/uploads\/2026\/07\/Z2-1024x670.jpg 1024w, https:\/\/prawdajestciekawa.pl\/wp-content\/uploads\/2026\/07\/Z2-300x196.jpg 300w, https:\/\/prawdajestciekawa.pl\/wp-content\/uploads\/2026\/07\/Z2-768x502.jpg 768w, https:\/\/prawdajestciekawa.pl\/wp-content\/uploads\/2026\/07\/Z2-450x294.jpg 450w, https:\/\/prawdajestciekawa.pl\/wp-content\/uploads\/2026\/07\/Z2-600x393.jpg 600w, https:\/\/prawdajestciekawa.pl\/wp-content\/uploads\/2026\/07\/Z2.jpg 1200w\" sizes=\"auto, (max-width: 750px) 100vw, 750px\" \/><\/div><a class=\"wp-block-latest-posts__post-title\" href=\"https:\/\/prawdajestciekawa.pl\/?p=6987\">Kur eini, gra\u017euole?<\/a><div class=\"wp-block-latest-posts__post-author\">przez Zbigniew Makarewicz<\/div><div class=\"wp-block-latest-posts__post-excerpt\">Jak donosz\u0105 media: 1.&nbsp; Polska firma wygra\u0142a mi\u0119dzynarodowy przetarg na budow\u0119 we Lwowie zak\u0142ad\u00f3w przer\u00f3bki odpad\u00f3w. Po zako\u0144czeniu inwestycji w\u0142adze Lwowa odm\u00f3wi\u0142y wyp\u0142acenia um\u00f3wionych honorari\u00f3w,&hellip; <a class=\"more-link\" href=\"https:\/\/prawdajestciekawa.pl\/?p=6987\">Czytaj dalej <span class=\"screen-reader-text\">Kur eini, gra\u017euole?<\/span><\/a><\/div><\/li>\n<li><div class=\"wp-block-latest-posts__featured-image aligncenter\"><img loading=\"lazy\" decoding=\"async\" width=\"750\" height=\"500\" src=\"https:\/\/prawdajestciekawa.pl\/wp-content\/uploads\/2026\/07\/M2-1024x683.jpg\" class=\"attachment-large size-large wp-post-image\" alt=\"\" style=\"width:100%;height:66.67%;max-width:1200px;\" srcset=\"https:\/\/prawdajestciekawa.pl\/wp-content\/uploads\/2026\/07\/M2-1024x683.jpg 1024w, https:\/\/prawdajestciekawa.pl\/wp-content\/uploads\/2026\/07\/M2-300x200.jpg 300w, https:\/\/prawdajestciekawa.pl\/wp-content\/uploads\/2026\/07\/M2-768x512.jpg 768w, https:\/\/prawdajestciekawa.pl\/wp-content\/uploads\/2026\/07\/M2-450x300.jpg 450w, https:\/\/prawdajestciekawa.pl\/wp-content\/uploads\/2026\/07\/M2-600x400.jpg 600w, https:\/\/prawdajestciekawa.pl\/wp-content\/uploads\/2026\/07\/M2.jpg 1200w\" sizes=\"auto, (max-width: 750px) 100vw, 750px\" \/><\/div><a class=\"wp-block-latest-posts__post-title\" href=\"https:\/\/prawdajestciekawa.pl\/?p=6983\">I co nam to da\u0142o?<\/a><div class=\"wp-block-latest-posts__post-author\">przez Micha\u0142 Siekierka<\/div><div class=\"wp-block-latest-posts__post-excerpt\">To chyba g\u0142\u00f3wne pytanie, jakie s\u0142yszymy dzi\u015b ze strony medi\u00f3w sprzyjaj\u0105cych rz\u0105dowi oraz polityk\u00f3w, dla kt\u00f3rych przez lata stosunki polsko-ukrai\u0144skie mia\u0142y opiera\u0107 si\u0119 na zasadzie&hellip; <a class=\"more-link\" href=\"https:\/\/prawdajestciekawa.pl\/?p=6983\">Czytaj dalej <span class=\"screen-reader-text\">I co nam to da\u0142o?<\/span><\/a><\/div><\/li>\n<li><div class=\"wp-block-latest-posts__featured-image aligncenter\"><img loading=\"lazy\" decoding=\"async\" width=\"750\" height=\"475\" src=\"https:\/\/prawdajestciekawa.pl\/wp-content\/uploads\/2026\/07\/A.Manasterski_Jan-Matejko.-Potega-Rzeczypospolitej-u-zenitu.-Zlota-wolnosc-1024x649.jpg\" class=\"attachment-large size-large wp-post-image\" alt=\"\" style=\"width:100%;height:63.42%;max-width:1200px;\" srcset=\"https:\/\/prawdajestciekawa.pl\/wp-content\/uploads\/2026\/07\/A.Manasterski_Jan-Matejko.-Potega-Rzeczypospolitej-u-zenitu.-Zlota-wolnosc-1024x649.jpg 1024w, https:\/\/prawdajestciekawa.pl\/wp-content\/uploads\/2026\/07\/A.Manasterski_Jan-Matejko.-Potega-Rzeczypospolitej-u-zenitu.-Zlota-wolnosc-300x190.jpg 300w, https:\/\/prawdajestciekawa.pl\/wp-content\/uploads\/2026\/07\/A.Manasterski_Jan-Matejko.-Potega-Rzeczypospolitej-u-zenitu.-Zlota-wolnosc-768x487.jpg 768w, https:\/\/prawdajestciekawa.pl\/wp-content\/uploads\/2026\/07\/A.Manasterski_Jan-Matejko.-Potega-Rzeczypospolitej-u-zenitu.-Zlota-wolnosc-450x285.jpg 450w, https:\/\/prawdajestciekawa.pl\/wp-content\/uploads\/2026\/07\/A.Manasterski_Jan-Matejko.-Potega-Rzeczypospolitej-u-zenitu.-Zlota-wolnosc-600x381.jpg 600w, https:\/\/prawdajestciekawa.pl\/wp-content\/uploads\/2026\/07\/A.Manasterski_Jan-Matejko.-Potega-Rzeczypospolitej-u-zenitu.-Zlota-wolnosc.jpg 1200w\" sizes=\"auto, (max-width: 750px) 100vw, 750px\" \/><\/div><a class=\"wp-block-latest-posts__post-title\" href=\"https:\/\/prawdajestciekawa.pl\/?p=6978\">\u201eKu czemu Polska sz\u0142a?\u201d<\/a><div class=\"wp-block-latest-posts__post-author\">przez Andrzej Manasterski<\/div><div class=\"wp-block-latest-posts__post-excerpt\">Artur G\u00f3rski (1870-1959), podpisuj\u0105cy si\u0119 tak\u017ce \u201eQuasimodo\u201d jako pisarz, badacz literatury, dziennikarz i nauczyciel, zajmowa\u0142 si\u0119 tw\u00f3rczo\u015bci\u0105 Adama Mickiewicza i okresem M\u0142odej Polski. By\u0142 \u201eojcem&hellip; <a class=\"more-link\" href=\"https:\/\/prawdajestciekawa.pl\/?p=6978\">Czytaj dalej <span class=\"screen-reader-text\">\u201eKu czemu Polska sz\u0142a?\u201d<\/span><\/a><\/div><\/li>\n<li><div class=\"wp-block-latest-posts__featured-image aligncenter\"><img loading=\"lazy\" decoding=\"async\" width=\"750\" height=\"563\" src=\"https:\/\/prawdajestciekawa.pl\/wp-content\/uploads\/2026\/07\/WhatsApp-Image-2026-06-27-at-00.25-1024x768.jpg\" class=\"attachment-large size-large wp-post-image\" alt=\"\" style=\"width:100%;height:75%;max-width:1200px;\" srcset=\"https:\/\/prawdajestciekawa.pl\/wp-content\/uploads\/2026\/07\/WhatsApp-Image-2026-06-27-at-00.25-1024x768.jpg 1024w, https:\/\/prawdajestciekawa.pl\/wp-content\/uploads\/2026\/07\/WhatsApp-Image-2026-06-27-at-00.25-300x225.jpg 300w, https:\/\/prawdajestciekawa.pl\/wp-content\/uploads\/2026\/07\/WhatsApp-Image-2026-06-27-at-00.25-768x576.jpg 768w, https:\/\/prawdajestciekawa.pl\/wp-content\/uploads\/2026\/07\/WhatsApp-Image-2026-06-27-at-00.25-450x338.jpg 450w, https:\/\/prawdajestciekawa.pl\/wp-content\/uploads\/2026\/07\/WhatsApp-Image-2026-06-27-at-00.25-600x450.jpg 600w, https:\/\/prawdajestciekawa.pl\/wp-content\/uploads\/2026\/07\/WhatsApp-Image-2026-06-27-at-00.25.jpg 1200w\" sizes=\"auto, (max-width: 750px) 100vw, 750px\" \/><\/div><a class=\"wp-block-latest-posts__post-title\" href=\"https:\/\/prawdajestciekawa.pl\/?p=6973\">Kornel \u2013 wizjoner polskiej niepodleg\u0142o\u015bci<\/a><div class=\"wp-block-latest-posts__post-author\">przez Artur Adamski<\/div><div class=\"wp-block-latest-posts__post-excerpt\">Konferencja \u201eOpozycja Antykomunistyczna na Dolnym \u015al\u0105sku\u201d W sobot\u0119 13 czerwca 2026 roku przyby\u0142a do dawnej Zajezdni autobusowej przy ul. Grabiszy\u0144skiej rzesza dzia\u0142aczy opozycji z czas\u00f3w&hellip; <a class=\"more-link\" href=\"https:\/\/prawdajestciekawa.pl\/?p=6973\">Czytaj dalej <span class=\"screen-reader-text\">Kornel \u2013 wizjoner polskiej niepodleg\u0142o\u015bci<\/span><\/a><\/div><\/li>\n<li><div class=\"wp-block-latest-posts__featured-image aligncenter\"><img loading=\"lazy\" decoding=\"async\" width=\"750\" height=\"500\" src=\"https:\/\/prawdajestciekawa.pl\/wp-content\/uploads\/2026\/07\/S.Potycz_Sesja-legnickiej-Rady-Miejskiej-z-udzialem-prezydenta-i-mieszkancow-27.10.2025_fot-1024x683.jpg\" class=\"attachment-large size-large wp-post-image\" alt=\"\" style=\"width:100%;height:66.67%;max-width:1200px;\" srcset=\"https:\/\/prawdajestciekawa.pl\/wp-content\/uploads\/2026\/07\/S.Potycz_Sesja-legnickiej-Rady-Miejskiej-z-udzialem-prezydenta-i-mieszkancow-27.10.2025_fot-1024x683.jpg 1024w, https:\/\/prawdajestciekawa.pl\/wp-content\/uploads\/2026\/07\/S.Potycz_Sesja-legnickiej-Rady-Miejskiej-z-udzialem-prezydenta-i-mieszkancow-27.10.2025_fot-300x200.jpg 300w, https:\/\/prawdajestciekawa.pl\/wp-content\/uploads\/2026\/07\/S.Potycz_Sesja-legnickiej-Rady-Miejskiej-z-udzialem-prezydenta-i-mieszkancow-27.10.2025_fot-768x512.jpg 768w, https:\/\/prawdajestciekawa.pl\/wp-content\/uploads\/2026\/07\/S.Potycz_Sesja-legnickiej-Rady-Miejskiej-z-udzialem-prezydenta-i-mieszkancow-27.10.2025_fot-450x300.jpg 450w, https:\/\/prawdajestciekawa.pl\/wp-content\/uploads\/2026\/07\/S.Potycz_Sesja-legnickiej-Rady-Miejskiej-z-udzialem-prezydenta-i-mieszkancow-27.10.2025_fot-600x400.jpg 600w, https:\/\/prawdajestciekawa.pl\/wp-content\/uploads\/2026\/07\/S.Potycz_Sesja-legnickiej-Rady-Miejskiej-z-udzialem-prezydenta-i-mieszkancow-27.10.2025_fot.jpg 1200w\" sizes=\"auto, (max-width: 750px) 100vw, 750px\" \/><\/div><a class=\"wp-block-latest-posts__post-title\" href=\"https:\/\/prawdajestciekawa.pl\/?p=6968\">Prezydent Legnicy zarz\u0105dzi\u0142 zdj\u0119cie Krzy\u017ca w sali obrad Rady Miejskiej Legnicy<\/a><div class=\"wp-block-latest-posts__post-author\">przez Stanis\u0142aw Andrzej Potycz<\/div><div class=\"wp-block-latest-posts__post-excerpt\">Sp\u00f3r o Krzy\u017c W 1997 roku na g\u0142\u00f3wnej \u015bcianie sali obrad Rady Miejskiej Legnicy zosta\u0142 powieszony i po\u015bwi\u0119cony Krzy\u017c. Zadecydowali o tym radni. Krzy\u017c wisia\u0142&hellip; <a class=\"more-link\" href=\"https:\/\/prawdajestciekawa.pl\/?p=6968\">Czytaj dalej <span class=\"screen-reader-text\">Prezydent Legnicy zarz\u0105dzi\u0142 zdj\u0119cie Krzy\u017ca w sali obrad Rady Miejskiej Legnicy<\/span><\/a><\/div><\/li>\n<li><div class=\"wp-block-latest-posts__featured-image aligncenter\"><img loading=\"lazy\" decoding=\"async\" width=\"750\" height=\"636\" src=\"https:\/\/prawdajestciekawa.pl\/wp-content\/uploads\/2026\/07\/W5-1024x869.jpg\" class=\"attachment-large size-large wp-post-image\" alt=\"\" style=\"width:100%;height:84.83%;max-width:1200px;\" srcset=\"https:\/\/prawdajestciekawa.pl\/wp-content\/uploads\/2026\/07\/W5-1024x869.jpg 1024w, https:\/\/prawdajestciekawa.pl\/wp-content\/uploads\/2026\/07\/W5-300x255.jpg 300w, https:\/\/prawdajestciekawa.pl\/wp-content\/uploads\/2026\/07\/W5-768x652.jpg 768w, https:\/\/prawdajestciekawa.pl\/wp-content\/uploads\/2026\/07\/W5-450x382.jpg 450w, https:\/\/prawdajestciekawa.pl\/wp-content\/uploads\/2026\/07\/W5-600x509.jpg 600w, https:\/\/prawdajestciekawa.pl\/wp-content\/uploads\/2026\/07\/W5.jpg 1200w\" sizes=\"auto, (max-width: 750px) 100vw, 750px\" \/><\/div><a class=\"wp-block-latest-posts__post-title\" href=\"https:\/\/prawdajestciekawa.pl\/?p=6962\">Dziadek nr 62388<\/a><div class=\"wp-block-latest-posts__post-author\">przez Wojciech Rohatyn Popkiewicz<\/div><div class=\"wp-block-latest-posts__post-excerpt\">14 czerwca 1940 roku Niemcy deportowali z wi\u0119zienia w Tarnowie pierwszych 728 Polak\u00f3w do Auschwitz. Dziadek m\u00f3j znalaz\u0142 si\u0119 tam dwa lata p\u00f3\u017aniej wraz z&hellip; <a class=\"more-link\" href=\"https:\/\/prawdajestciekawa.pl\/?p=6962\">Czytaj dalej <span class=\"screen-reader-text\">Dziadek nr 62388<\/span><\/a><\/div><\/li>\n<li><a class=\"wp-block-latest-posts__post-title\" href=\"https:\/\/prawdajestciekawa.pl\/?p=6960\">Przykr\u0119canie \u015bruby a la Filipiny. Sk\u0105d my to znamy?<\/a><div class=\"wp-block-latest-posts__post-author\">przez Ryszard Czarnecki<\/div><div class=\"wp-block-latest-posts__post-excerpt\">Pisz\u0119 te s\u0142owa na Filipinach, gdzie jestem po raz drugi w ci\u0105gu ostatnich dziewi\u0119ciu miesi\u0119cy a po raz trzeci w ci\u0105gu ostatnich paru lat. Widz\u0119&hellip; <a class=\"more-link\" href=\"https:\/\/prawdajestciekawa.pl\/?p=6960\">Czytaj dalej <span class=\"screen-reader-text\">Przykr\u0119canie \u015bruby a la Filipiny. Sk\u0105d my to znamy?<\/span><\/a><\/div><\/li>\n<li><div class=\"wp-block-latest-posts__featured-image aligncenter\"><img loading=\"lazy\" decoding=\"async\" width=\"750\" height=\"573\" src=\"https:\/\/prawdajestciekawa.pl\/wp-content\/uploads\/2026\/07\/Grafika_Cezary-Krysztopa_rekonstrukcja-1024x782.jpg\" class=\"attachment-large size-large wp-post-image\" alt=\"\" style=\"width:100%;height:76.33%;max-width:1200px;\" srcset=\"https:\/\/prawdajestciekawa.pl\/wp-content\/uploads\/2026\/07\/Grafika_Cezary-Krysztopa_rekonstrukcja-1024x782.jpg 1024w, https:\/\/prawdajestciekawa.pl\/wp-content\/uploads\/2026\/07\/Grafika_Cezary-Krysztopa_rekonstrukcja-300x229.jpg 300w, https:\/\/prawdajestciekawa.pl\/wp-content\/uploads\/2026\/07\/Grafika_Cezary-Krysztopa_rekonstrukcja-768x586.jpg 768w, https:\/\/prawdajestciekawa.pl\/wp-content\/uploads\/2026\/07\/Grafika_Cezary-Krysztopa_rekonstrukcja-450x344.jpg 450w, https:\/\/prawdajestciekawa.pl\/wp-content\/uploads\/2026\/07\/Grafika_Cezary-Krysztopa_rekonstrukcja-600x458.jpg 600w, https:\/\/prawdajestciekawa.pl\/wp-content\/uploads\/2026\/07\/Grafika_Cezary-Krysztopa_rekonstrukcja.jpg 1200w\" sizes=\"auto, (max-width: 750px) 100vw, 750px\" \/><\/div><a class=\"wp-block-latest-posts__post-title\" href=\"https:\/\/prawdajestciekawa.pl\/?p=6957\">Pisanie Historii<\/a><div class=\"wp-block-latest-posts__post-author\">przez Jerzy Pawlas<\/div><div class=\"wp-block-latest-posts__post-excerpt\">Polityka historyczna, rozumiana jako narzucanie innym swojej narracji, mo\u017ce by\u0107 r\u00f3wnie skuteczna, jak agresja kinetyczna, bo nar\u00f3d, kt\u00f3ry traci pami\u0119\u0107, nie ma to\u017csamo\u015bci. Nie liczy&hellip; <a class=\"more-link\" href=\"https:\/\/prawdajestciekawa.pl\/?p=6957\">Czytaj dalej <span class=\"screen-reader-text\">Pisanie Historii<\/span><\/a><\/div><\/li>\n<li><div class=\"wp-block-latest-posts__featured-image aligncenter\"><img loading=\"lazy\" decoding=\"async\" width=\"750\" height=\"750\" src=\"https:\/\/prawdajestciekawa.pl\/wp-content\/uploads\/2026\/07\/ROG_Berlin_podziekowania.jpg\" class=\"attachment-large size-large wp-post-image\" alt=\"\" style=\"width:100%;height:100%;max-width:900px;\" srcset=\"https:\/\/prawdajestciekawa.pl\/wp-content\/uploads\/2026\/07\/ROG_Berlin_podziekowania.jpg 900w, https:\/\/prawdajestciekawa.pl\/wp-content\/uploads\/2026\/07\/ROG_Berlin_podziekowania-300x300.jpg 300w, https:\/\/prawdajestciekawa.pl\/wp-content\/uploads\/2026\/07\/ROG_Berlin_podziekowania-150x150.jpg 150w, https:\/\/prawdajestciekawa.pl\/wp-content\/uploads\/2026\/07\/ROG_Berlin_podziekowania-768x768.jpg 768w, https:\/\/prawdajestciekawa.pl\/wp-content\/uploads\/2026\/07\/ROG_Berlin_podziekowania-450x450.jpg 450w, https:\/\/prawdajestciekawa.pl\/wp-content\/uploads\/2026\/07\/ROG_Berlin_podziekowania-600x600.jpg 600w, https:\/\/prawdajestciekawa.pl\/wp-content\/uploads\/2026\/07\/ROG_Berlin_podziekowania-100x100.jpg 100w\" sizes=\"auto, (max-width: 750px) 100vw, 750px\" \/><\/div><a class=\"wp-block-latest-posts__post-title\" href=\"https:\/\/prawdajestciekawa.pl\/?p=6953\">Pacyfikacja zamiast ochrony<\/a><div class=\"wp-block-latest-posts__post-author\">przez Oskar Kida<\/div><div class=\"wp-block-latest-posts__post-excerpt\">Prawo dzia\u0142a nie tylko wtedy, gdy jest wygodne dla Berlina, Brukseli albo polskich komentator\u00f3w powtarzaj\u0105cych cudz\u0105 narracj\u0119. Prawo albo obowi\u0105zuje wszystkich, albo staje si\u0119 dekoracj\u0105&hellip; <a class=\"more-link\" href=\"https:\/\/prawdajestciekawa.pl\/?p=6953\">Czytaj dalej <span class=\"screen-reader-text\">Pacyfikacja zamiast ochrony<\/span><\/a><\/div><\/li>\n<li><div class=\"wp-block-latest-posts__featured-image aligncenter\"><img loading=\"lazy\" decoding=\"async\" width=\"750\" height=\"497\" src=\"https:\/\/prawdajestciekawa.pl\/wp-content\/uploads\/2026\/07\/T-1024x678.jpg\" class=\"attachment-large size-large wp-post-image\" alt=\"\" style=\"width:100%;height:66.25%;max-width:1200px;\" srcset=\"https:\/\/prawdajestciekawa.pl\/wp-content\/uploads\/2026\/07\/T-1024x678.jpg 1024w, https:\/\/prawdajestciekawa.pl\/wp-content\/uploads\/2026\/07\/T-300x199.jpg 300w, https:\/\/prawdajestciekawa.pl\/wp-content\/uploads\/2026\/07\/T-768x509.jpg 768w, https:\/\/prawdajestciekawa.pl\/wp-content\/uploads\/2026\/07\/T-450x298.jpg 450w, https:\/\/prawdajestciekawa.pl\/wp-content\/uploads\/2026\/07\/T-600x398.jpg 600w, https:\/\/prawdajestciekawa.pl\/wp-content\/uploads\/2026\/07\/T.jpg 1200w\" sizes=\"auto, (max-width: 750px) 100vw, 750px\" \/><\/div><a class=\"wp-block-latest-posts__post-title\" href=\"https:\/\/prawdajestciekawa.pl\/?p=6950\">Sumienie Opola<\/a><div class=\"wp-block-latest-posts__post-author\">przez Tomasz Bia\u0142aszczyk<\/div><div class=\"wp-block-latest-posts__post-excerpt\">Apel o przyzwoito\u015b\u0107 i odpowiedzialno\u015b\u0107 W po\u0142owie czerwca na ul. Grunwaldzkiej w Opolu pojawi\u0142 si\u0119 nowy du\u017cy baner. Aktualny, tak jak poprzedni, o kt\u00f3rym pisali\u015bmy&hellip; <a class=\"more-link\" href=\"https:\/\/prawdajestciekawa.pl\/?p=6950\">Czytaj dalej <span class=\"screen-reader-text\">Sumienie Opola<\/span><\/a><\/div><\/li>\n<li><div class=\"wp-block-latest-posts__featured-image aligncenter\"><img loading=\"lazy\" decoding=\"async\" width=\"750\" height=\"498\" src=\"https:\/\/prawdajestciekawa.pl\/wp-content\/uploads\/2026\/07\/A.Szesztay_z-Orszagut_fot1-1024x680.jpg\" class=\"attachment-large size-large wp-post-image\" alt=\"\" style=\"width:100%;height:66.42%;max-width:1200px;\" srcset=\"https:\/\/prawdajestciekawa.pl\/wp-content\/uploads\/2026\/07\/A.Szesztay_z-Orszagut_fot1-1024x680.jpg 1024w, https:\/\/prawdajestciekawa.pl\/wp-content\/uploads\/2026\/07\/A.Szesztay_z-Orszagut_fot1-300x199.jpg 300w, https:\/\/prawdajestciekawa.pl\/wp-content\/uploads\/2026\/07\/A.Szesztay_z-Orszagut_fot1-768x510.jpg 768w, https:\/\/prawdajestciekawa.pl\/wp-content\/uploads\/2026\/07\/A.Szesztay_z-Orszagut_fot1-450x299.jpg 450w, https:\/\/prawdajestciekawa.pl\/wp-content\/uploads\/2026\/07\/A.Szesztay_z-Orszagut_fot1-600x399.jpg 600w, https:\/\/prawdajestciekawa.pl\/wp-content\/uploads\/2026\/07\/A.Szesztay_z-Orszagut_fot1.jpg 1200w\" sizes=\"auto, (max-width: 750px) 100vw, 750px\" \/><\/div><a class=\"wp-block-latest-posts__post-title\" href=\"https:\/\/prawdajestciekawa.pl\/?p=6946\">D\u0142uga droga do ugody w\u0119giersko-ukrai\u0144skiej<\/a><div class=\"wp-block-latest-posts__post-author\">przez \u00c1rp\u00e1d L. D\u00e9v\u00e9nyi<\/div><div class=\"wp-block-latest-posts__post-excerpt\">W po\u0142owie maja rozpocz\u0119\u0142y si\u0119 na szczeblu eksperckim rozmowy w\u0119giersko-ukrai\u0144skie maj\u0105ce na celu uregulowanie kwestii praw mniejszo\u015bci w\u0119gierskiej na Zakarpaciu (czyli zakarpackiej cz\u0119\u015bci Ukrainy). 3&hellip; <a class=\"more-link\" href=\"https:\/\/prawdajestciekawa.pl\/?p=6946\">Czytaj dalej <span class=\"screen-reader-text\">D\u0142uga droga do ugody w\u0119giersko-ukrai\u0144skiej<\/span><\/a><\/div><\/li>\n<li><div class=\"wp-block-latest-posts__featured-image aligncenter\"><img loading=\"lazy\" decoding=\"async\" width=\"750\" height=\"500\" src=\"https:\/\/prawdajestciekawa.pl\/wp-content\/uploads\/2026\/07\/M8-1024x683.jpg\" class=\"attachment-large size-large wp-post-image\" alt=\"\" style=\"width:100%;height:66.67%;max-width:1200px;\" srcset=\"https:\/\/prawdajestciekawa.pl\/wp-content\/uploads\/2026\/07\/M8-1024x683.jpg 1024w, https:\/\/prawdajestciekawa.pl\/wp-content\/uploads\/2026\/07\/M8-300x200.jpg 300w, https:\/\/prawdajestciekawa.pl\/wp-content\/uploads\/2026\/07\/M8-768x512.jpg 768w, https:\/\/prawdajestciekawa.pl\/wp-content\/uploads\/2026\/07\/M8-450x300.jpg 450w, https:\/\/prawdajestciekawa.pl\/wp-content\/uploads\/2026\/07\/M8-600x400.jpg 600w, https:\/\/prawdajestciekawa.pl\/wp-content\/uploads\/2026\/07\/M8.jpg 1200w\" sizes=\"auto, (max-width: 750px) 100vw, 750px\" \/><\/div><a class=\"wp-block-latest-posts__post-title\" href=\"https:\/\/prawdajestciekawa.pl\/?p=6939\">O emigracji i Polsce w Atlantic City<\/a><div class=\"wp-block-latest-posts__post-author\">przez Marek Bober<\/div><div class=\"wp-block-latest-posts__post-excerpt\">Stolica hazardu na Wschodnim Wybrze\u017cu sta\u0142a si\u0119 w tym roku miejscem drugiej konferencji, organizowanej przez \u015brodowiska szeroko rozumianej emigracji solidarno\u015bciowej. Wydarzenie otrzyma\u0142o honorowy patronat Instytutu&hellip; <a class=\"more-link\" href=\"https:\/\/prawdajestciekawa.pl\/?p=6939\">Czytaj dalej <span class=\"screen-reader-text\">O emigracji i Polsce w Atlantic City<\/span><\/a><\/div><\/li>\n<li><div class=\"wp-block-latest-posts__featured-image aligncenter\"><img loading=\"lazy\" decoding=\"async\" width=\"750\" height=\"405\" src=\"https:\/\/prawdajestciekawa.pl\/wp-content\/uploads\/2026\/07\/H.Dobrowolska_Manifestacja-w-Warszawie-14-czerwca-2026-fot-1024x553.jpg\" class=\"attachment-large size-large wp-post-image\" alt=\"\" style=\"width:100%;height:54%;max-width:1200px;\" srcset=\"https:\/\/prawdajestciekawa.pl\/wp-content\/uploads\/2026\/07\/H.Dobrowolska_Manifestacja-w-Warszawie-14-czerwca-2026-fot-1024x553.jpg 1024w, https:\/\/prawdajestciekawa.pl\/wp-content\/uploads\/2026\/07\/H.Dobrowolska_Manifestacja-w-Warszawie-14-czerwca-2026-fot-300x162.jpg 300w, https:\/\/prawdajestciekawa.pl\/wp-content\/uploads\/2026\/07\/H.Dobrowolska_Manifestacja-w-Warszawie-14-czerwca-2026-fot-768x415.jpg 768w, https:\/\/prawdajestciekawa.pl\/wp-content\/uploads\/2026\/07\/H.Dobrowolska_Manifestacja-w-Warszawie-14-czerwca-2026-fot-450x243.jpg 450w, https:\/\/prawdajestciekawa.pl\/wp-content\/uploads\/2026\/07\/H.Dobrowolska_Manifestacja-w-Warszawie-14-czerwca-2026-fot-600x324.jpg 600w, https:\/\/prawdajestciekawa.pl\/wp-content\/uploads\/2026\/07\/H.Dobrowolska_Manifestacja-w-Warszawie-14-czerwca-2026-fot.jpg 1200w\" sizes=\"auto, (max-width: 750px) 100vw, 750px\" \/><\/div><a class=\"wp-block-latest-posts__post-title\" href=\"https:\/\/prawdajestciekawa.pl\/?p=6933\">Gro\u017aba analfabetyzacji zawis\u0142a nad polsk\u0105 szko\u0142\u0105<\/a><div class=\"wp-block-latest-posts__post-author\">przez Hanna Dobrowolska<\/div><div class=\"wp-block-latest-posts__post-excerpt\">Resort edukacji pod rz\u0105dami Barbary Nowackiej wychowuje wsp\u00f3\u0142czesnych analfabet\u00f3w! Dokonuje si\u0119 to poprzez drena\u017c podstawy programowej, obni\u017canie wymaga\u0144 i marginalizacj\u0119 j\u0119zyka polskiego w nauczaniu szkolnym&hellip; <a class=\"more-link\" href=\"https:\/\/prawdajestciekawa.pl\/?p=6933\">Czytaj dalej <span class=\"screen-reader-text\">Gro\u017aba analfabetyzacji zawis\u0142a nad polsk\u0105 szko\u0142\u0105<\/span><\/a><\/div><\/li>\n<li><div class=\"wp-block-latest-posts__featured-image aligncenter\"><img loading=\"lazy\" decoding=\"async\" width=\"750\" height=\"327\" src=\"https:\/\/prawdajestciekawa.pl\/wp-content\/uploads\/2026\/07\/Szkola_KROPS_grafika-1024x447.jpg\" class=\"attachment-large size-large wp-post-image\" alt=\"\" style=\"width:100%;height:43.67%;max-width:1200px;\" srcset=\"https:\/\/prawdajestciekawa.pl\/wp-content\/uploads\/2026\/07\/Szkola_KROPS_grafika-1024x447.jpg 1024w, https:\/\/prawdajestciekawa.pl\/wp-content\/uploads\/2026\/07\/Szkola_KROPS_grafika-300x131.jpg 300w, https:\/\/prawdajestciekawa.pl\/wp-content\/uploads\/2026\/07\/Szkola_KROPS_grafika-768x335.jpg 768w, https:\/\/prawdajestciekawa.pl\/wp-content\/uploads\/2026\/07\/Szkola_KROPS_grafika-450x197.jpg 450w, https:\/\/prawdajestciekawa.pl\/wp-content\/uploads\/2026\/07\/Szkola_KROPS_grafika-600x262.jpg 600w, https:\/\/prawdajestciekawa.pl\/wp-content\/uploads\/2026\/07\/Szkola_KROPS_grafika.jpg 1200w\" sizes=\"auto, (max-width: 750px) 100vw, 750px\" \/><\/div><a class=\"wp-block-latest-posts__post-title\" href=\"https:\/\/prawdajestciekawa.pl\/?p=6930\">KROPS apeluje o weto Prezydenta do ustawy o rzecznikach \u201epraw uczniowskich\u201d<\/a><div class=\"wp-block-latest-posts__post-author\">przez Redakcja PJC<\/div><div class=\"wp-block-latest-posts__post-excerpt\">20 czerwca, 2026 Prezydent Rzeczypospolitej Polskiej Karol Nawrocki Szanowny Panie Prezydencie, jako koordynatorzy Koalicji na Rzecz Ocalenia Polskiej Szko\u0142y, zrzeszaj\u0105cej 94 organizacje pozarz\u0105dowe, przesy\u0142amy uwagi&hellip; <a class=\"more-link\" href=\"https:\/\/prawdajestciekawa.pl\/?p=6930\">Czytaj dalej <span class=\"screen-reader-text\">KROPS apeluje o weto Prezydenta do ustawy o rzecznikach \u201epraw uczniowskich\u201d<\/span><\/a><\/div><\/li>\n<li><div class=\"wp-block-latest-posts__featured-image aligncenter\"><img loading=\"lazy\" decoding=\"async\" width=\"750\" height=\"450\" src=\"https:\/\/prawdajestciekawa.pl\/wp-content\/uploads\/2026\/07\/1000109915-1024x614.jpg\" class=\"attachment-large size-large wp-post-image\" alt=\"\" style=\"width:100%;height:60%;max-width:1200px;\" srcset=\"https:\/\/prawdajestciekawa.pl\/wp-content\/uploads\/2026\/07\/1000109915-1024x614.jpg 1024w, https:\/\/prawdajestciekawa.pl\/wp-content\/uploads\/2026\/07\/1000109915-300x180.jpg 300w, https:\/\/prawdajestciekawa.pl\/wp-content\/uploads\/2026\/07\/1000109915-768x461.jpg 768w, https:\/\/prawdajestciekawa.pl\/wp-content\/uploads\/2026\/07\/1000109915-450x270.jpg 450w, https:\/\/prawdajestciekawa.pl\/wp-content\/uploads\/2026\/07\/1000109915-600x360.jpg 600w, https:\/\/prawdajestciekawa.pl\/wp-content\/uploads\/2026\/07\/1000109915.jpg 1200w\" sizes=\"auto, (max-width: 750px) 100vw, 750px\" \/><\/div><a class=\"wp-block-latest-posts__post-title\" href=\"https:\/\/prawdajestciekawa.pl\/?p=6924\">DEI i FREDIE \u2013 fabryki poczucia winy i ojkofobii<\/a><div class=\"wp-block-latest-posts__post-author\">przez Przemys\u0142aw \u017barski<\/div><div class=\"wp-block-latest-posts__post-excerpt\">Szkolenia DEI (Diversity, Equity, Inclusion \u2013 pol. r\u00f3\u017cnorodno\u015b\u0107, r\u00f3wno\u015b\u0107, w\u0142\u0105czanie) oraz ich brytyjski wariant FREDIE (Fairness, Respect, Equality, Diversity, Inclusion and Engagement pol. bezstronno\u015b\u0107, szacunek,&hellip; <a class=\"more-link\" href=\"https:\/\/prawdajestciekawa.pl\/?p=6924\">Czytaj dalej <span class=\"screen-reader-text\">DEI i FREDIE \u2013 fabryki poczucia winy i ojkofobii<\/span><\/a><\/div><\/li>\n<li><a class=\"wp-block-latest-posts__post-title\" href=\"https:\/\/prawdajestciekawa.pl\/?p=6920\">Ballada o Dzikim Zachodzie<\/a><div class=\"wp-block-latest-posts__post-author\">przez Piotr Che\u0142stowski<\/div><div class=\"wp-block-latest-posts__post-excerpt\">Swego czasu Wojciech M\u0142ynarski \u015bpiewa\u0142 tak: Potwierdzaj\u0105 to setne przyk\u0142ady,\u017be westerny wci\u0105\u017c jeszcze s\u0105 w modzie,Wys\u0142uchajcie wi\u0119c pa\u0144stwo balladyO tak zwanym najdzikszym zachodzie:Miasto by\u0142o tam,&hellip; <a class=\"more-link\" href=\"https:\/\/prawdajestciekawa.pl\/?p=6920\">Czytaj dalej <span class=\"screen-reader-text\">Ballada o Dzikim Zachodzie<\/span><\/a><\/div><\/li>\n<li><div class=\"wp-block-latest-posts__featured-image aligncenter\"><img loading=\"lazy\" decoding=\"async\" width=\"724\" height=\"1024\" src=\"https:\/\/prawdajestciekawa.pl\/wp-content\/uploads\/2026\/06\/PJC089-724x1024.jpg\" class=\"attachment-large size-large wp-post-image\" alt=\"\" style=\"width:100%;height:141.44%;max-width:794px;\" srcset=\"https:\/\/prawdajestciekawa.pl\/wp-content\/uploads\/2026\/06\/PJC089-724x1024.jpg 724w, https:\/\/prawdajestciekawa.pl\/wp-content\/uploads\/2026\/06\/PJC089-212x300.jpg 212w, https:\/\/prawdajestciekawa.pl\/wp-content\/uploads\/2026\/06\/PJC089-768x1086.jpg 768w, https:\/\/prawdajestciekawa.pl\/wp-content\/uploads\/2026\/06\/PJC089-450x636.jpg 450w, https:\/\/prawdajestciekawa.pl\/wp-content\/uploads\/2026\/06\/PJC089-600x849.jpg 600w, https:\/\/prawdajestciekawa.pl\/wp-content\/uploads\/2026\/06\/PJC089.jpg 794w\" sizes=\"auto, (max-width: 724px) 100vw, 724px\" \/><\/div><a class=\"wp-block-latest-posts__post-title\" href=\"https:\/\/prawdajestciekawa.pl\/?p=6913\">Prawda jest ciekawa nr 89 (375)<\/a><div class=\"wp-block-latest-posts__post-author\">przez Artur Waszkielewicz<\/div><div class=\"wp-block-latest-posts__post-excerpt\"><\/div><\/li>\n<li><div class=\"wp-block-latest-posts__featured-image aligncenter\"><img loading=\"lazy\" decoding=\"async\" width=\"750\" height=\"500\" src=\"https:\/\/prawdajestciekawa.pl\/wp-content\/uploads\/2026\/06\/Prezydent_Iluminacja_Beatyfikacja_Salezjanie_Krakow_20260606-1024x683.jpg\" class=\"attachment-large size-large wp-post-image\" alt=\"\" style=\"width:100%;height:66.67%;max-width:1200px;\" srcset=\"https:\/\/prawdajestciekawa.pl\/wp-content\/uploads\/2026\/06\/Prezydent_Iluminacja_Beatyfikacja_Salezjanie_Krakow_20260606-1024x683.jpg 1024w, https:\/\/prawdajestciekawa.pl\/wp-content\/uploads\/2026\/06\/Prezydent_Iluminacja_Beatyfikacja_Salezjanie_Krakow_20260606-300x200.jpg 300w, https:\/\/prawdajestciekawa.pl\/wp-content\/uploads\/2026\/06\/Prezydent_Iluminacja_Beatyfikacja_Salezjanie_Krakow_20260606-768x512.jpg 768w, https:\/\/prawdajestciekawa.pl\/wp-content\/uploads\/2026\/06\/Prezydent_Iluminacja_Beatyfikacja_Salezjanie_Krakow_20260606-450x300.jpg 450w, https:\/\/prawdajestciekawa.pl\/wp-content\/uploads\/2026\/06\/Prezydent_Iluminacja_Beatyfikacja_Salezjanie_Krakow_20260606-600x400.jpg 600w, https:\/\/prawdajestciekawa.pl\/wp-content\/uploads\/2026\/06\/Prezydent_Iluminacja_Beatyfikacja_Salezjanie_Krakow_20260606.jpg 1200w\" sizes=\"auto, (max-width: 750px) 100vw, 750px\" \/><\/div><a class=\"wp-block-latest-posts__post-title\" href=\"https:\/\/prawdajestciekawa.pl\/?p=6908\">Krak\u00f3w 6 czerwca 2026 roku<\/a><div class=\"wp-block-latest-posts__post-author\">przez Redakcja PJC<\/div><div class=\"wp-block-latest-posts__post-excerpt\">Nie\u015bmiertelni \u2013 powo\u0142ani by \u017cy\u0107 wiecznie Beatyfikacja dziewi\u0119ciu salezjan\u00f3w m\u0119czennik\u00f3w W sobot\u0119 6 czerwca 2026 roku Prezydent RP Karol Nawrocki wzi\u0105\u0142 udzia\u0142 w beatyfikacji dziewi\u0119ciu&hellip; <a class=\"more-link\" href=\"https:\/\/prawdajestciekawa.pl\/?p=6908\">Czytaj dalej <span class=\"screen-reader-text\">Krak\u00f3w 6 czerwca 2026 roku<\/span><\/a><\/div><\/li>\n<li><div class=\"wp-block-latest-posts__featured-image aligncenter\"><img loading=\"lazy\" decoding=\"async\" width=\"750\" height=\"322\" src=\"https:\/\/prawdajestciekawa.pl\/wp-content\/uploads\/2026\/06\/Salezjanie-1024x439.jpg\" class=\"attachment-large size-large wp-post-image\" alt=\"\" style=\"width:100%;height:42.83%;max-width:1200px;\" srcset=\"https:\/\/prawdajestciekawa.pl\/wp-content\/uploads\/2026\/06\/Salezjanie-1024x439.jpg 1024w, https:\/\/prawdajestciekawa.pl\/wp-content\/uploads\/2026\/06\/Salezjanie-300x129.jpg 300w, https:\/\/prawdajestciekawa.pl\/wp-content\/uploads\/2026\/06\/Salezjanie-768x329.jpg 768w, https:\/\/prawdajestciekawa.pl\/wp-content\/uploads\/2026\/06\/Salezjanie-450x193.jpg 450w, https:\/\/prawdajestciekawa.pl\/wp-content\/uploads\/2026\/06\/Salezjanie-600x257.jpg 600w, https:\/\/prawdajestciekawa.pl\/wp-content\/uploads\/2026\/06\/Salezjanie.jpg 1200w\" sizes=\"auto, (max-width: 750px) 100vw, 750px\" \/><\/div><a class=\"wp-block-latest-posts__post-title\" href=\"https:\/\/prawdajestciekawa.pl\/?p=6902\">Sylwetki trzech spo\u015br\u00f3d dziewi\u0119ciu b\u0142ogos\u0142awionych kap\u0142an\u00f3w m\u0119czennik\u00f3w<\/a><div class=\"wp-block-latest-posts__post-author\">przez Redakcja PJC<\/div><div class=\"wp-block-latest-posts__post-excerpt\">ks. Ignacy Antonowicz Urodzony 14 lipca 1890 roku we Wi\u0119c\u0142awicach, jeden z pierwszych wychowank\u00f3w szko\u0142y salezja\u0144skiej w O\u015bwi\u0119cimiu. Studia filozoficzne i teologiczne uko\u0144czy\u0142 w Rzymie&hellip; <a class=\"more-link\" href=\"https:\/\/prawdajestciekawa.pl\/?p=6902\">Czytaj dalej <span class=\"screen-reader-text\">Sylwetki trzech spo\u015br\u00f3d dziewi\u0119ciu b\u0142ogos\u0142awionych kap\u0142an\u00f3w m\u0119czennik\u00f3w<\/span><\/a><\/div><\/li>\n<li><div class=\"wp-block-latest-posts__featured-image aligncenter\"><img loading=\"lazy\" decoding=\"async\" width=\"750\" height=\"423\" src=\"https:\/\/prawdajestciekawa.pl\/wp-content\/uploads\/2026\/06\/P.Gaglik_Rozmowy-kuluarowe-obrad-okraglego-stolu.-Od-lewej-Czeslaw-Kiszczak-Lech-Walesa-Wojciech-Jaruzelski-Bronislaw-Geremek-Mieczyslaw-Rakowski.-Warszawa-18.04.1989-fot-1024x577.jpg\" class=\"attachment-large size-large wp-post-image\" alt=\"\" style=\"width:100%;height:56.33%;max-width:1200px;\" srcset=\"https:\/\/prawdajestciekawa.pl\/wp-content\/uploads\/2026\/06\/P.Gaglik_Rozmowy-kuluarowe-obrad-okraglego-stolu.-Od-lewej-Czeslaw-Kiszczak-Lech-Walesa-Wojciech-Jaruzelski-Bronislaw-Geremek-Mieczyslaw-Rakowski.-Warszawa-18.04.1989-fot-1024x577.jpg 1024w, https:\/\/prawdajestciekawa.pl\/wp-content\/uploads\/2026\/06\/P.Gaglik_Rozmowy-kuluarowe-obrad-okraglego-stolu.-Od-lewej-Czeslaw-Kiszczak-Lech-Walesa-Wojciech-Jaruzelski-Bronislaw-Geremek-Mieczyslaw-Rakowski.-Warszawa-18.04.1989-fot-300x169.jpg 300w, https:\/\/prawdajestciekawa.pl\/wp-content\/uploads\/2026\/06\/P.Gaglik_Rozmowy-kuluarowe-obrad-okraglego-stolu.-Od-lewej-Czeslaw-Kiszczak-Lech-Walesa-Wojciech-Jaruzelski-Bronislaw-Geremek-Mieczyslaw-Rakowski.-Warszawa-18.04.1989-fot-768x433.jpg 768w, https:\/\/prawdajestciekawa.pl\/wp-content\/uploads\/2026\/06\/P.Gaglik_Rozmowy-kuluarowe-obrad-okraglego-stolu.-Od-lewej-Czeslaw-Kiszczak-Lech-Walesa-Wojciech-Jaruzelski-Bronislaw-Geremek-Mieczyslaw-Rakowski.-Warszawa-18.04.1989-fot-450x254.jpg 450w, https:\/\/prawdajestciekawa.pl\/wp-content\/uploads\/2026\/06\/P.Gaglik_Rozmowy-kuluarowe-obrad-okraglego-stolu.-Od-lewej-Czeslaw-Kiszczak-Lech-Walesa-Wojciech-Jaruzelski-Bronislaw-Geremek-Mieczyslaw-Rakowski.-Warszawa-18.04.1989-fot-600x338.jpg 600w, https:\/\/prawdajestciekawa.pl\/wp-content\/uploads\/2026\/06\/P.Gaglik_Rozmowy-kuluarowe-obrad-okraglego-stolu.-Od-lewej-Czeslaw-Kiszczak-Lech-Walesa-Wojciech-Jaruzelski-Bronislaw-Geremek-Mieczyslaw-Rakowski.-Warszawa-18.04.1989-fot.jpg 1200w\" sizes=\"auto, (max-width: 750px) 100vw, 750px\" \/><\/div><a class=\"wp-block-latest-posts__post-title\" href=\"https:\/\/prawdajestciekawa.pl\/?p=6893\">Dwa Czerwce, czyli kto wypije to piwo<\/a><div class=\"wp-block-latest-posts__post-author\">przez Piotr Gaglik<\/div><div class=\"wp-block-latest-posts__post-excerpt\">Podkre\u015bl\u0119 na wst\u0119pie, \u017ce popar\u0142em wybory czerwcowe 1989 roku (pierwsza tura 8 czerwca, druga tura 18 czerwca) \u2013 uwa\u017caj\u0105c, \u017ce je\u015bli mo\u017cna zdoby\u0107 chocia\u017c 1\/3&hellip; <a class=\"more-link\" href=\"https:\/\/prawdajestciekawa.pl\/?p=6893\">Czytaj dalej <span class=\"screen-reader-text\">Dwa Czerwce, czyli kto wypije to piwo<\/span><\/a><\/div><\/li>\n<li><div class=\"wp-block-latest-posts__featured-image aligncenter\"><img loading=\"lazy\" decoding=\"async\" width=\"750\" height=\"505\" src=\"https:\/\/prawdajestciekawa.pl\/wp-content\/uploads\/2026\/06\/A-1024x690.jpg\" class=\"attachment-large size-large wp-post-image\" alt=\"\" style=\"width:100%;height:67.42%;max-width:1200px;\" srcset=\"https:\/\/prawdajestciekawa.pl\/wp-content\/uploads\/2026\/06\/A-1024x690.jpg 1024w, https:\/\/prawdajestciekawa.pl\/wp-content\/uploads\/2026\/06\/A-300x202.jpg 300w, https:\/\/prawdajestciekawa.pl\/wp-content\/uploads\/2026\/06\/A-768x518.jpg 768w, https:\/\/prawdajestciekawa.pl\/wp-content\/uploads\/2026\/06\/A-450x303.jpg 450w, https:\/\/prawdajestciekawa.pl\/wp-content\/uploads\/2026\/06\/A-600x405.jpg 600w, https:\/\/prawdajestciekawa.pl\/wp-content\/uploads\/2026\/06\/A.jpg 1200w\" sizes=\"auto, (max-width: 750px) 100vw, 750px\" \/><\/div><a class=\"wp-block-latest-posts__post-title\" href=\"https:\/\/prawdajestciekawa.pl\/?p=6890\">B\u0105d\u017acie aktywni w Internecie!<\/a><div class=\"wp-block-latest-posts__post-author\">przez Artur Adamski<\/div><div class=\"wp-block-latest-posts__post-excerpt\">Od lat wiemy o wielkim zaanga\u017cowaniu zar\u00f3wno wielkich farm trolli, jak i udaj\u0105cych ludzi program\u00f3w komputerowych, dokonuj\u0105cych wpis\u00f3w pod materia\u0142ami zamieszczanymi w Internecie \u2013 cz\u0119sto&hellip; <a class=\"more-link\" href=\"https:\/\/prawdajestciekawa.pl\/?p=6890\">Czytaj dalej <span class=\"screen-reader-text\">B\u0105d\u017acie aktywni w Internecie!<\/span><\/a><\/div><\/li>\n<li><div class=\"wp-block-latest-posts__featured-image aligncenter\"><img loading=\"lazy\" decoding=\"async\" width=\"750\" height=\"469\" src=\"https:\/\/prawdajestciekawa.pl\/wp-content\/uploads\/2026\/06\/PMM_Gorzow-Wlkp-1024x641.jpg\" class=\"attachment-large size-large wp-post-image\" alt=\"\" style=\"width:100%;height:62.58%;max-width:1200px;\" srcset=\"https:\/\/prawdajestciekawa.pl\/wp-content\/uploads\/2026\/06\/PMM_Gorzow-Wlkp-1024x641.jpg 1024w, https:\/\/prawdajestciekawa.pl\/wp-content\/uploads\/2026\/06\/PMM_Gorzow-Wlkp-300x188.jpg 300w, https:\/\/prawdajestciekawa.pl\/wp-content\/uploads\/2026\/06\/PMM_Gorzow-Wlkp-768x481.jpg 768w, https:\/\/prawdajestciekawa.pl\/wp-content\/uploads\/2026\/06\/PMM_Gorzow-Wlkp-450x282.jpg 450w, https:\/\/prawdajestciekawa.pl\/wp-content\/uploads\/2026\/06\/PMM_Gorzow-Wlkp-600x376.jpg 600w, https:\/\/prawdajestciekawa.pl\/wp-content\/uploads\/2026\/06\/PMM_Gorzow-Wlkp.jpg 1200w\" sizes=\"auto, (max-width: 750px) 100vw, 750px\" \/><\/div><a class=\"wp-block-latest-posts__post-title\" href=\"https:\/\/prawdajestciekawa.pl\/?p=6887\">Odwaga, odnowa, oferta dla Polski<\/a><div class=\"wp-block-latest-posts__post-author\">przez Redakcja PJC<\/div><div class=\"wp-block-latest-posts__post-excerpt\">Wyst\u0105pienie Mateusza Morawieckiego Gorz\u00f3w Wielkopolski\u20028 czerwca 2026 Dzie\u0144 dobry, Polsko! Witam Gorz\u00f3w Wielkopolski! Wspania\u0142y Gorz\u00f3w! Kochani, dzisiaj opowiem o tym, jak widz\u0119 najbli\u017csz\u0105 i troch\u0119&hellip; <a class=\"more-link\" href=\"https:\/\/prawdajestciekawa.pl\/?p=6887\">Czytaj dalej <span class=\"screen-reader-text\">Odwaga, odnowa, oferta dla Polski<\/span><\/a><\/div><\/li>\n<li><div class=\"wp-block-latest-posts__featured-image aligncenter\"><img loading=\"lazy\" decoding=\"async\" width=\"750\" height=\"515\" src=\"https:\/\/prawdajestciekawa.pl\/wp-content\/uploads\/2026\/06\/M1-1024x703.jpg\" class=\"attachment-large size-large wp-post-image\" alt=\"\" style=\"width:100%;height:68.67%;max-width:1200px;\" srcset=\"https:\/\/prawdajestciekawa.pl\/wp-content\/uploads\/2026\/06\/M1-1024x703.jpg 1024w, https:\/\/prawdajestciekawa.pl\/wp-content\/uploads\/2026\/06\/M1-300x206.jpg 300w, https:\/\/prawdajestciekawa.pl\/wp-content\/uploads\/2026\/06\/M1-768x527.jpg 768w, https:\/\/prawdajestciekawa.pl\/wp-content\/uploads\/2026\/06\/M1-450x309.jpg 450w, https:\/\/prawdajestciekawa.pl\/wp-content\/uploads\/2026\/06\/M1-600x412.jpg 600w, https:\/\/prawdajestciekawa.pl\/wp-content\/uploads\/2026\/06\/M1.jpg 1200w\" sizes=\"auto, (max-width: 750px) 100vw, 750px\" \/><\/div><a class=\"wp-block-latest-posts__post-title\" href=\"https:\/\/prawdajestciekawa.pl\/?p=6884\">Wojna na Ukrainie jako pretekst do zmiany narracji o OUN\u2013UPA<\/a><div class=\"wp-block-latest-posts__post-author\">przez Micha\u0142 Siekierka<\/div><div class=\"wp-block-latest-posts__post-excerpt\">Prezydent Ukrainy Wo\u0142odymyr Ze\u0142enski podpisa\u0142 dekret nadaj\u0105cy Samodzielnemu Centrum Operacji Specjalnych \u201eP\u00f3\u0142noc\u201d nazw\u0119 \u201eimienia Bohater\u00f3w UPA\u201d. Nale\u017cy zwr\u00f3ci\u0107 uwag\u0119, \u017ce UPA nie by\u0142a \u201earmi\u0105\u201d, lecz&hellip; <a class=\"more-link\" href=\"https:\/\/prawdajestciekawa.pl\/?p=6884\">Czytaj dalej <span class=\"screen-reader-text\">Wojna na Ukrainie jako pretekst do zmiany narracji o OUN\u2013UPA<\/span><\/a><\/div><\/li>\n<li><div class=\"wp-block-latest-posts__featured-image aligncenter\"><img loading=\"lazy\" decoding=\"async\" width=\"641\" height=\"900\" src=\"https:\/\/prawdajestciekawa.pl\/wp-content\/uploads\/2026\/06\/M.jpg\" class=\"attachment-large size-large wp-post-image\" alt=\"\" style=\"width:100%;height:140.41%;max-width:641px;\" srcset=\"https:\/\/prawdajestciekawa.pl\/wp-content\/uploads\/2026\/06\/M.jpg 641w, https:\/\/prawdajestciekawa.pl\/wp-content\/uploads\/2026\/06\/M-214x300.jpg 214w, https:\/\/prawdajestciekawa.pl\/wp-content\/uploads\/2026\/06\/M-450x632.jpg 450w, https:\/\/prawdajestciekawa.pl\/wp-content\/uploads\/2026\/06\/M-600x842.jpg 600w\" sizes=\"auto, (max-width: 641px) 100vw, 641px\" \/><\/div><a class=\"wp-block-latest-posts__post-title\" href=\"https:\/\/prawdajestciekawa.pl\/?p=6881\">\u201eGazeta Wyborcza\u201d czyli ostatnia sotnia, kt\u00f3ra nie us\u0142ysza\u0142a komunikatu o odwrocie<\/a><div class=\"wp-block-latest-posts__post-author\">przez Micha\u0142 Siekierka<\/div><div class=\"wp-block-latest-posts__post-excerpt\">Ludob\u00f3jstwem pope\u0142nionym przez ukrai\u0144skich nacjonalist\u00f3w na obywatelach II Rzeczypospolitej zajmuj\u0119 si\u0119 od wielu lat. R\u00f3wnie d\u0142ugo obserwuj\u0119, jak na Ukrainie narasta kult Stepana Bandery, Romana&hellip; <a class=\"more-link\" href=\"https:\/\/prawdajestciekawa.pl\/?p=6881\">Czytaj dalej <span class=\"screen-reader-text\">\u201eGazeta Wyborcza\u201d czyli ostatnia sotnia, kt\u00f3ra nie us\u0142ysza\u0142a komunikatu o odwrocie<\/span><\/a><\/div><\/li>\n<li><a class=\"wp-block-latest-posts__post-title\" href=\"https:\/\/prawdajestciekawa.pl\/?p=6879\">5 powod\u00f3w antypolskiej polityki Ukrainy<\/a><div class=\"wp-block-latest-posts__post-author\">przez Ryszard Czarnecki<\/div><div class=\"wp-block-latest-posts__post-excerpt\">Du\u017co napisano o ostatnich antypolskich decyzjach prezydenta Ukrainy. Jestem jednak przekonany, \u017ce wci\u0105\u017c nie podano wielu realnych przyczyn tej decyzji. Uwa\u017cam, \u017ce Ze\u0142e\u0144ski wiedzia\u0142 co&hellip; <a class=\"more-link\" href=\"https:\/\/prawdajestciekawa.pl\/?p=6879\">Czytaj dalej <span class=\"screen-reader-text\">5 powod\u00f3w antypolskiej polityki Ukrainy<\/span><\/a><\/div><\/li>\n<li><div class=\"wp-block-latest-posts__featured-image aligncenter\"><img loading=\"lazy\" decoding=\"async\" width=\"750\" height=\"450\" src=\"https:\/\/prawdajestciekawa.pl\/wp-content\/uploads\/2026\/06\/Z-1024x614.jpg\" class=\"attachment-large size-large wp-post-image\" alt=\"\" style=\"width:100%;height:60%;max-width:1200px;\" srcset=\"https:\/\/prawdajestciekawa.pl\/wp-content\/uploads\/2026\/06\/Z-1024x614.jpg 1024w, https:\/\/prawdajestciekawa.pl\/wp-content\/uploads\/2026\/06\/Z-300x180.jpg 300w, https:\/\/prawdajestciekawa.pl\/wp-content\/uploads\/2026\/06\/Z-768x461.jpg 768w, https:\/\/prawdajestciekawa.pl\/wp-content\/uploads\/2026\/06\/Z-450x270.jpg 450w, https:\/\/prawdajestciekawa.pl\/wp-content\/uploads\/2026\/06\/Z-600x360.jpg 600w, https:\/\/prawdajestciekawa.pl\/wp-content\/uploads\/2026\/06\/Z.jpg 1200w\" sizes=\"auto, (max-width: 750px) 100vw, 750px\" \/><\/div><a class=\"wp-block-latest-posts__post-title\" href=\"https:\/\/prawdajestciekawa.pl\/?p=6874\">Tragedia i nadzieja<\/a><div class=\"wp-block-latest-posts__post-author\">przez Zbigniew Makarewicz<\/div><div class=\"wp-block-latest-posts__post-excerpt\">Tak za Quingleyem (Carroll Quigley, Tragedy and Hope. A History of The World in Our Time, 1966) mo\u017cna by tytu\u0142owa\u0107 kr\u00f3tkie rozwa\u017canie na marginesie wielkich&hellip; <a class=\"more-link\" href=\"https:\/\/prawdajestciekawa.pl\/?p=6874\">Czytaj dalej <span class=\"screen-reader-text\">Tragedia i nadzieja<\/span><\/a><\/div><\/li>\n<li><div class=\"wp-block-latest-posts__featured-image aligncenter\"><img loading=\"lazy\" decoding=\"async\" width=\"750\" height=\"485\" src=\"https:\/\/prawdajestciekawa.pl\/wp-content\/uploads\/2026\/06\/Grafika_Cezary-Krysztopa_kaplani-LGBT-1024x662.jpg\" class=\"attachment-large size-large wp-post-image\" alt=\"\" style=\"width:100%;height:64.67%;max-width:1200px;\" srcset=\"https:\/\/prawdajestciekawa.pl\/wp-content\/uploads\/2026\/06\/Grafika_Cezary-Krysztopa_kaplani-LGBT-1024x662.jpg 1024w, https:\/\/prawdajestciekawa.pl\/wp-content\/uploads\/2026\/06\/Grafika_Cezary-Krysztopa_kaplani-LGBT-300x194.jpg 300w, https:\/\/prawdajestciekawa.pl\/wp-content\/uploads\/2026\/06\/Grafika_Cezary-Krysztopa_kaplani-LGBT-768x497.jpg 768w, https:\/\/prawdajestciekawa.pl\/wp-content\/uploads\/2026\/06\/Grafika_Cezary-Krysztopa_kaplani-LGBT-1536x993.jpg 1536w, https:\/\/prawdajestciekawa.pl\/wp-content\/uploads\/2026\/06\/Grafika_Cezary-Krysztopa_kaplani-LGBT-1568x1014.jpg 1568w, https:\/\/prawdajestciekawa.pl\/wp-content\/uploads\/2026\/06\/Grafika_Cezary-Krysztopa_kaplani-LGBT-450x291.jpg 450w, https:\/\/prawdajestciekawa.pl\/wp-content\/uploads\/2026\/06\/Grafika_Cezary-Krysztopa_kaplani-LGBT-600x388.jpg 600w, https:\/\/prawdajestciekawa.pl\/wp-content\/uploads\/2026\/06\/Grafika_Cezary-Krysztopa_kaplani-LGBT-e1781593540388.jpg 1200w\" sizes=\"auto, (max-width: 750px) 100vw, 750px\" \/><\/div><a class=\"wp-block-latest-posts__post-title\" href=\"https:\/\/prawdajestciekawa.pl\/?p=6871\">Gdzie jest pa\u0144stwo<\/a><div class=\"wp-block-latest-posts__post-author\">przez Jerzy Pawlas<\/div><div class=\"wp-block-latest-posts__post-excerpt\">Zapa\u015b\u0107 gospodarcza, dziura bud\u017cetowa, zapa\u015b\u0107 demograficzna i bezprawie. Dyktatura brukselskiego lewactwa i monopol medi\u00f3w polskoj\u0119zycznych. Mowa nienawi\u015bci i polityczna poprawno\u015b\u0107 jako forma komunikacji mi\u0119dzyludzkiej. Sk\u0142\u00f3cone&hellip; <a class=\"more-link\" href=\"https:\/\/prawdajestciekawa.pl\/?p=6871\">Czytaj dalej <span class=\"screen-reader-text\">Gdzie jest pa\u0144stwo<\/span><\/a><\/div><\/li>\n<li><div class=\"wp-block-latest-posts__featured-image aligncenter\"><img loading=\"lazy\" decoding=\"async\" width=\"750\" height=\"500\" src=\"https:\/\/prawdajestciekawa.pl\/wp-content\/uploads\/2026\/06\/J2-1024x683.jpg\" class=\"attachment-large size-large wp-post-image\" alt=\"\" style=\"width:100%;height:66.67%;max-width:1200px;\" srcset=\"https:\/\/prawdajestciekawa.pl\/wp-content\/uploads\/2026\/06\/J2-1024x683.jpg 1024w, https:\/\/prawdajestciekawa.pl\/wp-content\/uploads\/2026\/06\/J2-300x200.jpg 300w, https:\/\/prawdajestciekawa.pl\/wp-content\/uploads\/2026\/06\/J2-768x512.jpg 768w, https:\/\/prawdajestciekawa.pl\/wp-content\/uploads\/2026\/06\/J2-450x300.jpg 450w, https:\/\/prawdajestciekawa.pl\/wp-content\/uploads\/2026\/06\/J2-600x400.jpg 600w, https:\/\/prawdajestciekawa.pl\/wp-content\/uploads\/2026\/06\/J2.jpg 1200w\" sizes=\"auto, (max-width: 750px) 100vw, 750px\" \/><\/div><a class=\"wp-block-latest-posts__post-title\" href=\"https:\/\/prawdajestciekawa.pl\/?p=6866\">Strasz\u0105 wojn\u0105, ale boj\u0105 si\u0119 szkoli\u0107 rezerwist\u00f3w<\/a><div class=\"wp-block-latest-posts__post-author\">przez Jakub Cio\u0142ko<\/div><div class=\"wp-block-latest-posts__post-excerpt\">Politycy opowiadaj\u0105 o nadci\u0105gaj\u0105cym zagro\u017ceniu i mo\u017cliwej wojnie z Rosj\u0105, lecz polski system obronny coraz bardziej przypomina dekoracj\u0119 z konferencji prasowej. Rezerwi\u015bci dostaj\u0105 przydzia\u0142y bez&hellip; <a class=\"more-link\" href=\"https:\/\/prawdajestciekawa.pl\/?p=6866\">Czytaj dalej <span class=\"screen-reader-text\">Strasz\u0105 wojn\u0105, ale boj\u0105 si\u0119 szkoli\u0107 rezerwist\u00f3w<\/span><\/a><\/div><\/li>\n<li><div class=\"wp-block-latest-posts__featured-image aligncenter\"><img loading=\"lazy\" decoding=\"async\" width=\"510\" height=\"600\" src=\"https:\/\/prawdajestciekawa.pl\/wp-content\/uploads\/2026\/06\/Obraz1.jpg\" class=\"attachment-large size-large wp-post-image\" alt=\"\" style=\"width:100%;height:117.65%;max-width:510px;\" srcset=\"https:\/\/prawdajestciekawa.pl\/wp-content\/uploads\/2026\/06\/Obraz1.jpg 510w, https:\/\/prawdajestciekawa.pl\/wp-content\/uploads\/2026\/06\/Obraz1-255x300.jpg 255w, https:\/\/prawdajestciekawa.pl\/wp-content\/uploads\/2026\/06\/Obraz1-450x529.jpg 450w\" sizes=\"auto, (max-width: 510px) 100vw, 510px\" \/><\/div><a class=\"wp-block-latest-posts__post-title\" href=\"https:\/\/prawdajestciekawa.pl\/?p=6863\">NIE BA\u0106 W\u00d3JTA<\/a><div class=\"wp-block-latest-posts__post-author\">przez Piotr Che\u0142stowski<\/div><div class=\"wp-block-latest-posts__post-excerpt\">Swego czasu Wojciech M\u0142ynarski pisa\u0142 tak: Jak g\u0142osi jedna z historycznych bujd,Hen w \u015bredniowieczu \u017cy\u0142 niedobry bardzo w\u00f3jt.Gn\u0119bi\u0142 poddanych, mocn\u0105 trzyma\u0142 stra\u017c,Z rzadka ku ludziom&hellip; <a class=\"more-link\" href=\"https:\/\/prawdajestciekawa.pl\/?p=6863\">Czytaj dalej <span class=\"screen-reader-text\">NIE BA\u0106 W\u00d3JTA<\/span><\/a><\/div><\/li>\n<li><div class=\"wp-block-latest-posts__featured-image aligncenter\"><img loading=\"lazy\" decoding=\"async\" width=\"750\" height=\"500\" src=\"https:\/\/prawdajestciekawa.pl\/wp-content\/uploads\/2026\/06\/G.Lasinski_fot1-1024x683.jpg\" class=\"attachment-large size-large wp-post-image\" alt=\"\" style=\"width:100%;height:66.67%;max-width:1200px;\" srcset=\"https:\/\/prawdajestciekawa.pl\/wp-content\/uploads\/2026\/06\/G.Lasinski_fot1-1024x683.jpg 1024w, https:\/\/prawdajestciekawa.pl\/wp-content\/uploads\/2026\/06\/G.Lasinski_fot1-300x200.jpg 300w, https:\/\/prawdajestciekawa.pl\/wp-content\/uploads\/2026\/06\/G.Lasinski_fot1-768x512.jpg 768w, https:\/\/prawdajestciekawa.pl\/wp-content\/uploads\/2026\/06\/G.Lasinski_fot1-450x300.jpg 450w, https:\/\/prawdajestciekawa.pl\/wp-content\/uploads\/2026\/06\/G.Lasinski_fot1-600x400.jpg 600w, https:\/\/prawdajestciekawa.pl\/wp-content\/uploads\/2026\/06\/G.Lasinski_fot1.jpg 1200w\" sizes=\"auto, (max-width: 750px) 100vw, 750px\" \/><\/div><a class=\"wp-block-latest-posts__post-title\" href=\"https:\/\/prawdajestciekawa.pl\/?p=6857\">Ma\u0142a Armia Janosika<\/a><div class=\"wp-block-latest-posts__post-author\">przez Marta Morawiecka<\/div><div class=\"wp-block-latest-posts__post-excerpt\">Wywiad Prof. Gabriel \u0141asi\u0144ski, autor ksi\u0105\u017cki, w rozmowie z Mart\u0105 Morawieck\u0105 Marta Morawiecka: Panie profesorze, Pana dorobek naukowy zacz\u0105\u0142 si\u0119 od poszukiwa\u0144 efektywno\u015bci edukacji sportowej.&hellip; <a class=\"more-link\" href=\"https:\/\/prawdajestciekawa.pl\/?p=6857\">Czytaj dalej <span class=\"screen-reader-text\">Ma\u0142a Armia Janosika<\/span><\/a><\/div><\/li>\n<li><div class=\"wp-block-latest-posts__featured-image aligncenter\"><img loading=\"lazy\" decoding=\"async\" width=\"750\" height=\"662\" src=\"https:\/\/prawdajestciekawa.pl\/wp-content\/uploads\/2026\/06\/P4-1024x904.jpg\" class=\"attachment-large size-large wp-post-image\" alt=\"\" style=\"width:100%;height:88.25%;max-width:1200px;\" srcset=\"https:\/\/prawdajestciekawa.pl\/wp-content\/uploads\/2026\/06\/P4-1024x904.jpg 1024w, https:\/\/prawdajestciekawa.pl\/wp-content\/uploads\/2026\/06\/P4-300x265.jpg 300w, https:\/\/prawdajestciekawa.pl\/wp-content\/uploads\/2026\/06\/P4-768x678.jpg 768w, https:\/\/prawdajestciekawa.pl\/wp-content\/uploads\/2026\/06\/P4-450x397.jpg 450w, https:\/\/prawdajestciekawa.pl\/wp-content\/uploads\/2026\/06\/P4-600x530.jpg 600w, https:\/\/prawdajestciekawa.pl\/wp-content\/uploads\/2026\/06\/P4.jpg 1200w\" sizes=\"auto, (max-width: 750px) 100vw, 750px\" \/><\/div><a class=\"wp-block-latest-posts__post-title\" href=\"https:\/\/prawdajestciekawa.pl\/?p=6849\">3% dla nauki \u2013 100% dla Polski!<\/a><div class=\"wp-block-latest-posts__post-author\">przez Piotr Bober<\/div><div class=\"wp-block-latest-posts__post-excerpt\">\u201eMaria Sk\u0142odowska-Curie dzisiaj te\u017c by wyjecha\u0142a!\u201d \u2013 tak brzmia\u0142o jedno z wielu hase\u0142 umieszczonych na transparentach przez uczestnik\u00f3w protestu \u015brodowisk akademickich, kt\u00f3ry odby\u0142 si\u0119 27&hellip; <a class=\"more-link\" href=\"https:\/\/prawdajestciekawa.pl\/?p=6849\">Czytaj dalej <span class=\"screen-reader-text\">3% dla nauki \u2013 100% dla Polski!<\/span><\/a><\/div><\/li>\n<\/ul>","protected":false},"excerpt":{"rendered":"","protected":false},"author":1,"featured_media":6703,"comment_status":"open","ping_status":"open","sticky":false,"template":"","format":"standard","meta":{"footnotes":""},"categories":[204],"tags":[],"class_list":["post-6702","post","type-post","status-publish","format-standard","has-post-thumbnail","hentry","category-prawda-jest-ciekawa","entry"],"_links":{"self":[{"href":"https:\/\/prawdajestciekawa.pl\/index.php?rest_route=\/wp\/v2\/posts\/6702","targetHints":{"allow":["GET"]}}],"collection":[{"href":"https:\/\/prawdajestciekawa.pl\/index.php?rest_route=\/wp\/v2\/posts"}],"about":[{"href":"https:\/\/prawdajestciekawa.pl\/index.php?rest_route=\/wp\/v2\/types\/post"}],"author":[{"embeddable":true,"href":"https:\/\/prawdajestciekawa.pl\/index.php?rest_route=\/wp\/v2\/users\/1"}],"replies":[{"embeddable":true,"href":"https:\/\/prawdajestciekawa.pl\/index.php?rest_route=%2Fwp%2Fv2%2Fcomments&post=6702"}],"version-history":[{"count":1,"href":"https:\/\/prawdajestciekawa.pl\/index.php?rest_route=\/wp\/v2\/posts\/6702\/revisions"}],"predecessor-version":[{"id":6704,"href":"https:\/\/prawdajestciekawa.pl\/index.php?rest_route=\/wp\/v2\/posts\/6702\/revisions\/6704"}],"wp:featuredmedia":[{"embeddable":true,"href":"https:\/\/prawdajestciekawa.pl\/index.php?rest_route=\/wp\/v2\/media\/6703"}],"wp:attachment":[{"href":"https:\/\/prawdajestciekawa.pl\/index.php?rest_route=%2Fwp%2Fv2%2Fmedia&parent=6702"}],"wp:term":[{"taxonomy":"category","embeddable":true,"href":"https:\/\/prawdajestciekawa.pl\/index.php?rest_route=%2Fwp%2Fv2%2Fcategories&post=6702"},{"taxonomy":"post_tag","embeddable":true,"href":"https:\/\/prawdajestciekawa.pl\/index.php?rest_route=%2Fwp%2Fv2%2Ftags&post=6702"}],"curies":[{"name":"wp","href":"https:\/\/api.w.org\/{rel}","templated":true}]}}