{"id":5470,"date":"2025-11-26T22:19:13","date_gmt":"2025-11-26T21:19:13","guid":{"rendered":"https:\/\/prawdajestciekawa.pl\/?p=5470"},"modified":"2025-11-26T22:19:13","modified_gmt":"2025-11-26T21:19:13","slug":"myslec-po-polsku-2","status":"publish","type":"post","link":"https:\/\/prawdajestciekawa.pl\/?p=5470","title":{"rendered":"My\u015ble\u0107 po polsku"},"content":{"rendered":"\n<p class=\"has-large-font-size\">W sobot\u011915 listopada 2025 roku we wroc\u0142awskim Ossolineum odby\u0142a si\u0119 druga konferencja \u201eMy\u015ble\u0107 po polsku\u201d po\u015bwi\u0119cona dziedzictwu Kornela Morawieckiego. Tytu\u0142 tej edycji brzmia\u0142: \u201eDuch i charakter Solidarno\u015bci Walcz\u0105cej\u201d.<\/p>\n\n\n\n<p>Wydarzenie rozpocz\u0119\u0142a Marta Morawiecka. Powita\u0142a uczestnik\u00f3w, a szczeg\u00f3lnie tych, kt\u00f3rzy zgodzili si\u0119 podzieli\u0107 si\u0119 swoimi refleksjami i wspomnieniami. Po prezentacji panelist\u00f3w i kr\u00f3tkim wst\u0119pie zawieraj\u0105cym wybrane my\u015bli \u015bp. Kornela Morawieckiego odda\u0142a mikrofon Piotrowi Gaglikowi, kt\u00f3ry poprowadzi\u0142 konferencj\u0119.<\/p>\n\n\n\n<figure class=\"wp-block-image size-full\"><img loading=\"lazy\" decoding=\"async\" width=\"900\" height=\"737\" src=\"https:\/\/prawdajestciekawa.pl\/wp-content\/uploads\/2025\/11\/MG_7784-1.jpg\" alt=\"\" class=\"wp-image-5472\" srcset=\"https:\/\/prawdajestciekawa.pl\/wp-content\/uploads\/2025\/11\/MG_7784-1.jpg 900w, https:\/\/prawdajestciekawa.pl\/wp-content\/uploads\/2025\/11\/MG_7784-1-300x246.jpg 300w, https:\/\/prawdajestciekawa.pl\/wp-content\/uploads\/2025\/11\/MG_7784-1-768x629.jpg 768w, https:\/\/prawdajestciekawa.pl\/wp-content\/uploads\/2025\/11\/MG_7784-1-450x369.jpg 450w, https:\/\/prawdajestciekawa.pl\/wp-content\/uploads\/2025\/11\/MG_7784-1-600x491.jpg 600w\" sizes=\"auto, (max-width: 900px) 100vw, 900px\" \/><\/figure>\n\n\n\n<p>Jako pierwszy g\u0142os zabra\u0142 przyby\u0142y do nas z Warszawy dyrektor Archiwum Akt Nowych Mariusz Olczak. W wyst\u0105pieniu pt. \u201eZbiory archiwalne SW w zasobie Archiwum Akt Nowych\u201d opowiada\u0142 tak\u017ce o metodach pracy kierowanej przez siebie instytucji, o sposobach pozyskiwania dokument\u00f3w, a tak\u017ce \u2013 na przyk\u0142adzie archiwum Romualda Lazarowicza \u2013 o zagro\u017ceniach wynikaj\u0105cych tak\u017ce z cyfryzacji. Okaza\u0142o si\u0119 bowiem, \u017ce cz\u0119\u015bci cennych zbior\u00f3w nie uda\u0142o si\u0119 odzyska\u0107 przez to, \u017ce zapisane zosta\u0142y cyfrowo i umieszczone w chmurze.<\/p>\n\n\n\n<p>Od czasu gdy korespondencja przesta\u0142a mie\u0107 form\u0119 materialnych list\u00f3w i zamieni\u0142a si\u0119 w wymian\u0119 e-mailow\u0105 pojawi\u0142o si\u0119 ryzyko utraty przechowywanych danych pozostaj\u0105cych w zbiorach prywatnych. R\u00f3wnie\u017c dawne no\u015bniki, takie jak dyskietki czy p\u0142yty kompaktowe, okaza\u0142y si\u0119 mniej trwa\u0142e ni\u017c pierwotnie zak\u0142adano. Ta sytuacja spowodowa\u0142a wyrw\u0119 w ilo\u015bci danych mo\u017cliwych do zarchiwizowania szczeg\u00f3lnie w latach dziewi\u0119\u0107dziesi\u0105tych.<\/p>\n\n\n\n<p>Dyrektor Olczak zwr\u00f3ci\u0142 si\u0119 r\u00f3wnie\u017c do obecnego na sali gospodarza miejsca \u2013 dyrektora \u0141ukasza Kami\u0144skiego z propozycj\u0105 stworzenia we wroc\u0142awskim Ossolineum oddzielnego dzia\u0142u po\u015bwi\u0119conego Kornelowi Morawieckiemu. Dyrektor Kami\u0144ski dzi\u0119kuj\u0105c za\u017cartowa\u0142, \u017ce jest to chyba jedyny przypadek, gdy jeden archiwista odst\u0119puje drugiemu prawo do gromadzenia zbior\u00f3w.<\/p>\n\n\n\n<figure class=\"wp-block-image size-full\"><img loading=\"lazy\" decoding=\"async\" width=\"900\" height=\"600\" src=\"https:\/\/prawdajestciekawa.pl\/wp-content\/uploads\/2025\/11\/MG_7853.jpg\" alt=\"\" class=\"wp-image-5473\" srcset=\"https:\/\/prawdajestciekawa.pl\/wp-content\/uploads\/2025\/11\/MG_7853.jpg 900w, https:\/\/prawdajestciekawa.pl\/wp-content\/uploads\/2025\/11\/MG_7853-300x200.jpg 300w, https:\/\/prawdajestciekawa.pl\/wp-content\/uploads\/2025\/11\/MG_7853-768x512.jpg 768w, https:\/\/prawdajestciekawa.pl\/wp-content\/uploads\/2025\/11\/MG_7853-450x300.jpg 450w, https:\/\/prawdajestciekawa.pl\/wp-content\/uploads\/2025\/11\/MG_7853-600x400.jpg 600w\" sizes=\"auto, (max-width: 900px) 100vw, 900px\" \/><\/figure>\n\n\n\n<p>Nast\u0119pnie g\u0142os zabra\u0142 Pawe\u0142 Falicki, jeden z cz\u0142onk\u00f3w Rady Solidarno\u015bci Walcz\u0105cej, bliski wsp\u00f3\u0142pracownik Kornela Morawieckiego. Rozpocz\u0105\u0142 od rozdania repliki podziemnej ulotki Solidarno\u015bci Walcz\u0105cej zawieraj\u0105cej zarys g\u0142\u00f3wnych cel\u00f3w dzia\u0142ania organizacji. Odni\u00f3s\u0142 si\u0119 do aktualno\u015bci tamtych postulat\u00f3w. M\u00f3wi\u0142 te\u017c o koncepcji filozoficznej Kornela zawartej w jego ostatnim dziele \u201e<em>Kierunek\u201d<\/em>. Podkre\u015bla\u0142 sw\u00f3j krytyczny stosunek do tez zawartych w ksi\u0105\u017cce, a szczeg\u00f3lnie do koncepcji <em>onomu<\/em> jako nowej formy bytu.<\/p>\n\n\n\n<p>Opowiada\u0142 r\u00f3wnie\u017c barwnie o sporach i dyskusjach w kierownictwie Solidarno\u015bci Walcz\u0105cej podkre\u015blaj\u0105c niekwestionowany autorytet Kornela Morawieckiego, kt\u00f3ry zawsze mia\u0142 ostatnie s\u0142owo. Dowiedzieli\u015bmy si\u0119 r\u00f3wnie\u017c, \u017ce Pawe\u0142 Falicki sk\u0142ada\u0142 przysi\u0119g\u0119 Solidarno\u015bci Walcz\u0105cej z pomini\u0119ciem przymiotnika <em>solidarna <\/em>pos\u0142owie Rzeczpospolita. Na w\u0142asne \u017cyczenie przysi\u0119ga\u0142 walk\u0119 dla dobra <em>Rzeczypospolitej<\/em>, a nie <em>Rzeczypospolitej Solidarnej<\/em>. Uwa\u017ca\u0142 bowiem, \u017ce nie bardzo wiadomo, co to okre\u015blenie znaczy.<\/p>\n\n\n\n<p>Po dw\u00f3ch wyst\u0105pieniach organizatorzy zarz\u0105dzili przerw\u0119. Przy kawie, herbacie i ciasteczku mo\u017cna by\u0142o porozmawia\u0107 ze starymi przyjaci\u00f3\u0142mi i nowoprzyby\u0142ymi uczestnikami konferencji.<\/p>\n\n\n\n<p>Po przerwie nawi\u0105zali\u015bmy bezpo\u015brednie po\u0142\u0105czenie ze Stanami Zjednoczonymi Ameryki, sk\u0105d m\u00f3wi\u0142 do nas Dariusz Olszewski. Odpowiada\u0142 na pytania Marty Morawieckiej. Wspomina\u0142 czasy stanu wojennego i swoje pierwsze spotkanie z Kornelem Morawieckim w konspiracji, gdy z\u0142o\u017cy\u0142 przysi\u0119g\u0119 Solidarno\u015bci Walcz\u0105cej. Przedstawi\u0142 mu w\u00f3wczas szereg pomys\u0142\u00f3w na radykalne dzia\u0142ania w formie zadym, n\u0119kania szczeg\u00f3lnie gorliwych funkcjonariuszy SB oraz karania os\u00f3b z organizacji, kt\u00f3re w toku \u015bledztwa ujawni\u0142y wsp\u00f3\u0142pracownik\u00f3w z podziemia. Przyw\u00f3dca SW musia\u0142 uspokaja\u0107 gor\u0105c\u0105 g\u0142ow\u0119 komandosa, kieruj\u0105c jego energi\u0119 na \u017cmudny wysi\u0142ek organizacyjny z zachowaniem zasad podziemnego BHP. Nasz rozm\u00f3wca opowiada\u0142 r\u00f3wnie\u017c o swoim zaanga\u017cowaniu w zbieranie w USA pami\u0105tek po \u017co\u0142nierzach Armii Krajowej i innych weteranach walk o niepodleg\u0142o\u015b\u0107, a tak\u017ce o wyj\u0105tkowych postaciach, kt\u00f3re stan\u0119\u0142y na jego drodze. Byli w\u015br\u00f3d nich: prof. Kazimierz Sabbat, przedostatni prezydent RP na uchod\u017astwie, Ryszard Kaczorowski, ostatni prezydent RP na uchod\u017astwie, Anna Walentynowicz, matka Solidarno\u015bci, wybitny pisarz i filozof Bohdan Urbankowski oraz szereg weteran\u00f3w walki o woln\u0105 Polsk\u0119.<\/p>\n\n\n\n<p>Po zako\u0144czeniu rozmowy z Dariuszem Olszewskim o g\u0142os poprosi\u0142 \u0141ukasz Kami\u0144ski. Podzi\u0119kowa\u0142 za udzia\u0142 Mariuszowi Olczakowi i zapowiedzia\u0142 dalsz\u0105 wsp\u00f3\u0142prac\u0119 mi\u0119dzy archiwami dla wsp\u00f3lnego celu ocalenia od zapomnienia dziedzictwa zostawianego przez odchodz\u0105ce pokolenia.<\/p>\n\n\n\n<p>Kolejnym prelegentem by\u0142 Cezariusz Lesisz \u2013 najm\u0142odszy cz\u0142onek Rady Solidarno\u015bci Walcz\u0105cej. Wspomina\u0142 swoje zaanga\u017cowanie w dzia\u0142alno\u015b\u0107 SW od \u015bwitu do nocy. Przypadek sprawi\u0142, \u017ce stan wojenny wybuch\u0142, gdy by\u0142 na urlopie dzieka\u0144skim, dzi\u0119ki czemu m\u00f3g\u0142 knuciu po\u015bwi\u0119ci\u0107 si\u0119 bez reszty. Czarek po\u0142o\u017cy\u0142 nacisk na etos cz\u0142onk\u00f3w Solidarno\u015bci Walcz\u0105cej oraz na to, \u017ce mimo rozwi\u0105zania organizacji, przysi\u0119ga nie przesta\u0142a obowi\u0105zywa\u0107. Wszyscy cz\u0142onkowie Solidarno\u015bci Walcz\u0105cej nadal powinni anga\u017cowa\u0107 si\u0119 w prac\u0119 dla dobra Ojczyzny w duchu roty przysi\u0119gi.<\/p>\n\n\n\n<p>Techniczn\u0105 obs\u0142ug\u0119 wydarzenia zapewni\u0142 Mateusz Jerzma\u0144ski, kt\u00f3ry obs\u0142ugiwa\u0142 kamery, nag\u0142o\u015bnienie oraz po\u0142\u0105czenie internetowe z USA. Zabra\u0142 te\u017c g\u0142os zapowiadaj\u0105c nowe dzia\u0142ania Instytutu Kornela Morawieckiego na polu gromadzenia zdigitalizowanych archiwali\u00f3w.<\/p>\n\n\n\n<p>Na koniec konferencji wywi\u0105za\u0142a si\u0119 kr\u00f3tka dyskusja, po kt\u00f3rej uczestnicy przy akompaniamencie gitary od\u015bpiewali pie\u015b\u0144 <em>Z dawna Polski ty\u015b kr\u00f3low\u0105, Maryjo<\/em>. Ws\u0142uchuj\u0105c si\u0119 w strofy tej pie\u015bni trudno si\u0119 dziwi\u0107, \u017ce ceni\u0142 j\u0105 bardzo przyw\u00f3dca Solidarno\u015bci Walcz\u0105cej. \u201eWe\u017a w opiek\u0119 nar\u00f3d ca\u0142y, kt\u00f3ry \u017cyje dla Twej chwa\u0142y, niech rozwija si\u0119 wspania\u0142y, Maryjo\u201d.<\/p>\n\n\n\n<p><strong>II konferencja \u201eMy\u015ble\u0107 po polsku\u201d potwierdzi\u0142a nasz\u0105 wol\u0119 uczynienia z niej wydarzenia cyklicznego. Okaza\u0142o si\u0119 te\u017c, \u017ce w wyst\u0105pieniach i dyskusjach pojawiaj\u0105 si\u0119 coraz to nowe, interesuj\u0105ce w\u0105tki, warte rozwini\u0119cia. Materia\u0142u na nast\u0119pn\u0105 i kolejne konferencje na pewno nie zabraknie.<\/strong><\/p>\n","protected":false},"excerpt":{"rendered":"<p>W sobot\u011915 listopada 2025 roku we wroc\u0142awskim Ossolineum odby\u0142a si\u0119 druga konferencja \u201eMy\u015ble\u0107 po polsku\u201d po\u015bwi\u0119cona dziedzictwu Kornela Morawieckiego. Tytu\u0142 tej edycji brzmia\u0142: \u201eDuch i charakter Solidarno\u015bci Walcz\u0105cej\u201d. Wydarzenie rozpocz\u0119\u0142a Marta Morawiecka. Powita\u0142a uczestnik\u00f3w, a szczeg\u00f3lnie tych, kt\u00f3rzy zgodzili si\u0119 podzieli\u0107 si\u0119 swoimi refleksjami i wspomnieniami. Po prezentacji panelist\u00f3w i kr\u00f3tkim wst\u0119pie zawieraj\u0105cym wybrane my\u015bli&hellip; <a class=\"more-link\" href=\"https:\/\/prawdajestciekawa.pl\/?p=5470\">Czytaj dalej <span class=\"screen-reader-text\">My\u015ble\u0107 po polsku<\/span><\/a><\/p>\n","protected":false},"author":1,"featured_media":5471,"comment_status":"open","ping_status":"open","sticky":false,"template":"","format":"standard","meta":{"footnotes":""},"categories":[401],"tags":[],"class_list":["post-5470","post","type-post","status-publish","format-standard","has-post-thumbnail","hentry","category-nr-75","entry"],"_links":{"self":[{"href":"https:\/\/prawdajestciekawa.pl\/index.php?rest_route=\/wp\/v2\/posts\/5470","targetHints":{"allow":["GET"]}}],"collection":[{"href":"https:\/\/prawdajestciekawa.pl\/index.php?rest_route=\/wp\/v2\/posts"}],"about":[{"href":"https:\/\/prawdajestciekawa.pl\/index.php?rest_route=\/wp\/v2\/types\/post"}],"author":[{"embeddable":true,"href":"https:\/\/prawdajestciekawa.pl\/index.php?rest_route=\/wp\/v2\/users\/1"}],"replies":[{"embeddable":true,"href":"https:\/\/prawdajestciekawa.pl\/index.php?rest_route=%2Fwp%2Fv2%2Fcomments&post=5470"}],"version-history":[{"count":1,"href":"https:\/\/prawdajestciekawa.pl\/index.php?rest_route=\/wp\/v2\/posts\/5470\/revisions"}],"predecessor-version":[{"id":5474,"href":"https:\/\/prawdajestciekawa.pl\/index.php?rest_route=\/wp\/v2\/posts\/5470\/revisions\/5474"}],"wp:featuredmedia":[{"embeddable":true,"href":"https:\/\/prawdajestciekawa.pl\/index.php?rest_route=\/wp\/v2\/media\/5471"}],"wp:attachment":[{"href":"https:\/\/prawdajestciekawa.pl\/index.php?rest_route=%2Fwp%2Fv2%2Fmedia&parent=5470"}],"wp:term":[{"taxonomy":"category","embeddable":true,"href":"https:\/\/prawdajestciekawa.pl\/index.php?rest_route=%2Fwp%2Fv2%2Fcategories&post=5470"},{"taxonomy":"post_tag","embeddable":true,"href":"https:\/\/prawdajestciekawa.pl\/index.php?rest_route=%2Fwp%2Fv2%2Ftags&post=5470"}],"curies":[{"name":"wp","href":"https:\/\/api.w.org\/{rel}","templated":true}]}}