{"id":5076,"date":"2025-09-24T15:35:28","date_gmt":"2025-09-24T13:35:28","guid":{"rendered":"https:\/\/prawdajestciekawa.pl\/?p=5076"},"modified":"2025-10-08T12:21:51","modified_gmt":"2025-10-08T10:21:51","slug":"prawda-jest-ciekawa-nr-71-357","status":"publish","type":"post","link":"https:\/\/prawdajestciekawa.pl\/?p=5076","title":{"rendered":"Prawda jest ciekawa nr 71 (357)"},"content":{"rendered":"<ul class=\"wp-block-latest-posts__list has-author wp-block-latest-posts\"><li><div class=\"wp-block-latest-posts__featured-image aligncenter\"><img loading=\"lazy\" decoding=\"async\" width=\"750\" height=\"563\" src=\"https:\/\/prawdajestciekawa.pl\/wp-content\/uploads\/2025\/09\/f7a53926-0295-4951-97ef-2faf292e93b2-1024x768.jpeg\" class=\"attachment-large size-large wp-post-image\" alt=\"\" style=\"width:100%;height:75%;max-width:1600px;\" srcset=\"https:\/\/prawdajestciekawa.pl\/wp-content\/uploads\/2025\/09\/f7a53926-0295-4951-97ef-2faf292e93b2-1024x768.jpeg 1024w, https:\/\/prawdajestciekawa.pl\/wp-content\/uploads\/2025\/09\/f7a53926-0295-4951-97ef-2faf292e93b2-300x225.jpeg 300w, https:\/\/prawdajestciekawa.pl\/wp-content\/uploads\/2025\/09\/f7a53926-0295-4951-97ef-2faf292e93b2-768x576.jpeg 768w, https:\/\/prawdajestciekawa.pl\/wp-content\/uploads\/2025\/09\/f7a53926-0295-4951-97ef-2faf292e93b2-1536x1152.jpeg 1536w, https:\/\/prawdajestciekawa.pl\/wp-content\/uploads\/2025\/09\/f7a53926-0295-4951-97ef-2faf292e93b2-1568x1176.jpeg 1568w, https:\/\/prawdajestciekawa.pl\/wp-content\/uploads\/2025\/09\/f7a53926-0295-4951-97ef-2faf292e93b2-450x338.jpeg 450w, https:\/\/prawdajestciekawa.pl\/wp-content\/uploads\/2025\/09\/f7a53926-0295-4951-97ef-2faf292e93b2-600x450.jpeg 600w, https:\/\/prawdajestciekawa.pl\/wp-content\/uploads\/2025\/09\/f7a53926-0295-4951-97ef-2faf292e93b2.jpeg 1600w\" sizes=\"auto, (max-width: 750px) 100vw, 750px\" \/><\/div><a class=\"wp-block-latest-posts__post-title\" href=\"https:\/\/prawdajestciekawa.pl\/?p=5073\">Komu droga jest Polska&#8230;<\/a><div class=\"wp-block-latest-posts__post-author\">przez Redakcja PJC<\/div><div class=\"wp-block-latest-posts__post-excerpt\">Nasilaj\u0105cy si\u0119 w PRL w 1986 roku kryzys gospodarczy zmusi\u0142 w\u0142adze komunistyczne do p\u00f3j\u015bcia na ust\u0119pstwa wobec spo\u0142ecze\u0144stwa. W efekcie 11 wrze\u015bnia 1986 roku zostali&hellip; <a class=\"more-link\" href=\"https:\/\/prawdajestciekawa.pl\/?p=5073\">Czytaj dalej <span class=\"screen-reader-text\">Komu droga jest Polska&#8230;<\/span><\/a><\/div><\/li>\n<li><div class=\"wp-block-latest-posts__featured-image aligncenter\"><img loading=\"lazy\" decoding=\"async\" width=\"526\" height=\"526\" src=\"https:\/\/prawdajestciekawa.pl\/wp-content\/uploads\/2025\/09\/K.Turzynski_grafika.jpg\" class=\"attachment-large size-large wp-post-image\" alt=\"\" style=\"width:100%;height:100%;max-width:526px;\" srcset=\"https:\/\/prawdajestciekawa.pl\/wp-content\/uploads\/2025\/09\/K.Turzynski_grafika.jpg 526w, https:\/\/prawdajestciekawa.pl\/wp-content\/uploads\/2025\/09\/K.Turzynski_grafika-300x300.jpg 300w, https:\/\/prawdajestciekawa.pl\/wp-content\/uploads\/2025\/09\/K.Turzynski_grafika-150x150.jpg 150w, https:\/\/prawdajestciekawa.pl\/wp-content\/uploads\/2025\/09\/K.Turzynski_grafika-450x450.jpg 450w, https:\/\/prawdajestciekawa.pl\/wp-content\/uploads\/2025\/09\/K.Turzynski_grafika-100x100.jpg 100w\" sizes=\"auto, (max-width: 526px) 100vw, 526px\" \/><\/div><a class=\"wp-block-latest-posts__post-title\" href=\"https:\/\/prawdajestciekawa.pl\/?p=5070\">Kiedy powsta\u0142a \u201eSolidarno\u015b\u0107\u201d<\/a><div class=\"wp-block-latest-posts__post-author\">przez Konrad J\u00f3zef Turzy\u0144ski<\/div><div class=\"wp-block-latest-posts__post-excerpt\">Co roku mo\u017cna us\u0142ysze\u0107 i przeczyta\u0107, \u017ce 31 sierpnia 1980 roku to dzie\u0144 powstania \u201eSolidarno\u015bci\u201d. To jednak nie jest prawd\u0105. NSZZ \u201eSolidarno\u015b\u0107\u201d powsta\u0142 17 wrze\u015bnia&hellip; <a class=\"more-link\" href=\"https:\/\/prawdajestciekawa.pl\/?p=5070\">Czytaj dalej <span class=\"screen-reader-text\">Kiedy powsta\u0142a \u201eSolidarno\u015b\u0107\u201d<\/span><\/a><\/div><\/li>\n<li><div class=\"wp-block-latest-posts__featured-image aligncenter\"><img loading=\"lazy\" decoding=\"async\" width=\"750\" height=\"563\" src=\"https:\/\/prawdajestciekawa.pl\/wp-content\/uploads\/2025\/09\/P.Gaglik_fragment-starego-miasta-w-Ammanie-1024x768.jpg\" class=\"attachment-large size-large wp-post-image\" alt=\"\" style=\"width:100%;height:75%;max-width:1200px;\" srcset=\"https:\/\/prawdajestciekawa.pl\/wp-content\/uploads\/2025\/09\/P.Gaglik_fragment-starego-miasta-w-Ammanie-1024x768.jpg 1024w, https:\/\/prawdajestciekawa.pl\/wp-content\/uploads\/2025\/09\/P.Gaglik_fragment-starego-miasta-w-Ammanie-300x225.jpg 300w, https:\/\/prawdajestciekawa.pl\/wp-content\/uploads\/2025\/09\/P.Gaglik_fragment-starego-miasta-w-Ammanie-768x576.jpg 768w, https:\/\/prawdajestciekawa.pl\/wp-content\/uploads\/2025\/09\/P.Gaglik_fragment-starego-miasta-w-Ammanie-1536x1152.jpg 1536w, https:\/\/prawdajestciekawa.pl\/wp-content\/uploads\/2025\/09\/P.Gaglik_fragment-starego-miasta-w-Ammanie-2048x1536.jpg 2048w, https:\/\/prawdajestciekawa.pl\/wp-content\/uploads\/2025\/09\/P.Gaglik_fragment-starego-miasta-w-Ammanie-1568x1176.jpg 1568w, https:\/\/prawdajestciekawa.pl\/wp-content\/uploads\/2025\/09\/P.Gaglik_fragment-starego-miasta-w-Ammanie-450x338.jpg 450w, https:\/\/prawdajestciekawa.pl\/wp-content\/uploads\/2025\/09\/P.Gaglik_fragment-starego-miasta-w-Ammanie-600x450.jpg 600w, https:\/\/prawdajestciekawa.pl\/wp-content\/uploads\/2025\/09\/P.Gaglik_fragment-starego-miasta-w-Ammanie-scaled-e1758720167691.jpg 1200w\" sizes=\"auto, (max-width: 750px) 100vw, 750px\" \/><\/div><a class=\"wp-block-latest-posts__post-title\" href=\"https:\/\/prawdajestciekawa.pl\/?p=5066\">Jordania i Palesty\u0144czycy<\/a><div class=\"wp-block-latest-posts__post-author\">przez Piotr Gaglik<\/div><div class=\"wp-block-latest-posts__post-excerpt\">Ponad tydzie\u0144 temu odwiedzi\u0142em Jordani\u0119. Wszyscy m\u00f3wi\u0105 g\u0142o\u015bno lub dyskretnie o dramacie Gazy. \u0141amanie prawa mi\u0119dzynarodowego przez Izrael jest w Jordanii szeroko komentowane. Panuje powszechny&hellip; <a class=\"more-link\" href=\"https:\/\/prawdajestciekawa.pl\/?p=5066\">Czytaj dalej <span class=\"screen-reader-text\">Jordania i Palesty\u0144czycy<\/span><\/a><\/div><\/li>\n<li><div class=\"wp-block-latest-posts__featured-image aligncenter\"><img loading=\"lazy\" decoding=\"async\" width=\"568\" height=\"407\" src=\"https:\/\/prawdajestciekawa.pl\/wp-content\/uploads\/2025\/09\/Gaza1.jpg\" class=\"attachment-large size-large wp-post-image\" alt=\"\" style=\"width:100%;height:71.65%;max-width:568px;\" srcset=\"https:\/\/prawdajestciekawa.pl\/wp-content\/uploads\/2025\/09\/Gaza1.jpg 568w, https:\/\/prawdajestciekawa.pl\/wp-content\/uploads\/2025\/09\/Gaza1-300x215.jpg 300w, https:\/\/prawdajestciekawa.pl\/wp-content\/uploads\/2025\/09\/Gaza1-450x322.jpg 450w\" sizes=\"auto, (max-width: 568px) 100vw, 568px\" \/><\/div><a class=\"wp-block-latest-posts__post-title\" href=\"https:\/\/prawdajestciekawa.pl\/?p=5063\">Dzieci w Gazie i Ziemi \u015awi\u0119tej<\/a><div class=\"wp-block-latest-posts__post-author\">przez Redakcja PJC<\/div><div class=\"wp-block-latest-posts__post-excerpt\">O. Ibrahim Faltas: To trzeci rok bez szko\u0142y w Gazie. Jak b\u0119d\u0105 \u017cy\u0142y te dzieci? 19.09.2025 Tygodnik Solidarno\u015b\u0107 https:\/\/www.tysol.pl\/a146696-o-ibrahim-faltas-to-trzeci-rok-bez-szkoly-w-gazie-jak-beda-zyly-te-dzieci Kieruj\u0105cy szko\u0142ami Kustodii Ziemi \u015awi\u0119tej o.&hellip; <a class=\"more-link\" href=\"https:\/\/prawdajestciekawa.pl\/?p=5063\">Czytaj dalej <span class=\"screen-reader-text\">Dzieci w Gazie i Ziemi \u015awi\u0119tej<\/span><\/a><\/div><\/li>\n<li><div class=\"wp-block-latest-posts__featured-image aligncenter\"><img loading=\"lazy\" decoding=\"async\" width=\"400\" height=\"400\" src=\"https:\/\/prawdajestciekawa.pl\/wp-content\/uploads\/2025\/09\/1b.jpg\" class=\"attachment-large size-large wp-post-image\" alt=\"\" style=\"width:100%;height:100%;max-width:400px;\" srcset=\"https:\/\/prawdajestciekawa.pl\/wp-content\/uploads\/2025\/09\/1b.jpg 400w, https:\/\/prawdajestciekawa.pl\/wp-content\/uploads\/2025\/09\/1b-300x300.jpg 300w, https:\/\/prawdajestciekawa.pl\/wp-content\/uploads\/2025\/09\/1b-150x150.jpg 150w, https:\/\/prawdajestciekawa.pl\/wp-content\/uploads\/2025\/09\/1b-100x100.jpg 100w\" sizes=\"auto, (max-width: 400px) 100vw, 400px\" \/><\/div><a class=\"wp-block-latest-posts__post-title\" href=\"https:\/\/prawdajestciekawa.pl\/?p=5059\">Zamordowana przysz\u0142o\u015b\u0107<\/a><div class=\"wp-block-latest-posts__post-author\">przez Redakcja PJC<\/div><div class=\"wp-block-latest-posts__post-excerpt\">Na kanale Historia Realna ukaza\u0142 si\u0119 komentarz do publikacji holenderskiej gazety de Volkskrant. Artyku\u0142 zatytu\u0142owany What The Wounds Are Telling Us {Co m\u00f3wi\u0105 nam rany)&hellip; <a class=\"more-link\" href=\"https:\/\/prawdajestciekawa.pl\/?p=5059\">Czytaj dalej <span class=\"screen-reader-text\">Zamordowana przysz\u0142o\u015b\u0107<\/span><\/a><\/div><\/li>\n<li><div class=\"wp-block-latest-posts__featured-image aligncenter\"><img loading=\"lazy\" decoding=\"async\" width=\"750\" height=\"498\" src=\"https:\/\/prawdajestciekawa.pl\/wp-content\/uploads\/2025\/09\/M.Bober_1-1024x680.jpg\" class=\"attachment-large size-large wp-post-image\" alt=\"\" style=\"width:100%;height:66.41%;max-width:1170px;\" srcset=\"https:\/\/prawdajestciekawa.pl\/wp-content\/uploads\/2025\/09\/M.Bober_1-1024x680.jpg 1024w, https:\/\/prawdajestciekawa.pl\/wp-content\/uploads\/2025\/09\/M.Bober_1-300x199.jpg 300w, https:\/\/prawdajestciekawa.pl\/wp-content\/uploads\/2025\/09\/M.Bober_1-768x510.jpg 768w, https:\/\/prawdajestciekawa.pl\/wp-content\/uploads\/2025\/09\/M.Bober_1-450x299.jpg 450w, https:\/\/prawdajestciekawa.pl\/wp-content\/uploads\/2025\/09\/M.Bober_1-600x398.jpg 600w, https:\/\/prawdajestciekawa.pl\/wp-content\/uploads\/2025\/09\/M.Bober_1.jpg 1170w\" sizes=\"auto, (max-width: 750px) 100vw, 750px\" \/><\/div><a class=\"wp-block-latest-posts__post-title\" href=\"https:\/\/prawdajestciekawa.pl\/?p=5055\">M\u0119czennik prawdy i wolno\u015bci<\/a><div class=\"wp-block-latest-posts__post-author\">przez Marek Bober<\/div><div class=\"wp-block-latest-posts__post-excerpt\">\u2013 zab\u00f3jstwo Charliego Kirka \u201eKiedy Kirk zak\u0142ada\u0142 TPUSA w 2012 roku, nie przypuszczano, \u017ce konserwatysta b\u0119dzie m\u00f3g\u0142 wej\u015b\u0107 na kampusy uniwersyteckie, te najwy\u017csze bastiony skrajnej&hellip; <a class=\"more-link\" href=\"https:\/\/prawdajestciekawa.pl\/?p=5055\">Czytaj dalej <span class=\"screen-reader-text\">M\u0119czennik prawdy i wolno\u015bci<\/span><\/a><\/div><\/li>\n<li><div class=\"wp-block-latest-posts__featured-image aligncenter\"><img loading=\"lazy\" decoding=\"async\" width=\"750\" height=\"508\" src=\"https:\/\/prawdajestciekawa.pl\/wp-content\/uploads\/2025\/09\/Charlie_3-1024x693.png\" class=\"attachment-large size-large wp-post-image\" alt=\"\" style=\"width:100%;height:67.64%;max-width:1341px;\" srcset=\"https:\/\/prawdajestciekawa.pl\/wp-content\/uploads\/2025\/09\/Charlie_3-1024x693.png 1024w, https:\/\/prawdajestciekawa.pl\/wp-content\/uploads\/2025\/09\/Charlie_3-300x203.png 300w, https:\/\/prawdajestciekawa.pl\/wp-content\/uploads\/2025\/09\/Charlie_3-768x519.png 768w, https:\/\/prawdajestciekawa.pl\/wp-content\/uploads\/2025\/09\/Charlie_3-450x304.png 450w, https:\/\/prawdajestciekawa.pl\/wp-content\/uploads\/2025\/09\/Charlie_3-600x406.png 600w, https:\/\/prawdajestciekawa.pl\/wp-content\/uploads\/2025\/09\/Charlie_3.png 1341w\" sizes=\"auto, (max-width: 750px) 100vw, 750px\" \/><\/div><a class=\"wp-block-latest-posts__post-title\" href=\"https:\/\/prawdajestciekawa.pl\/?p=5052\">Walka duchowa<\/a><div class=\"wp-block-latest-posts__post-author\">przez Redakcja PJC<\/div><div class=\"wp-block-latest-posts__post-excerpt\">Wyst\u0105pienie wdowy po Charliem Kirku. (&#8230;) Dwa dni temu m\u00f3j m\u0105\u017c, Charlie, uda\u0142 si\u0119 na spotkanie ze swoim Zbawicielem i Bogiem. Charlie zawsze powtarza\u0142, \u017ce&hellip; <a class=\"more-link\" href=\"https:\/\/prawdajestciekawa.pl\/?p=5052\">Czytaj dalej <span class=\"screen-reader-text\">Walka duchowa<\/span><\/a><\/div><\/li>\n<li><div class=\"wp-block-latest-posts__featured-image aligncenter\"><img loading=\"lazy\" decoding=\"async\" width=\"635\" height=\"426\" src=\"https:\/\/prawdajestciekawa.pl\/wp-content\/uploads\/2025\/09\/A.Bafalukosz_0.png\" class=\"attachment-large size-large wp-post-image\" alt=\"\" style=\"width:100%;height:67.09%;max-width:635px;\" srcset=\"https:\/\/prawdajestciekawa.pl\/wp-content\/uploads\/2025\/09\/A.Bafalukosz_0.png 635w, https:\/\/prawdajestciekawa.pl\/wp-content\/uploads\/2025\/09\/A.Bafalukosz_0-300x201.png 300w, https:\/\/prawdajestciekawa.pl\/wp-content\/uploads\/2025\/09\/A.Bafalukosz_0-450x302.png 450w, https:\/\/prawdajestciekawa.pl\/wp-content\/uploads\/2025\/09\/A.Bafalukosz_0-600x403.png 600w\" sizes=\"auto, (max-width: 635px) 100vw, 635px\" \/><\/div><a class=\"wp-block-latest-posts__post-title\" href=\"https:\/\/prawdajestciekawa.pl\/?p=5049\">Afrodyta kontra lewactwo<\/a><div class=\"wp-block-latest-posts__post-author\">przez Andrzej Bafalukosz<\/div><div class=\"wp-block-latest-posts__post-excerpt\">Na pocz\u0105tku wrze\u015bnia br. w Palacio de Vistalegre w Madrycie zorganizowana zosta\u0142a konferencja lider\u00f3w prawicowych z Europy i USA. G\u0142\u00f3wnym inicjatorem spotkania by\u0142a hiszpa\u0144ska partia&hellip; <a class=\"more-link\" href=\"https:\/\/prawdajestciekawa.pl\/?p=5049\">Czytaj dalej <span class=\"screen-reader-text\">Afrodyta kontra lewactwo<\/span><\/a><\/div><\/li>\n<li><div class=\"wp-block-latest-posts__featured-image aligncenter\"><img loading=\"lazy\" decoding=\"async\" width=\"750\" height=\"545\" src=\"https:\/\/prawdajestciekawa.pl\/wp-content\/uploads\/2025\/09\/P.Badzio_Mario-Draghi-i-Ursula-von-der-Leyen_fot.-Olivier-Hoslet_PAP_EPA.png\" class=\"attachment-large size-large wp-post-image\" alt=\"\" style=\"width:100%;height:72.71%;max-width:949px;\" srcset=\"https:\/\/prawdajestciekawa.pl\/wp-content\/uploads\/2025\/09\/P.Badzio_Mario-Draghi-i-Ursula-von-der-Leyen_fot.-Olivier-Hoslet_PAP_EPA.png 949w, https:\/\/prawdajestciekawa.pl\/wp-content\/uploads\/2025\/09\/P.Badzio_Mario-Draghi-i-Ursula-von-der-Leyen_fot.-Olivier-Hoslet_PAP_EPA-300x218.png 300w, https:\/\/prawdajestciekawa.pl\/wp-content\/uploads\/2025\/09\/P.Badzio_Mario-Draghi-i-Ursula-von-der-Leyen_fot.-Olivier-Hoslet_PAP_EPA-768x558.png 768w, https:\/\/prawdajestciekawa.pl\/wp-content\/uploads\/2025\/09\/P.Badzio_Mario-Draghi-i-Ursula-von-der-Leyen_fot.-Olivier-Hoslet_PAP_EPA-450x327.png 450w, https:\/\/prawdajestciekawa.pl\/wp-content\/uploads\/2025\/09\/P.Badzio_Mario-Draghi-i-Ursula-von-der-Leyen_fot.-Olivier-Hoslet_PAP_EPA-600x436.png 600w\" sizes=\"auto, (max-width: 750px) 100vw, 750px\" \/><\/div><a class=\"wp-block-latest-posts__post-title\" href=\"https:\/\/prawdajestciekawa.pl\/?p=5046\">Szukanie przyw\u00f3dc\u00f3w<\/a><div class=\"wp-block-latest-posts__post-author\">przez Pawe\u0142 Badzio<\/div><div class=\"wp-block-latest-posts__post-excerpt\">Trudno si\u0119 dziwi\u0107, \u017ce biurokracja w Brukseli pompuje energi\u0119 i pieni\u0105dze w has\u0142a o integracji. Nie wida\u0107 bowiem hase\u0142 innych. Ani, co gorsza, polityk\u00f3w, kt\u00f3rzy&hellip; <a class=\"more-link\" href=\"https:\/\/prawdajestciekawa.pl\/?p=5046\">Czytaj dalej <span class=\"screen-reader-text\">Szukanie przyw\u00f3dc\u00f3w<\/span><\/a><\/div><\/li>\n<li><a class=\"wp-block-latest-posts__post-title\" href=\"https:\/\/prawdajestciekawa.pl\/?p=5044\">Geopolityczna szachownica \u2013 i mi\u0119dzynarodowe szachy b\u0142yskawiczne&#8230;<\/a><div class=\"wp-block-latest-posts__post-author\">przez Ryszard Czarnecki<\/div><div class=\"wp-block-latest-posts__post-excerpt\">Gdy pisa\u0142em jaki\u015b czas temu, \u017ce geopolityka przyspiesza i sytuacja na arenie mi\u0119dzynarodowej robi si\u0119 najbardziej dynamiczna od lat to, prawd\u0119 m\u00f3wi\u0105c nie my\u015bla\u0142em, \u017ce&hellip; <a class=\"more-link\" href=\"https:\/\/prawdajestciekawa.pl\/?p=5044\">Czytaj dalej <span class=\"screen-reader-text\">Geopolityczna szachownica \u2013 i mi\u0119dzynarodowe szachy b\u0142yskawiczne&#8230;<\/span><\/a><\/div><\/li>\n<li><div class=\"wp-block-latest-posts__featured-image aligncenter\"><img loading=\"lazy\" decoding=\"async\" width=\"750\" height=\"420\" src=\"https:\/\/prawdajestciekawa.pl\/wp-content\/uploads\/2025\/09\/W.Zyszkiewicz_ai-generated.jpg\" class=\"attachment-large size-large wp-post-image\" alt=\"\" style=\"width:100%;height:56.04%;max-width:960px;\" srcset=\"https:\/\/prawdajestciekawa.pl\/wp-content\/uploads\/2025\/09\/W.Zyszkiewicz_ai-generated.jpg 960w, https:\/\/prawdajestciekawa.pl\/wp-content\/uploads\/2025\/09\/W.Zyszkiewicz_ai-generated-300x168.jpg 300w, https:\/\/prawdajestciekawa.pl\/wp-content\/uploads\/2025\/09\/W.Zyszkiewicz_ai-generated-768x430.jpg 768w, https:\/\/prawdajestciekawa.pl\/wp-content\/uploads\/2025\/09\/W.Zyszkiewicz_ai-generated-450x252.jpg 450w, https:\/\/prawdajestciekawa.pl\/wp-content\/uploads\/2025\/09\/W.Zyszkiewicz_ai-generated-600x336.jpg 600w\" sizes=\"auto, (max-width: 750px) 100vw, 750px\" \/><\/div><a class=\"wp-block-latest-posts__post-title\" href=\"https:\/\/prawdajestciekawa.pl\/?p=5041\">Niebo nad Polsk\u0105: drony i androny<\/a><div class=\"wp-block-latest-posts__post-author\">przez Waldemar \u017byszkiewicz<\/div><div class=\"wp-block-latest-posts__post-excerpt\">Czas najwy\u017cszy wy\u0142\u0105czy\u0107 niem\u0105dr\u0105 ideologi\u0119, a tak\u017ce bu\u0144czuczn\u0105 propagand\u0119 prowojenn\u0105 i przyj\u0105\u0107 do wiadomo\u015bci niezbite fakty. Ukraina zb\u0119dn\u0105, gdy\u017c nieswoj\u0105 wojn\u0119 przegra\u0142a, bo wygra\u0107 jej&hellip; <a class=\"more-link\" href=\"https:\/\/prawdajestciekawa.pl\/?p=5041\">Czytaj dalej <span class=\"screen-reader-text\">Niebo nad Polsk\u0105: drony i androny<\/span><\/a><\/div><\/li>\n<li><a class=\"wp-block-latest-posts__post-title\" href=\"https:\/\/prawdajestciekawa.pl\/?p=5039\">Ukraina ma swoich bohater\u00f3w<\/a><div class=\"wp-block-latest-posts__post-author\">przez Micha\u0142 Siekierka<\/div><div class=\"wp-block-latest-posts__post-excerpt\">W polskich mediach g\u0142o\u015bno by\u0142o o Dniu Niepodleg\u0142o\u015bci Ukrainy, obchodzonym co roku 24 sierpnia. Droga Ukrainy do suwerenno\u015bci by\u0142a d\u0142uga i skomplikowana. Jej korzenie si\u0119gaj\u0105&hellip; <a class=\"more-link\" href=\"https:\/\/prawdajestciekawa.pl\/?p=5039\">Czytaj dalej <span class=\"screen-reader-text\">Ukraina ma swoich bohater\u00f3w<\/span><\/a><\/div><\/li>\n<li><div class=\"wp-block-latest-posts__featured-image aligncenter\"><img loading=\"lazy\" decoding=\"async\" width=\"750\" height=\"381\" src=\"https:\/\/prawdajestciekawa.pl\/wp-content\/uploads\/2025\/09\/J.Pawlas_1939-defilada-sowiecko-niemiecka.jpeg\" class=\"attachment-large size-large wp-post-image\" alt=\"\" style=\"width:100%;height:50.83%;max-width:840px;\" srcset=\"https:\/\/prawdajestciekawa.pl\/wp-content\/uploads\/2025\/09\/J.Pawlas_1939-defilada-sowiecko-niemiecka.jpeg 840w, https:\/\/prawdajestciekawa.pl\/wp-content\/uploads\/2025\/09\/J.Pawlas_1939-defilada-sowiecko-niemiecka-300x153.jpeg 300w, https:\/\/prawdajestciekawa.pl\/wp-content\/uploads\/2025\/09\/J.Pawlas_1939-defilada-sowiecko-niemiecka-768x390.jpeg 768w, https:\/\/prawdajestciekawa.pl\/wp-content\/uploads\/2025\/09\/J.Pawlas_1939-defilada-sowiecko-niemiecka-450x229.jpeg 450w, https:\/\/prawdajestciekawa.pl\/wp-content\/uploads\/2025\/09\/J.Pawlas_1939-defilada-sowiecko-niemiecka-600x305.jpeg 600w\" sizes=\"auto, (max-width: 750px) 100vw, 750px\" \/><\/div><a class=\"wp-block-latest-posts__post-title\" href=\"https:\/\/prawdajestciekawa.pl\/?p=5031\">Podmiot historii<\/a><div class=\"wp-block-latest-posts__post-author\">przez Jerzy Pawlas<\/div><div class=\"wp-block-latest-posts__post-excerpt\">Nie znaj\u0105c przesz\u0142o\u015bci, nie spos\u00f3b kszta\u0142towa\u0107 przysz\u0142o\u015bci, ale znaj\u0105c zafa\u0142szowan\u0105 histori\u0119, \u0142atwo ukszta\u0142towa\u0107 przysz\u0142o\u015b\u0107 niezgodn\u0105 z racj\u0105 stanu. Co m\u00f3wi\u0107 o jako\u015bci pa\u0144stwa, w kt\u00f3rym&hellip; <a class=\"more-link\" href=\"https:\/\/prawdajestciekawa.pl\/?p=5031\">Czytaj dalej <span class=\"screen-reader-text\">Podmiot historii<\/span><\/a><\/div><\/li>\n<li><div class=\"wp-block-latest-posts__featured-image aligncenter\"><img loading=\"lazy\" decoding=\"async\" width=\"466\" height=\"386\" src=\"https:\/\/prawdajestciekawa.pl\/wp-content\/uploads\/2025\/09\/T.Bialaszczyk_Maksymilian.png\" class=\"attachment-large size-large wp-post-image\" alt=\"\" style=\"width:100%;height:82.83%;max-width:466px;\" srcset=\"https:\/\/prawdajestciekawa.pl\/wp-content\/uploads\/2025\/09\/T.Bialaszczyk_Maksymilian.png 466w, https:\/\/prawdajestciekawa.pl\/wp-content\/uploads\/2025\/09\/T.Bialaszczyk_Maksymilian-300x248.png 300w, https:\/\/prawdajestciekawa.pl\/wp-content\/uploads\/2025\/09\/T.Bialaszczyk_Maksymilian-450x373.png 450w\" sizes=\"auto, (max-width: 466px) 100vw, 466px\" \/><\/div><a class=\"wp-block-latest-posts__post-title\" href=\"https:\/\/prawdajestciekawa.pl\/?p=5035\">Triumf Maksymiliana<\/a><div class=\"wp-block-latest-posts__post-author\">przez Tomasz Bia\u0142aszczyk<\/div><div class=\"wp-block-latest-posts__post-excerpt\">Auschwitz \u2013 miejsce, w kt\u00f3rym mia\u0142o nie by\u0107 Boga. Ile dni mo\u017cna wytrzyma\u0107 w g\u0142odowej celi? Jak b\u0119d\u0105c nagim, g\u0142odnym, poni\u017conym \u2013 wierzy\u0107 i przekazywa\u0107&hellip; <a class=\"more-link\" href=\"https:\/\/prawdajestciekawa.pl\/?p=5035\">Czytaj dalej <span class=\"screen-reader-text\">Triumf Maksymiliana<\/span><\/a><\/div><\/li>\n<li><div class=\"wp-block-latest-posts__featured-image aligncenter\"><img loading=\"lazy\" decoding=\"async\" width=\"750\" height=\"174\" src=\"https:\/\/prawdajestciekawa.pl\/wp-content\/uploads\/2025\/09\/Szkola_wypisz-dziecko-1024x237.jpg\" class=\"attachment-large size-large wp-post-image\" alt=\"\" style=\"width:100%;height:23.18%;max-width:1920px;\" srcset=\"https:\/\/prawdajestciekawa.pl\/wp-content\/uploads\/2025\/09\/Szkola_wypisz-dziecko-1024x237.jpg 1024w, https:\/\/prawdajestciekawa.pl\/wp-content\/uploads\/2025\/09\/Szkola_wypisz-dziecko-300x70.jpg 300w, https:\/\/prawdajestciekawa.pl\/wp-content\/uploads\/2025\/09\/Szkola_wypisz-dziecko-768x178.jpg 768w, https:\/\/prawdajestciekawa.pl\/wp-content\/uploads\/2025\/09\/Szkola_wypisz-dziecko-1536x356.jpg 1536w, https:\/\/prawdajestciekawa.pl\/wp-content\/uploads\/2025\/09\/Szkola_wypisz-dziecko-1568x363.jpg 1568w, https:\/\/prawdajestciekawa.pl\/wp-content\/uploads\/2025\/09\/Szkola_wypisz-dziecko-450x104.jpg 450w, https:\/\/prawdajestciekawa.pl\/wp-content\/uploads\/2025\/09\/Szkola_wypisz-dziecko-600x139.jpg 600w, https:\/\/prawdajestciekawa.pl\/wp-content\/uploads\/2025\/09\/Szkola_wypisz-dziecko.jpg 1920w\" sizes=\"auto, (max-width: 750px) 100vw, 750px\" \/><\/div><a class=\"wp-block-latest-posts__post-title\" href=\"https:\/\/prawdajestciekawa.pl\/?p=5026\">Apel Komisji Wychowania Katolickiego Konferencji Episkopatu Polski w zwi\u0105zku z wprowadzeniem do szk\u00f3\u0142 przedmiotu Edukacja zdrowotna<\/a><div class=\"wp-block-latest-posts__post-author\">przez Redakcja PJC<\/div><div class=\"wp-block-latest-posts__post-excerpt\">Warszawa, dnia 27 sierpnia 2025 roku Drodzy Rodzice, W roku szkolnym 2025\/2026 Waszym dzieciom \u2013 pocz\u0105wszy od klasy IV szko\u0142y podstawowej, a\u017c po klas\u0119 III&hellip; <a class=\"more-link\" href=\"https:\/\/prawdajestciekawa.pl\/?p=5026\">Czytaj dalej <span class=\"screen-reader-text\">Apel Komisji Wychowania Katolickiego Konferencji Episkopatu Polski w zwi\u0105zku z wprowadzeniem do szk\u00f3\u0142 przedmiotu Edukacja zdrowotna<\/span><\/a><\/div><\/li>\n<li><div class=\"wp-block-latest-posts__featured-image aligncenter\"><img loading=\"lazy\" decoding=\"async\" width=\"750\" height=\"500\" src=\"https:\/\/prawdajestciekawa.pl\/wp-content\/uploads\/2025\/09\/S.Bogaczewicz__1440378_-1024x683.jpg\" class=\"attachment-large size-large wp-post-image\" alt=\"\" style=\"width:100%;height:66.67%;max-width:1350px;\" srcset=\"https:\/\/prawdajestciekawa.pl\/wp-content\/uploads\/2025\/09\/S.Bogaczewicz__1440378_-1024x683.jpg 1024w, https:\/\/prawdajestciekawa.pl\/wp-content\/uploads\/2025\/09\/S.Bogaczewicz__1440378_-300x200.jpg 300w, https:\/\/prawdajestciekawa.pl\/wp-content\/uploads\/2025\/09\/S.Bogaczewicz__1440378_-768x512.jpg 768w, https:\/\/prawdajestciekawa.pl\/wp-content\/uploads\/2025\/09\/S.Bogaczewicz__1440378_-1536x1024.jpg 1536w, https:\/\/prawdajestciekawa.pl\/wp-content\/uploads\/2025\/09\/S.Bogaczewicz__1440378_-2048x1365.jpg 2048w, https:\/\/prawdajestciekawa.pl\/wp-content\/uploads\/2025\/09\/S.Bogaczewicz__1440378_-1568x1045.jpg 1568w, https:\/\/prawdajestciekawa.pl\/wp-content\/uploads\/2025\/09\/S.Bogaczewicz__1440378_-450x300.jpg 450w, https:\/\/prawdajestciekawa.pl\/wp-content\/uploads\/2025\/09\/S.Bogaczewicz__1440378_-600x400.jpg 600w, https:\/\/prawdajestciekawa.pl\/wp-content\/uploads\/2025\/09\/S.Bogaczewicz__1440378_-scaled-e1758718516487.jpg 1350w\" sizes=\"auto, (max-width: 750px) 100vw, 750px\" \/><\/div><a class=\"wp-block-latest-posts__post-title\" href=\"https:\/\/prawdajestciekawa.pl\/?p=5022\">\u201eJedyna\u201d \u2013 rzecz o dziejach \u017cycia i dzie\u0142ach Karoliny Lanckoro\u0144skiej<\/a><div class=\"wp-block-latest-posts__post-author\">przez dr Stanis\u0142aw A. Bogaczewicz<\/div><div class=\"wp-block-latest-posts__post-excerpt\">Od maja 2016 roku w jednej z pi\u0119kniejszych kamienic wroc\u0142awskiego Rynku funkcjonuje najnowocze\u015bniejsza cz\u0119\u015b\u0107 Ossolineum \u2013 Muzeum Pana Tadeusza \u2013 prezentuj\u0105ca zbiory Zak\u0142adu na bogatym&hellip; <a class=\"more-link\" href=\"https:\/\/prawdajestciekawa.pl\/?p=5022\">Czytaj dalej <span class=\"screen-reader-text\">\u201eJedyna\u201d \u2013 rzecz o dziejach \u017cycia i dzie\u0142ach Karoliny Lanckoro\u0144skiej<\/span><\/a><\/div><\/li>\n<li><div class=\"wp-block-latest-posts__featured-image aligncenter\"><img loading=\"lazy\" decoding=\"async\" width=\"750\" height=\"460\" src=\"https:\/\/prawdajestciekawa.pl\/wp-content\/uploads\/2025\/09\/A.Manasterski_ks.-Antoni-Ludwiczak-1024x628.jpg\" class=\"attachment-large size-large wp-post-image\" alt=\"\" style=\"width:100%;height:61.3%;max-width:1801px;\" srcset=\"https:\/\/prawdajestciekawa.pl\/wp-content\/uploads\/2025\/09\/A.Manasterski_ks.-Antoni-Ludwiczak-1024x628.jpg 1024w, https:\/\/prawdajestciekawa.pl\/wp-content\/uploads\/2025\/09\/A.Manasterski_ks.-Antoni-Ludwiczak-300x184.jpg 300w, https:\/\/prawdajestciekawa.pl\/wp-content\/uploads\/2025\/09\/A.Manasterski_ks.-Antoni-Ludwiczak-768x471.jpg 768w, https:\/\/prawdajestciekawa.pl\/wp-content\/uploads\/2025\/09\/A.Manasterski_ks.-Antoni-Ludwiczak-1536x942.jpg 1536w, https:\/\/prawdajestciekawa.pl\/wp-content\/uploads\/2025\/09\/A.Manasterski_ks.-Antoni-Ludwiczak-1568x961.jpg 1568w, https:\/\/prawdajestciekawa.pl\/wp-content\/uploads\/2025\/09\/A.Manasterski_ks.-Antoni-Ludwiczak-450x276.jpg 450w, https:\/\/prawdajestciekawa.pl\/wp-content\/uploads\/2025\/09\/A.Manasterski_ks.-Antoni-Ludwiczak-600x368.jpg 600w, https:\/\/prawdajestciekawa.pl\/wp-content\/uploads\/2025\/09\/A.Manasterski_ks.-Antoni-Ludwiczak.jpg 1801w\" sizes=\"auto, (max-width: 750px) 100vw, 750px\" \/><\/div><a class=\"wp-block-latest-posts__post-title\" href=\"https:\/\/prawdajestciekawa.pl\/?p=5016\">\u201eWarmia polsk\u0105 b\u0119dzie!\u201d<\/a><div class=\"wp-block-latest-posts__post-author\">przez Andrzej Manasterski<\/div><div class=\"wp-block-latest-posts__post-excerpt\">Ksi\u0105dz Robert Bilitewski (1859-1935) w czasie plebiscytu na Warmii w lipcu 1920 roku, napisa\u0142 s\u0142owa na melodi\u0119 hymnu Mazurka D\u0105browskiego: \u201eJeszcze Warmia nie zgin\u0119\u0142a, p\u00f3ki&hellip; <a class=\"more-link\" href=\"https:\/\/prawdajestciekawa.pl\/?p=5016\">Czytaj dalej <span class=\"screen-reader-text\">\u201eWarmia polsk\u0105 b\u0119dzie!\u201d<\/span><\/a><\/div><\/li>\n<li><div class=\"wp-block-latest-posts__featured-image aligncenter\"><img loading=\"lazy\" decoding=\"async\" width=\"750\" height=\"563\" src=\"https:\/\/prawdajestciekawa.pl\/wp-content\/uploads\/2025\/09\/Sankowski-1024x768.jpg\" class=\"attachment-large size-large wp-post-image\" alt=\"\" style=\"width:100%;height:75%;max-width:1600px;\" srcset=\"https:\/\/prawdajestciekawa.pl\/wp-content\/uploads\/2025\/09\/Sankowski-1024x768.jpg 1024w, https:\/\/prawdajestciekawa.pl\/wp-content\/uploads\/2025\/09\/Sankowski-300x225.jpg 300w, https:\/\/prawdajestciekawa.pl\/wp-content\/uploads\/2025\/09\/Sankowski-768x576.jpg 768w, https:\/\/prawdajestciekawa.pl\/wp-content\/uploads\/2025\/09\/Sankowski-1536x1152.jpg 1536w, https:\/\/prawdajestciekawa.pl\/wp-content\/uploads\/2025\/09\/Sankowski-1568x1176.jpg 1568w, https:\/\/prawdajestciekawa.pl\/wp-content\/uploads\/2025\/09\/Sankowski-450x338.jpg 450w, https:\/\/prawdajestciekawa.pl\/wp-content\/uploads\/2025\/09\/Sankowski-600x450.jpg 600w, https:\/\/prawdajestciekawa.pl\/wp-content\/uploads\/2025\/09\/Sankowski.jpg 1600w\" sizes=\"auto, (max-width: 750px) 100vw, 750px\" \/><\/div><a class=\"wp-block-latest-posts__post-title\" href=\"https:\/\/prawdajestciekawa.pl\/?p=5013\">Sztuczna inteligencja w akcji<\/a><div class=\"wp-block-latest-posts__post-author\">przez Redakcja PJC<\/div><div class=\"wp-block-latest-posts__post-excerpt\">34. Forum Ekonomiczne w Karpaczu Z prof. Piotrem Sankowskim, informatykiem, dyrektorem Instytutu Badawczego IDEAS rozmawia Marcin Maj-Sawicki Panie profesorze, polskie media cytuj\u0105 Pana zdanie, \u017ce&hellip; <a class=\"more-link\" href=\"https:\/\/prawdajestciekawa.pl\/?p=5013\">Czytaj dalej <span class=\"screen-reader-text\">Sztuczna inteligencja w akcji<\/span><\/a><\/div><\/li>\n<li><div class=\"wp-block-latest-posts__featured-image aligncenter\"><img loading=\"lazy\" decoding=\"async\" width=\"668\" height=\"1024\" src=\"https:\/\/prawdajestciekawa.pl\/wp-content\/uploads\/2025\/09\/Popieluszko-i-pies-668x1024.jpg\" class=\"attachment-large size-large wp-post-image\" alt=\"\" style=\"width:100%;height:153.35%;max-width:926px;\" srcset=\"https:\/\/prawdajestciekawa.pl\/wp-content\/uploads\/2025\/09\/Popieluszko-i-pies-668x1024.jpg 668w, https:\/\/prawdajestciekawa.pl\/wp-content\/uploads\/2025\/09\/Popieluszko-i-pies-196x300.jpg 196w, https:\/\/prawdajestciekawa.pl\/wp-content\/uploads\/2025\/09\/Popieluszko-i-pies-768x1178.jpg 768w, https:\/\/prawdajestciekawa.pl\/wp-content\/uploads\/2025\/09\/Popieluszko-i-pies-450x690.jpg 450w, https:\/\/prawdajestciekawa.pl\/wp-content\/uploads\/2025\/09\/Popieluszko-i-pies-600x920.jpg 600w, https:\/\/prawdajestciekawa.pl\/wp-content\/uploads\/2025\/09\/Popieluszko-i-pies.jpg 926w\" sizes=\"auto, (max-width: 668px) 100vw, 668px\" \/><\/div><a class=\"wp-block-latest-posts__post-title\" href=\"https:\/\/prawdajestciekawa.pl\/?p=5010\">Cytat<\/a><div class=\"wp-block-latest-posts__post-author\">przez Redakcja PJC<\/div><div class=\"wp-block-latest-posts__post-excerpt\">\u201eMo\u017ce jeszcze do skuteczno\u015bci ofiarnego kielicha Narodu potrzeba wi\u0119cej naszego osobistego zaanga\u017cowania. Mo\u017ce jeszcze za ma\u0142o naszych dobrowolnych wyrzecze\u0144, za ma\u0142o czysto ludzkiej solidarno\u015bci. Za&hellip; <a class=\"more-link\" href=\"https:\/\/prawdajestciekawa.pl\/?p=5010\">Czytaj dalej <span class=\"screen-reader-text\">Cytat<\/span><\/a><\/div><\/li>\n<li><div class=\"wp-block-latest-posts__featured-image aligncenter\"><img loading=\"lazy\" decoding=\"async\" width=\"750\" height=\"422\" src=\"https:\/\/prawdajestciekawa.pl\/wp-content\/uploads\/2025\/09\/Z.Makarewicz_Wejscie-do-Domu-Edyty-Stein.png\" class=\"attachment-large size-large wp-post-image\" alt=\"\" style=\"width:100%;height:56.25%;max-width:1024px;\" srcset=\"https:\/\/prawdajestciekawa.pl\/wp-content\/uploads\/2025\/09\/Z.Makarewicz_Wejscie-do-Domu-Edyty-Stein.png 1024w, https:\/\/prawdajestciekawa.pl\/wp-content\/uploads\/2025\/09\/Z.Makarewicz_Wejscie-do-Domu-Edyty-Stein-300x169.png 300w, https:\/\/prawdajestciekawa.pl\/wp-content\/uploads\/2025\/09\/Z.Makarewicz_Wejscie-do-Domu-Edyty-Stein-768x432.png 768w, https:\/\/prawdajestciekawa.pl\/wp-content\/uploads\/2025\/09\/Z.Makarewicz_Wejscie-do-Domu-Edyty-Stein-450x253.png 450w, https:\/\/prawdajestciekawa.pl\/wp-content\/uploads\/2025\/09\/Z.Makarewicz_Wejscie-do-Domu-Edyty-Stein-600x338.png 600w\" sizes=\"auto, (max-width: 750px) 100vw, 750px\" \/><\/div><a class=\"wp-block-latest-posts__post-title\" href=\"https:\/\/prawdajestciekawa.pl\/?p=5004\">Krzy\u017c \u2013 Crux<\/a><div class=\"wp-block-latest-posts__post-author\">przez Zbigniew Makarewicz<\/div><div class=\"wp-block-latest-posts__post-excerpt\">Wystawa i refleksja w Domu Edyty Stein W \u015bwi\u0119to Podwy\u017cszenia Krzy\u017ca \u015awi\u0119tego w Ko\u015bciele Katolickim 14 wrze\u015bnia br. we Wroc\u0142awiu w Domu Edyty Stein pani&hellip; <a class=\"more-link\" href=\"https:\/\/prawdajestciekawa.pl\/?p=5004\">Czytaj dalej <span class=\"screen-reader-text\">Krzy\u017c \u2013 Crux<\/span><\/a><\/div><\/li>\n<li><div class=\"wp-block-latest-posts__featured-image aligncenter\"><img loading=\"lazy\" decoding=\"async\" width=\"750\" height=\"1000\" src=\"https:\/\/prawdajestciekawa.pl\/wp-content\/uploads\/2025\/09\/S.Srokowski_KALINA-SOKOLNICKA-768x1024.jpg\" class=\"attachment-large size-large wp-post-image\" alt=\"\" style=\"width:100%;height:133.33%;max-width:900px;\" srcset=\"https:\/\/prawdajestciekawa.pl\/wp-content\/uploads\/2025\/09\/S.Srokowski_KALINA-SOKOLNICKA-768x1024.jpg 768w, https:\/\/prawdajestciekawa.pl\/wp-content\/uploads\/2025\/09\/S.Srokowski_KALINA-SOKOLNICKA-225x300.jpg 225w, https:\/\/prawdajestciekawa.pl\/wp-content\/uploads\/2025\/09\/S.Srokowski_KALINA-SOKOLNICKA-1152x1536.jpg 1152w, https:\/\/prawdajestciekawa.pl\/wp-content\/uploads\/2025\/09\/S.Srokowski_KALINA-SOKOLNICKA-450x600.jpg 450w, https:\/\/prawdajestciekawa.pl\/wp-content\/uploads\/2025\/09\/S.Srokowski_KALINA-SOKOLNICKA-600x800.jpg 600w, https:\/\/prawdajestciekawa.pl\/wp-content\/uploads\/2025\/09\/S.Srokowski_KALINA-SOKOLNICKA-e1758717657969.jpg 900w\" sizes=\"auto, (max-width: 750px) 100vw, 750px\" \/><\/div><a class=\"wp-block-latest-posts__post-title\" href=\"https:\/\/prawdajestciekawa.pl\/?p=5001\">KALINA SOKOLNICKA<\/a><div class=\"wp-block-latest-posts__post-author\">przez Stanis\u0142aw Srokowski<\/div><div class=\"wp-block-latest-posts__post-excerpt\">Laureatka III nagrody w naszym konkursie w dziedzinie prozy. Jej nowe opowiadania wymykaj\u0105 si\u0119 jednoznacznej definicji. To opowie\u015bci pe\u0142ne paradoksu i \u015bwiadomych, absurdalnych skojarze\u0144. Brzmi\u0105&hellip; <a class=\"more-link\" href=\"https:\/\/prawdajestciekawa.pl\/?p=5001\">Czytaj dalej <span class=\"screen-reader-text\">KALINA SOKOLNICKA<\/span><\/a><\/div><\/li>\n<li><div class=\"wp-block-latest-posts__featured-image aligncenter\"><img loading=\"lazy\" decoding=\"async\" width=\"750\" height=\"422\" src=\"https:\/\/prawdajestciekawa.pl\/wp-content\/uploads\/2025\/09\/H.Fastnacht_Pomrowy_1-1024x576.jpg\" class=\"attachment-large size-large wp-post-image\" alt=\"\" style=\"width:100%;height:56.25%;max-width:1600px;\" srcset=\"https:\/\/prawdajestciekawa.pl\/wp-content\/uploads\/2025\/09\/H.Fastnacht_Pomrowy_1-1024x576.jpg 1024w, https:\/\/prawdajestciekawa.pl\/wp-content\/uploads\/2025\/09\/H.Fastnacht_Pomrowy_1-300x169.jpg 300w, https:\/\/prawdajestciekawa.pl\/wp-content\/uploads\/2025\/09\/H.Fastnacht_Pomrowy_1-768x432.jpg 768w, https:\/\/prawdajestciekawa.pl\/wp-content\/uploads\/2025\/09\/H.Fastnacht_Pomrowy_1-1536x864.jpg 1536w, https:\/\/prawdajestciekawa.pl\/wp-content\/uploads\/2025\/09\/H.Fastnacht_Pomrowy_1-1568x882.jpg 1568w, https:\/\/prawdajestciekawa.pl\/wp-content\/uploads\/2025\/09\/H.Fastnacht_Pomrowy_1-450x253.jpg 450w, https:\/\/prawdajestciekawa.pl\/wp-content\/uploads\/2025\/09\/H.Fastnacht_Pomrowy_1-600x338.jpg 600w, https:\/\/prawdajestciekawa.pl\/wp-content\/uploads\/2025\/09\/H.Fastnacht_Pomrowy_1.jpg 1600w\" sizes=\"auto, (max-width: 750px) 100vw, 750px\" \/><\/div><a class=\"wp-block-latest-posts__post-title\" href=\"https:\/\/prawdajestciekawa.pl\/?p=4998\">Pomrowobranie<\/a><div class=\"wp-block-latest-posts__post-author\">przez Anna Fastnacht-Stupnicka<\/div><div class=\"wp-block-latest-posts__post-excerpt\">Ogrodowo Radzi\u0142am niedawno, by zwr\u00f3ci\u0107 uwag\u0119 na bukszpany, poniewa\u017c w sierpniu ponownie pojawiaj\u0105 si\u0119 g\u0105sienice \u0107my bukszpanowej, tymczasem sama przegapi\u0142am moment ich letniej inwazji. Kilka&hellip; <a class=\"more-link\" href=\"https:\/\/prawdajestciekawa.pl\/?p=4998\">Czytaj dalej <span class=\"screen-reader-text\">Pomrowobranie<\/span><\/a><\/div><\/li>\n<\/ul>","protected":false},"excerpt":{"rendered":"","protected":false},"author":1,"featured_media":5077,"comment_status":"open","ping_status":"open","sticky":false,"template":"","format":"standard","meta":{"footnotes":""},"categories":[204],"tags":[],"class_list":["post-5076","post","type-post","status-publish","format-standard","has-post-thumbnail","hentry","category-prawda-jest-ciekawa","entry"],"_links":{"self":[{"href":"https:\/\/prawdajestciekawa.pl\/index.php?rest_route=\/wp\/v2\/posts\/5076","targetHints":{"allow":["GET"]}}],"collection":[{"href":"https:\/\/prawdajestciekawa.pl\/index.php?rest_route=\/wp\/v2\/posts"}],"about":[{"href":"https:\/\/prawdajestciekawa.pl\/index.php?rest_route=\/wp\/v2\/types\/post"}],"author":[{"embeddable":true,"href":"https:\/\/prawdajestciekawa.pl\/index.php?rest_route=\/wp\/v2\/users\/1"}],"replies":[{"embeddable":true,"href":"https:\/\/prawdajestciekawa.pl\/index.php?rest_route=%2Fwp%2Fv2%2Fcomments&post=5076"}],"version-history":[{"count":1,"href":"https:\/\/prawdajestciekawa.pl\/index.php?rest_route=\/wp\/v2\/posts\/5076\/revisions"}],"predecessor-version":[{"id":5078,"href":"https:\/\/prawdajestciekawa.pl\/index.php?rest_route=\/wp\/v2\/posts\/5076\/revisions\/5078"}],"wp:featuredmedia":[{"embeddable":true,"href":"https:\/\/prawdajestciekawa.pl\/index.php?rest_route=\/wp\/v2\/media\/5077"}],"wp:attachment":[{"href":"https:\/\/prawdajestciekawa.pl\/index.php?rest_route=%2Fwp%2Fv2%2Fmedia&parent=5076"}],"wp:term":[{"taxonomy":"category","embeddable":true,"href":"https:\/\/prawdajestciekawa.pl\/index.php?rest_route=%2Fwp%2Fv2%2Fcategories&post=5076"},{"taxonomy":"post_tag","embeddable":true,"href":"https:\/\/prawdajestciekawa.pl\/index.php?rest_route=%2Fwp%2Fv2%2Ftags&post=5076"}],"curies":[{"name":"wp","href":"https:\/\/api.w.org\/{rel}","templated":true}]}}